{"id":1244,"date":"2013-01-25T10:49:49","date_gmt":"2013-01-25T10:49:49","guid":{"rendered":"http:\/\/www.sogimifi.dns-privadas.es\/?p=1244"},"modified":"2013-01-25T10:49:49","modified_gmt":"2013-01-25T10:49:49","slug":"qnew-orleans-new-yorkq-de-jazzy-leap-en-ansoain","status":"publish","type":"post","link":"http:\/\/coraldecamaradenavarra.com\/?p=1244&lang=es","title":{"rendered":"\u00abNEW ORLEANS-NEW YORK\u00bb, DE JAZZY LEAP. EN ANSO\u00c1IN"},"content":{"rendered":"<h1>NEW ORLEANS-NEW YORK, DE JAZZY LEAP, EN ANSO\u00c1IN<br \/><\/h1>\n<p>Esta tarde, la secci\u00f3n de jazz y m\u00fasica moderna de la CCN\/NGA presentar\u00e1n el espect\u00e1culo que vi\u00f3 la luz el pasado 21 de diciembre en la Sala de C\u00e1mara del Auditorio Baluarte de Pamplona. En esta ocasi\u00f3n, la formaci\u00f3n dirigida por Andoni Arcilla, lo har\u00e1 en un formato m\u00e1s ac\u00fastico con piano, coro y solistas.<\/p>\n<p>  <!--more-->  <\/p>\n<p><\/p>\n<p><img decoding=\"async\" src=\"http:\/\/www.sogimifi.dns-privadas.es\/wp-content\/uploads\/2013\/01\/seccion_jazz1.jpg\" mce_src=\"http:\/\/www.sogimifi.dns-privadas.es\/wp-content\/uploads\/2013\/01\/seccion_jazz1.jpg\" style=\"margin: 25px; float: right;\" mce_style=\"margin: 25px; float: right;\" border=\"0\" width=\"600\"><\/p>\n<p>Jazzy Leap no para, y en apenas una semanas nos va a ofrecer dos espect\u00e1culos diferentes. Su exitoso The Swing, estrenado en el Auditorio Civivox Iturrama el pasado mes de noviembre, se podr\u00e1 disfrutar en el Auditorio de Bara\u00f1ain el pr\u00f3ximo viernes 1 de febrero.  Pero antes de esa cita, la secci\u00f3n de Jazz de la Coral de C\u00e1mara de Navarra vuelve con la fuerza con la que dejo 2012 con su espect\u00e1culo titulado \u00abNew Orleans-New York\u00bb. El conjunto dirigido por Andoni Arcilla, afrontar\u00e1 el programa de una manera m\u00e1s ac\u00fastica, sin banda, en una velada intimista pero con un interesante recorrido por los estilos primerizos del jazz con un formato de piano, solistas y coro. La cita, en el teatro Municipal de Anso\u00e1in- <\/p>\n<p><\/p>\n<p> En definitiva, la CCN\/NGA nuevamente presenta un concierto poco usual, y que pocas entidades pueden acometer actualmente en nuestro pa\u00eds. \u00a1\u00a1TODA UNA EXPERIENCIA!!  <\/p>\n<p>Viernes 25 de enero <\/p>\n<p>Lugar: Teatro Municipal de Anso\u00e1in <\/p>\n<p>Hora: 20:00 horas <\/p>\n<p>Duraci\u00f3n: 65 minutos <\/p>\n<p>Entrada: 4&#8217;70 euros entrada general.   <\/p>\n<p><b><b>Para m\u00e1s informaci\u00f3n puedes descargarte el dossier de prensa que incluye el programa de concierto, int\u00e9rpretes etc. pinchando en los pdf.   <\/b><\/b><\/p>\n<p><b><b><br \/> <a href=\"http:\/\/www.sogimifi.dns-privadas.es\/wp-content\/uploads\/2013\/01\/dossierjazzyanso.pdf\" mce_href=\"http:\/\/www.sogimifi.dns-privadas.es\/wp-content\/uploads\/2013\/01\/dossierjazzyanso.pdf\" target=\"_blank\"><img decoding=\"async\" src=\"http:\/\/www.sogimifi.dns-privadas.es\/wp-content\/uploads\/2008\/08\/pdf.png\" mce_src=\"http:\/\/www.sogimifi.dns-privadas.es\/wp-content\/uploads\/2008\/08\/pdf.png\" alt=\"icono pdf\" style=\"margin-bottom: 20px;\" mce_style=\"margin-bottom: 20px;\" border=\"0\"><\/a> <br \/> <a target=\"_blank\">DOSSIER DE PRENSA<br \/><\/a><\/b>   <\/b><\/p>\n<p><b><i>23 de enero de 2013<\/i><\/b><\/p>\n","protected":false},"excerpt":{"rendered":"<p>NEW ORLEANS-NEW YORK, DE JAZZY LEAP, EN ANSO\u00c1IN Esta tarde, la secci\u00f3n de jazz y m\u00fasica moderna de la CCN\/NGA presentar\u00e1n el espect\u00e1culo que vi\u00f3 la luz el pasado 21 de diciembre en la Sala de C\u00e1mara del Auditorio Baluarte de Pamplona. En esta ocasi\u00f3n, la formaci\u00f3n dirigida por Andoni Arcilla, lo har\u00e1 en un formato m\u00e1s ac\u00fastico con piano,<\/p>\n","protected":false},"author":1,"featured_media":1242,"comment_status":"open","ping_status":"open","sticky":false,"template":"","format":"standard","meta":[],"categories":[44],"tags":[],"_links":{"self":[{"href":"http:\/\/coraldecamaradenavarra.com\/index.php?rest_route=\/wp\/v2\/posts\/1244"}],"collection":[{"href":"http:\/\/coraldecamaradenavarra.com\/index.php?rest_route=\/wp\/v2\/posts"}],"about":[{"href":"http:\/\/coraldecamaradenavarra.com\/index.php?rest_route=\/wp\/v2\/types\/post"}],"author":[{"embeddable":true,"href":"http:\/\/coraldecamaradenavarra.com\/index.php?rest_route=\/wp\/v2\/users\/1"}],"replies":[{"embeddable":true,"href":"http:\/\/coraldecamaradenavarra.com\/index.php?rest_route=%2Fwp%2Fv2%2Fcomments&post=1244"}],"version-history":[{"count":0,"href":"http:\/\/coraldecamaradenavarra.com\/index.php?rest_route=\/wp\/v2\/posts\/1244\/revisions"}],"wp:featuredmedia":[{"embeddable":true,"href":"http:\/\/coraldecamaradenavarra.com\/index.php?rest_route=\/wp\/v2\/media\/1242"}],"wp:attachment":[{"href":"http:\/\/coraldecamaradenavarra.com\/index.php?rest_route=%2Fwp%2Fv2%2Fmedia&parent=1244"}],"wp:term":[{"taxonomy":"category","embeddable":true,"href":"http:\/\/coraldecamaradenavarra.com\/index.php?rest_route=%2Fwp%2Fv2%2Fcategories&post=1244"},{"taxonomy":"post_tag","embeddable":true,"href":"http:\/\/coraldecamaradenavarra.com\/index.php?rest_route=%2Fwp%2Fv2%2Ftags&post=1244"}],"curies":[{"name":"wp","href":"https:\/\/api.w.org\/{rel}","templated":true}]}}