{"id":1241,"date":"2013-01-15T00:19:18","date_gmt":"2013-01-15T00:19:18","guid":{"rendered":"http:\/\/www.sogimifi.dns-privadas.es\/?p=1241"},"modified":"2013-01-15T00:19:18","modified_gmt":"2013-01-15T00:19:18","slug":"critica-en-diverdi","status":"publish","type":"post","link":"http:\/\/coraldecamaradenavarra.com\/?p=1241&lang=es","title":{"rendered":"CR\u00cdTICA EN DIVERDI"},"content":{"rendered":"<h1>CR\u00cdTICA EN DIVERDI<br \/><\/h1>\n<p>La prestigiosa revista Diverdi, en su n\u00famero de enero, dedica unas p\u00e1ginas a la discogr\u00e1fica ARSIS y a su apuesta por la tecnolog\u00eda GPD. En el art\u00edculo incluye una cr\u00edtica del proyecto discogr\u00e1fico de Gorriti grabado por la CCN\/NGA.<\/p>\n<p>  <!--more-->  <\/p>\n<p><\/p>\n<p><img decoding=\"async\" src=\"http:\/\/www.sogimifi.dns-privadas.es\/wp-content\/uploads\/2012\/09\/portada.jpg\" mce_src=\"http:\/\/www.sogimifi.dns-privadas.es\/wp-content\/uploads\/2012\/09\/portada.jpg\" style=\"margin: 25px; float: right;\" mce_style=\"margin: 25px; float: right;\" border=\"0\" width=\"600\"><\/p>\n<p>\u00abRomanticismo espa\u00f1ol\u00bb as\u00ed se titula la cr\u00edtica de Pablo J. Vay\u00f3n dedica a nuestro primer trabajo discogr\u00e1fico editado \u00abAntolog\u00eda. Felipe Gorriti\u00bb. Muy recomendable la entrevista realizada en el art\u00edculo que le precede a Fernando Rivera, director del sello discogr\u00e1fico ARSIS que ha posibilitado que.a CCN\/NGA y los compa\u00f1eros de Hipocamppus seamos punteros en el mercado discogr\u00e1fico mundial.  <\/p>\n<p><img decoding=\"async\" src=\"http:\/\/www.sogimifi.dns-privadas.es\/wp-content\/uploads\/2013\/01\/diverdiportada.jpg\" mce_src=\"http:\/\/www.sogimifi.dns-privadas.es\/wp-content\/uploads\/2013\/01\/diverdiportada.jpg\" style=\"margin: 25px; float: right;\" mce_style=\"margin: 25px; float: right;\" border=\"0\" width=\"600\"><\/p>\n<p><\/p>\n<p><b><b>Para m\u00e1s informaci\u00f3n puedes descargarte el art\u00edculo aparecido en DIVERDI que incluye la cr\u00edtica a nuestro trabajo pinchando en el pdf.   <\/b><\/b><\/p>\n<p><b><b><br \/> <a href=\"http:\/\/www.sogimifi.dns-privadas.es\/wp-content\/uploads\/2013\/01\/articulodiverdi.pdf\" mce_href=\"http:\/\/www.sogimifi.dns-privadas.es\/wp-content\/uploads\/2013\/01\/articulodiverdi.pdf\" target=\"_blank\"><img decoding=\"async\" src=\"http:\/\/www.sogimifi.dns-privadas.es\/wp-content\/uploads\/2008\/08\/pdf.png\" mce_src=\"http:\/\/www.sogimifi.dns-privadas.es\/wp-content\/uploads\/2008\/08\/pdf.png\" alt=\"icono pdf\" style=\"margin-bottom: 20px;\" mce_style=\"margin-bottom: 20px;\" border=\"0\"><\/a> <br \/> <a target=\"_blank\">ART\u00cdCULO DIVERDI<br \/><\/a><\/b>   <\/b><\/p>\n<p><b><i>15 de enero de 2013<\/i><\/b><\/p>\n","protected":false},"excerpt":{"rendered":"<p>CR\u00cdTICA EN DIVERDI La prestigiosa revista Diverdi, en su n\u00famero de enero, dedica unas p\u00e1ginas a la discogr\u00e1fica ARSIS y a su apuesta por la tecnolog\u00eda GPD. En el art\u00edculo incluye una cr\u00edtica del proyecto discogr\u00e1fico de Gorriti grabado por la CCN\/NGA.<\/p>\n","protected":false},"author":1,"featured_media":1194,"comment_status":"open","ping_status":"open","sticky":false,"template":"","format":"standard","meta":[],"categories":[44],"tags":[],"_links":{"self":[{"href":"http:\/\/coraldecamaradenavarra.com\/index.php?rest_route=\/wp\/v2\/posts\/1241"}],"collection":[{"href":"http:\/\/coraldecamaradenavarra.com\/index.php?rest_route=\/wp\/v2\/posts"}],"about":[{"href":"http:\/\/coraldecamaradenavarra.com\/index.php?rest_route=\/wp\/v2\/types\/post"}],"author":[{"embeddable":true,"href":"http:\/\/coraldecamaradenavarra.com\/index.php?rest_route=\/wp\/v2\/users\/1"}],"replies":[{"embeddable":true,"href":"http:\/\/coraldecamaradenavarra.com\/index.php?rest_route=%2Fwp%2Fv2%2Fcomments&post=1241"}],"version-history":[{"count":0,"href":"http:\/\/coraldecamaradenavarra.com\/index.php?rest_route=\/wp\/v2\/posts\/1241\/revisions"}],"wp:featuredmedia":[{"embeddable":true,"href":"http:\/\/coraldecamaradenavarra.com\/index.php?rest_route=\/wp\/v2\/media\/1194"}],"wp:attachment":[{"href":"http:\/\/coraldecamaradenavarra.com\/index.php?rest_route=%2Fwp%2Fv2%2Fmedia&parent=1241"}],"wp:term":[{"taxonomy":"category","embeddable":true,"href":"http:\/\/coraldecamaradenavarra.com\/index.php?rest_route=%2Fwp%2Fv2%2Fcategories&post=1241"},{"taxonomy":"post_tag","embeddable":true,"href":"http:\/\/coraldecamaradenavarra.com\/index.php?rest_route=%2Fwp%2Fv2%2Ftags&post=1241"}],"curies":[{"name":"wp","href":"https:\/\/api.w.org\/{rel}","templated":true}]}}