{"id":1238,"date":"2013-01-04T09:45:04","date_gmt":"2013-01-04T09:45:04","guid":{"rendered":"http:\/\/www.sogimifi.dns-privadas.es\/?p=1238"},"modified":"2013-01-04T09:45:04","modified_gmt":"2013-01-04T09:45:04","slug":"memoria-artistica-del-2012","status":"publish","type":"post","link":"http:\/\/coraldecamaradenavarra.com\/?p=1238&lang=es","title":{"rendered":"MEMORIA ART\u00cdSTICA DEL 2012"},"content":{"rendered":"<h1>MEMORIA ART\u00cdSTICA DEL 2012<\/h1>\n<p>Apenas han pasado unos d\u00edas desde que se terminara 2012 y ya toca hacer balance. Para ello, hemos preparado una memoria audiovisual en el que repasamos los principales momentos protagonizados por la CCN\/NGA.<\/p>\n<p>  <!--more-->   <\/p>\n<p><img decoding=\"async\" mce_style=\"float: right; margin: 25px;\" style=\"float: right; margin: 25px;\" mce_src=\"http:\/\/www.sogimifi.dns-privadas.es\/wp-content\/uploads\/2013\/01\/dostrece.jpg\" src=\"http:\/\/www.sogimifi.dns-privadas.es\/wp-content\/uploads\/2013\/01\/dostrece.jpg\" alt=\"dostrece\" width=\"300\"> <\/p>\n<p><\/p>\n<p><\/p>\n<p>El a\u00f1o 2102 ha significado la consolidaci\u00f3n de la CCN\/NGA como una de las entidades art\u00edsticas de referencia en la realidad cultural de Navarra. Os dejamos en imagenes los principales eventos protagonizado por las diferentes secciones de nuestra entidad. Todo ello a trav\u00e9s de una memoria audiovisual que nos hace m\u00e1s f\u00e1cil el recordar cada uno de esos momentos. Tan solo deciros que el 2013 viene lleno de sorpresas. <\/p>\n<p><\/p>\n<h1>V\u00cdDEO<\/h1>\n<p> <iframe loading=\"lazy\" src=\"http:\/\/www.youtube.com\/embed\/bMU1W00573Q\" mce_src=\"http:\/\/www.youtube.com\/embed\/bMU1W00573Q\" allowfullscreen=\"\" frameborder=\"0\" height=\"315\" width=\"560\"><\/iframe>  <\/p>\n<p>04 de enero de 2013<\/p>\n<p><\/p>\n<p><i><\/i><\/p>\n","protected":false},"excerpt":{"rendered":"<p>MEMORIA ART\u00cdSTICA DEL 2012 Apenas han pasado unos d\u00edas desde que se terminara 2012 y ya toca hacer balance. Para ello, hemos preparado una memoria audiovisual en el que repasamos los principales momentos protagonizados por la CCN\/NGA.<\/p>\n","protected":false},"author":1,"featured_media":1237,"comment_status":"open","ping_status":"open","sticky":false,"template":"","format":"standard","meta":[],"categories":[44],"tags":[],"_links":{"self":[{"href":"http:\/\/coraldecamaradenavarra.com\/index.php?rest_route=\/wp\/v2\/posts\/1238"}],"collection":[{"href":"http:\/\/coraldecamaradenavarra.com\/index.php?rest_route=\/wp\/v2\/posts"}],"about":[{"href":"http:\/\/coraldecamaradenavarra.com\/index.php?rest_route=\/wp\/v2\/types\/post"}],"author":[{"embeddable":true,"href":"http:\/\/coraldecamaradenavarra.com\/index.php?rest_route=\/wp\/v2\/users\/1"}],"replies":[{"embeddable":true,"href":"http:\/\/coraldecamaradenavarra.com\/index.php?rest_route=%2Fwp%2Fv2%2Fcomments&post=1238"}],"version-history":[{"count":0,"href":"http:\/\/coraldecamaradenavarra.com\/index.php?rest_route=\/wp\/v2\/posts\/1238\/revisions"}],"wp:featuredmedia":[{"embeddable":true,"href":"http:\/\/coraldecamaradenavarra.com\/index.php?rest_route=\/wp\/v2\/media\/1237"}],"wp:attachment":[{"href":"http:\/\/coraldecamaradenavarra.com\/index.php?rest_route=%2Fwp%2Fv2%2Fmedia&parent=1238"}],"wp:term":[{"taxonomy":"category","embeddable":true,"href":"http:\/\/coraldecamaradenavarra.com\/index.php?rest_route=%2Fwp%2Fv2%2Fcategories&post=1238"},{"taxonomy":"post_tag","embeddable":true,"href":"http:\/\/coraldecamaradenavarra.com\/index.php?rest_route=%2Fwp%2Fv2%2Ftags&post=1238"}],"curies":[{"name":"wp","href":"https:\/\/api.w.org\/{rel}","templated":true}]}}