{"id":1236,"date":"2013-01-02T10:31:38","date_gmt":"2013-01-02T10:31:38","guid":{"rendered":"http:\/\/www.sogimifi.dns-privadas.es\/?p=1236"},"modified":"2013-01-02T10:31:38","modified_gmt":"2013-01-02T10:31:38","slug":"feliz-ano-urte-berri-on","status":"publish","type":"post","link":"http:\/\/coraldecamaradenavarra.com\/?p=1236&lang=es","title":{"rendered":"FELIZ A\u00d1O &#8211; URTE BERRI ON"},"content":{"rendered":"<h1>FELIZ A\u00d1O &#8211; URTE BERRI ON<br \/><\/h1>\n<p>   <i>Desde la Coral de C\u00e1mara de Navarra\/Nafarroako Ganbera Abesbatza queremos desearos un pr\u00f3spero a\u00f1o 2013 &#8211; Urte berri on!.<br \/><\/i><\/p>\n<p><i><br \/><\/i><\/p>\n<p><i><i> <\/i><\/i><\/p>\n<p> <!--more--> <\/p>\n<p><i><i>  <\/i><\/i><\/p>\n<p><i><i><img decoding=\"async\" src=\"http:\/\/www.sogimifi.dns-privadas.es\/wp-content\/uploads\/2013\/01\/feliz.png\" mce_src=\"http:\/\/www.sogimifi.dns-privadas.es\/wp-content\/uploads\/2013\/01\/feliz.png\" style=\"margin: 25px; float: right;\" mce_style=\"margin: 25px; float: right;\" border=\"0\" width=\"400\"><\/i><\/i><\/p>\n<p><i><i><b>  <\/b><\/i><b>Un a\u00f1o m\u00e1s, desde la Coral de C\u00e1mara de Navarra\/Nafarroako Ganbera Abesbatza, os deseamos un pr\u00f3spero a\u00f1o nuevo &#8211; Urte berri on!   01 de enero de 2013<\/b><\/i><\/p>\n<p><i><br \/><\/i><\/p>\n<p><i><br \/><\/i><\/p>\n","protected":false},"excerpt":{"rendered":"<p>FELIZ A\u00d1O &#8211; URTE BERRI ON Desde la Coral de C\u00e1mara de Navarra\/Nafarroako Ganbera Abesbatza queremos desearos un pr\u00f3spero a\u00f1o 2013 &#8211; Urte berri on!.<\/p>\n","protected":false},"author":1,"featured_media":1235,"comment_status":"open","ping_status":"open","sticky":false,"template":"","format":"standard","meta":[],"categories":[44],"tags":[],"_links":{"self":[{"href":"http:\/\/coraldecamaradenavarra.com\/index.php?rest_route=\/wp\/v2\/posts\/1236"}],"collection":[{"href":"http:\/\/coraldecamaradenavarra.com\/index.php?rest_route=\/wp\/v2\/posts"}],"about":[{"href":"http:\/\/coraldecamaradenavarra.com\/index.php?rest_route=\/wp\/v2\/types\/post"}],"author":[{"embeddable":true,"href":"http:\/\/coraldecamaradenavarra.com\/index.php?rest_route=\/wp\/v2\/users\/1"}],"replies":[{"embeddable":true,"href":"http:\/\/coraldecamaradenavarra.com\/index.php?rest_route=%2Fwp%2Fv2%2Fcomments&post=1236"}],"version-history":[{"count":0,"href":"http:\/\/coraldecamaradenavarra.com\/index.php?rest_route=\/wp\/v2\/posts\/1236\/revisions"}],"wp:featuredmedia":[{"embeddable":true,"href":"http:\/\/coraldecamaradenavarra.com\/index.php?rest_route=\/wp\/v2\/media\/1235"}],"wp:attachment":[{"href":"http:\/\/coraldecamaradenavarra.com\/index.php?rest_route=%2Fwp%2Fv2%2Fmedia&parent=1236"}],"wp:term":[{"taxonomy":"category","embeddable":true,"href":"http:\/\/coraldecamaradenavarra.com\/index.php?rest_route=%2Fwp%2Fv2%2Fcategories&post=1236"},{"taxonomy":"post_tag","embeddable":true,"href":"http:\/\/coraldecamaradenavarra.com\/index.php?rest_route=%2Fwp%2Fv2%2Ftags&post=1236"}],"curies":[{"name":"wp","href":"https:\/\/api.w.org\/{rel}","templated":true}]}}