{"id":1234,"date":"2012-12-28T18:31:54","date_gmt":"2012-12-28T18:31:54","guid":{"rendered":"http:\/\/www.sogimifi.dns-privadas.es\/?p=1234"},"modified":"2012-12-28T18:31:54","modified_gmt":"2012-12-28T18:31:54","slug":"navidad-en-san-saturnino","status":"publish","type":"post","link":"http:\/\/coraldecamaradenavarra.com\/?p=1234&lang=es","title":{"rendered":"NAVIDAD EN SAN SATURNINO"},"content":{"rendered":"<h1>NAVIDAD EN SAN SATURNINO<br \/><\/h1>\n<p>   <i>Navidad. Oi Bethlehem!<\/i> es el t\u00edtulo del programa navide\u00f1o que la formaci\u00f3n cl\u00e1sica de la Coral de C\u00e1mara de Navarra\/Nafarroako Ganbera Abesbatza presentar\u00e1 el pr\u00f3ximo domingo d\u00eda 30 en la Iglesia de San Saturnino. El concierto se enmarca en la programaci\u00f3n que el \u00c1rea de Educaci\u00f3n y Cultura del Ayuntaminento de Pamplona ha programado para las fiestas de Navidad del presenta a\u00f1o. Un concierto en el que la formaci\u00f3n cl\u00e1sica de la CCN\/NGA abordar\u00e1n obras para voces blancas y mixtas del Padre Donostia.<\/p>\n<p><\/p>\n<p><i> <\/i><\/p>\n<p> <!--more--> <\/p>\n<p><i>  <\/i><\/p>\n<p><i><img decoding=\"async\" src=\"http:\/\/www.sogimifi.dns-privadas.es\/wp-content\/uploads\/2012\/12\/donostia.jpg\" mce_src=\"http:\/\/www.sogimifi.dns-privadas.es\/wp-content\/uploads\/2012\/12\/donostia.jpg\" style=\"margin: 25px; float: right;\" mce_style=\"margin: 25px; float: right;\" border=\"0\" width=\"400\"><\/i><\/p>\n<p><i><b> <\/b><\/i><b>Un a\u00f1o m\u00e1s, la Coral de C\u00e1mara de Navarra\/Nafarroako Ganbera Abesbatza, ser\u00e1 protagonista de la programaci\u00f3n navide\u00f1a que organiza el \u00c1rea de Educaci\u00f3n y Cultura del Ayuntamiento de Pamplona. Con el t\u00edtulo <i>\u00abNavidad. Oi Bethlehem!\u00bb<\/i> el programa ideado por nuestro director art\u00edstico David Guindano, abordar\u00e1 un precioso repertorio para voces blancas y mixtas del Padre Donostia. El concierto servir\u00e1 como homenaje al Padre Jorge de Riezu.<br \/><\/b><\/p>\n<p><b>David Guindano ser\u00e1 el encargado de dirigir a la formaci\u00f3n cl\u00e1sica de la CCN\/NGA en el \u00faltimo de los conciertos que ofrecer\u00e1 la CCN\/NGA en este 2012.<br \/><\/b><\/p>\n<p><b>El concierto tendr\u00e1 lugar en la Iglesia de San Saturnino de Pamplona a las 20:00 h. La entrada es libre.  <\/b><\/p>\n<p><b><b>Para m\u00e1s informaci\u00f3n puedes descargarte el dossier del concierto pinchando en el pdf. En el podr\u00e1s ver, el programa de concierto, int\u00e9rpretes y dem\u00e1s informaci\u00f3n de inter\u00e9s.<br \/><\/b><\/b><\/p>\n<p><b><b><br \/> <a href=\"http:\/\/www.sogimifi.dns-privadas.es\/wp-content\/uploads\/2012\/12\/dossierdonostia.pdf\" mce_href=\"http:\/\/www.sogimifi.dns-privadas.es\/wp-content\/uploads\/2012\/12\/dossierdonostia.pdf\" target=\"_blank\"><img decoding=\"async\" src=\"http:\/\/www.sogimifi.dns-privadas.es\/wp-content\/uploads\/2008\/08\/pdf.png\" mce_src=\"http:\/\/www.sogimifi.dns-privadas.es\/wp-content\/uploads\/2008\/08\/pdf.png\" alt=\"icono pdf\" style=\"margin-bottom: 20px;\" mce_style=\"margin-bottom: 20px;\" border=\"0\"><\/a> <br \/> <a target=\"_blank\">DOSSIER CONCIERTO NAVIDAD<br \/><\/a><\/b>   28 de diciembre de 2012<\/b><\/p>\n<p><\/p>\n<p><\/p>\n","protected":false},"excerpt":{"rendered":"<p>NAVIDAD EN SAN SATURNINO Navidad. Oi Bethlehem! es el t\u00edtulo del programa navide\u00f1o que la formaci\u00f3n cl\u00e1sica de la Coral de C\u00e1mara de Navarra\/Nafarroako Ganbera Abesbatza presentar\u00e1 el pr\u00f3ximo domingo d\u00eda 30 en la Iglesia de San Saturnino. El concierto se enmarca en la programaci\u00f3n que el \u00c1rea de Educaci\u00f3n y Cultura del Ayuntaminento de Pamplona ha programado para las<\/p>\n","protected":false},"author":1,"featured_media":1232,"comment_status":"open","ping_status":"open","sticky":false,"template":"","format":"standard","meta":[],"categories":[44],"tags":[],"_links":{"self":[{"href":"http:\/\/coraldecamaradenavarra.com\/index.php?rest_route=\/wp\/v2\/posts\/1234"}],"collection":[{"href":"http:\/\/coraldecamaradenavarra.com\/index.php?rest_route=\/wp\/v2\/posts"}],"about":[{"href":"http:\/\/coraldecamaradenavarra.com\/index.php?rest_route=\/wp\/v2\/types\/post"}],"author":[{"embeddable":true,"href":"http:\/\/coraldecamaradenavarra.com\/index.php?rest_route=\/wp\/v2\/users\/1"}],"replies":[{"embeddable":true,"href":"http:\/\/coraldecamaradenavarra.com\/index.php?rest_route=%2Fwp%2Fv2%2Fcomments&post=1234"}],"version-history":[{"count":0,"href":"http:\/\/coraldecamaradenavarra.com\/index.php?rest_route=\/wp\/v2\/posts\/1234\/revisions"}],"wp:featuredmedia":[{"embeddable":true,"href":"http:\/\/coraldecamaradenavarra.com\/index.php?rest_route=\/wp\/v2\/media\/1232"}],"wp:attachment":[{"href":"http:\/\/coraldecamaradenavarra.com\/index.php?rest_route=%2Fwp%2Fv2%2Fmedia&parent=1234"}],"wp:term":[{"taxonomy":"category","embeddable":true,"href":"http:\/\/coraldecamaradenavarra.com\/index.php?rest_route=%2Fwp%2Fv2%2Fcategories&post=1234"},{"taxonomy":"post_tag","embeddable":true,"href":"http:\/\/coraldecamaradenavarra.com\/index.php?rest_route=%2Fwp%2Fv2%2Ftags&post=1234"}],"curies":[{"name":"wp","href":"https:\/\/api.w.org\/{rel}","templated":true}]}}