{"id":1227,"date":"2012-12-13T00:26:54","date_gmt":"2012-12-13T00:26:54","guid":{"rendered":"http:\/\/www.sogimifi.dns-privadas.es\/?p=1227"},"modified":"2012-12-13T00:26:54","modified_gmt":"2012-12-13T00:26:54","slug":"exitoso-debut-de-la-ccnnga-en-madrid","status":"publish","type":"post","link":"http:\/\/coraldecamaradenavarra.com\/?p=1227&lang=es","title":{"rendered":"EXITOSO DEBUT DE LA CCN\/NGA EN MADRID"},"content":{"rendered":"<h1>EXITOSO DEBUT DE LA CCN\/NGA EN MADRID<br \/><\/h1>\n<p>La pasada noche, el magn\u00edfico Teatro Espa\u00f1ol de Madrid ha acogido el Concierto Oficial del D\u00eda de Navarra en la capital que ha contado con la presencia, entre otras personalidades, de la Sra. Presidenta del Gobierno de Navarra D\u00f1a. Yolanda Barcina. El acto ha servido para entregar el Premio Fancisco de Javier. La CCN\/NGA ha ofrecido el espectacular programa: \u00ab12. Los sonidos de cuatro momentos hist\u00f3ricos capitales\u00bb.<\/p>\n<p>  <!--more-->  <\/p>\n<p><\/p>\n<p><img decoding=\"async\" src=\"http:\/\/www.sogimifi.dns-privadas.es\/wp-content\/uploads\/2012\/12\/publico.jpg\" mce_src=\"http:\/\/www.sogimifi.dns-privadas.es\/wp-content\/uploads\/2012\/12\/publico.jpg\" style=\"margin: 25px; float: right;\" mce_style=\"margin: 25px; float: right;\" border=\"0\" width=\"600\"><\/p>\n<p>La CCN\/NGA ha debutado de forma excepcional en Madrid en un abarrotado Teatro Espa\u00f1ol protagonizando el Concierto del D\u00eda de Navarra organizado por la Delegaci\u00f3n del Gobierno de Navarra en Madrid. (Foto I)<\/p>\n<p>El concierto, titulado <i><b>\u00ab12. Los sonidos de cuatro momentos hist\u00f3ricos capitales\u00bb<\/b><\/i>, ha evocado a las m\u00e1s de 750 personas que han asistido al hist\u00f3rico Teatro madrile\u00f1o a las diferentes \u00e9pocas de las efemerides confluyentes en las fechas 1212 &#8211; 1512 &#8211; 1812 y 2012. <\/p>\n<p>Para ello CCN\/NGA ha presentado a dos de sus formaciones estables. <\/p>\n<p>  &#8211; Capilla renacentista \u00abMichael Navarrus\u00bb <\/p>\n<p>&#8211; Formaci\u00f3n Cl\u00e1sica de la CCN\/NGA  <\/p>\n<p>La primera obra interpretada en el concierto ha sido el himno de Navarra, cantado por los miembros de las dos formaciones de la CCN\/NGA.<\/p>\n<p>Durante el concierto, las dos primeras formaciones han contado con el acompa\u00f1amiento de la organista Virginia Gonzalo (\u00f3rgano positivo, organeto y piano) participando como solistas los miembros de la CCN\/NGA Beatriz Lorente, I\u00f1igo Casal\u00ed y Ariadna Mart\u00ednez as\u00ed como la pianista navarra Endika Gutierrez. Todo ello dirigidos por <b>David Guindano<\/b>.  Uno de los puntos fuertes a destacar de la ha sido el <b>re-estreno<\/b> de la obra de encargo <b>\u00abZauriak\/Heridas\u00bb<\/b> de la compositora afincada en Navarra <b>Yolanda Campos Bergua<\/b>. Una obra que, de nuevo, no ha dejado indiferente a nadie y que ha sido seguida desde el p\u00fablico con gran atenci\u00f3n. La joven creadora ha vuelto ha recibir, como ya hiciera hace una semana en el teatro Gaztambide de Tudela, los c\u00e1lidos aplausos desde el escenario junto a David Guindano y la Formaci\u00f3n Cl\u00e1sica. En definitiva, la CCN\/NGA nuevamente ha presentado un programa fuera de lo com\u00fan vertebrado con motivo de una de las fechas m\u00e1s importantes del a\u00f1o y todo ello en otro escenario espectacular. \u00a1\u00a1TODO UN LUJO!!   <\/p>\n<p><img decoding=\"async\" src=\"http:\/\/www.sogimifi.dns-privadas.es\/wp-content\/uploads\/2012\/12\/teobaldo.jpg\" mce_src=\"http:\/\/www.sogimifi.dns-privadas.es\/wp-content\/uploads\/2012\/12\/teobaldo.jpg\" style=\"margin: 25px; float: right;\" mce_style=\"margin: 25px; float: right;\" border=\"0\" width=\"600\"><\/p>\n<p><\/p>\n<p>Las fotograf\u00edas han sido cedidas por la Delegaci\u00f3n del Gobierno de Navarra en Madrid.<\/p>\n<p><b><i>11 de diciembre de 2012<\/i><\/b><\/p>\n","protected":false},"excerpt":{"rendered":"<p>EXITOSO DEBUT DE LA CCN\/NGA EN MADRID La pasada noche, el magn\u00edfico Teatro Espa\u00f1ol de Madrid ha acogido el Concierto Oficial del D\u00eda de Navarra en la capital que ha contado con la presencia, entre otras personalidades, de la Sra. Presidenta del Gobierno de Navarra D\u00f1a. Yolanda Barcina. El acto ha servido para entregar el Premio Fancisco de Javier. La<\/p>\n","protected":false},"author":1,"featured_media":1225,"comment_status":"open","ping_status":"open","sticky":false,"template":"","format":"standard","meta":[],"categories":[44],"tags":[],"_links":{"self":[{"href":"http:\/\/coraldecamaradenavarra.com\/index.php?rest_route=\/wp\/v2\/posts\/1227"}],"collection":[{"href":"http:\/\/coraldecamaradenavarra.com\/index.php?rest_route=\/wp\/v2\/posts"}],"about":[{"href":"http:\/\/coraldecamaradenavarra.com\/index.php?rest_route=\/wp\/v2\/types\/post"}],"author":[{"embeddable":true,"href":"http:\/\/coraldecamaradenavarra.com\/index.php?rest_route=\/wp\/v2\/users\/1"}],"replies":[{"embeddable":true,"href":"http:\/\/coraldecamaradenavarra.com\/index.php?rest_route=%2Fwp%2Fv2%2Fcomments&post=1227"}],"version-history":[{"count":0,"href":"http:\/\/coraldecamaradenavarra.com\/index.php?rest_route=\/wp\/v2\/posts\/1227\/revisions"}],"wp:featuredmedia":[{"embeddable":true,"href":"http:\/\/coraldecamaradenavarra.com\/index.php?rest_route=\/wp\/v2\/media\/1225"}],"wp:attachment":[{"href":"http:\/\/coraldecamaradenavarra.com\/index.php?rest_route=%2Fwp%2Fv2%2Fmedia&parent=1227"}],"wp:term":[{"taxonomy":"category","embeddable":true,"href":"http:\/\/coraldecamaradenavarra.com\/index.php?rest_route=%2Fwp%2Fv2%2Fcategories&post=1227"},{"taxonomy":"post_tag","embeddable":true,"href":"http:\/\/coraldecamaradenavarra.com\/index.php?rest_route=%2Fwp%2Fv2%2Ftags&post=1227"}],"curies":[{"name":"wp","href":"https:\/\/api.w.org\/{rel}","templated":true}]}}