{"id":1224,"date":"2012-12-02T23:16:06","date_gmt":"2012-12-02T23:16:06","guid":{"rendered":"http:\/\/www.sogimifi.dns-privadas.es\/?p=1224"},"modified":"2012-12-02T23:16:06","modified_gmt":"2012-12-02T23:16:06","slug":"exitoso-y-eclectico-concierto-de-la-ccnnga","status":"publish","type":"post","link":"http:\/\/coraldecamaradenavarra.com\/?p=1224&lang=es","title":{"rendered":"EXITOSO Y ECL\u00c9CTICO CONCIERTO DE LA CCN\/NGA"},"content":{"rendered":"<h1>EXITOSO Y ECL\u00c9CTICO CONCIERTO DE LA CCN\/NGA<br \/><\/h1>\n<p>Esta ma\u00f1ana, el magn\u00edfico Teatro Gaztambide de Tudela ha acogido el Concierto Oficial del D\u00eda de Navarra que ha contado con la presencia, entre otras personalidades, de la Sra. Presidenta del Gobierno de Navarra D\u00f1a. Yolanda Barcina. Las tres formaciones actuales de la CCN\/NGA han ofrecido un rico y variado programa: \u00ab12. Los sonidos de cuatro momentos hist\u00f3ricos capitales\u00bb en el que ha destacado el estreno de la obra de encargo \u00abHeridas\/Zauriak\u00bb de Yolanda Campos Bergua.<\/p>\n<p>  <!--more-->  <\/p>\n<p><\/p>\n<p><img decoding=\"async\" src=\"http:\/\/www.sogimifi.dns-privadas.es\/wp-content\/uploads\/2012\/12\/himno.jpg\" mce_src=\"http:\/\/www.sogimifi.dns-privadas.es\/wp-content\/uploads\/2012\/12\/himno.jpg\" style=\"margin: 25px; float: right;\" mce_style=\"margin: 25px; float: right;\" border=\"0\" width=\"600\"><\/p>\n<p>La CCN\/NGA ha debutado de forma excepcional en el Teatro Gaztambide de Tudela protagonizando el Concierto Oficial del Gobierno de Navarra en los actos de celebraci\u00f3n del D\u00eda de Navarra. <\/p>\n<p>El concierto, titulado <i><b>\u00ab12. Los sonidos de cuatro momentos hist\u00f3ricos capitales\u00bb<\/b><\/i>, ha evocado a las m\u00e1s de 500 personas que han asistido al precioso Teatro tudelano a las diferentes \u00e9pocas de las efemerides confluyentes en las fechas 1212 &#8211; 1512 &#8211; 1812 y 2012. <\/p>\n<p>Para ello CCN\/NGA ha presentado sus tres formaciones estables. <\/p>\n<p>  &#8211; Capilla renacentista \u00abMichael Navarrus\u00bb <\/p>\n<p>&#8211; Formaci\u00f3n Cl\u00e1sica de la CCN\/NGA <\/p>\n<p>&#8211; Jazzy leap (secci\u00f3n jazz y m\u00fasica moderna)  <\/p>\n<p>La primera obra interpretada en el concierto ha sido el himno de Navarra, cantado por los miembros de las tres formaciones de la CCN\/NGA.<\/p>\n<p>Durante el concierto, las dos primeras formaciones han contado con el acompa\u00f1amiento de la organista Virginia Gonzalo (\u00f3rgano positivo, organeto y piano) participando como solistas los miembros de la CCN\/NGA Beatriz Lorente, I\u00f1igo Casal\u00ed y Ariadna Mart\u00ednez as\u00ed como la pianista navarra Endika Gutierrez. Todo ello dirigidos por <b>David Guindano<\/b>.  El \u00abfin de fiesta\u00bb lo ha protagonizado <b>Jazzy Leap<\/b> (Foto III), que dirigidos por <b>Andoni Arcilla<\/b>, ha abordado 4 obras de estilos tan diferentes como el Swing o el bolero.<\/p>\n<p>Uno de los puntos fuertes a destacar de la <i>matin\u00e9e<\/i> ha sido el <b>estreno<\/b> de la obra de encargo <b>\u00abZauriak\/Heridas\u00bb<\/b> de la compositora afincada en Navarra <b>Yolanda Campos Bergua<\/b>. Una obra que no ha dejado indiferente a nadie y que ha sido seguida desde el p\u00fablico con gran atenci\u00f3n. La joven creadora ha recibido los c\u00e1lidos aplausos desde el escenario junto a David Guindano y la Formaci\u00f3n Cl\u00e1sica (Foto II)<\/p>\n<p> En definitiva, la CCN\/NGA nuevamente ha presentado un programa fuera de lo com\u00fan vertebrado con motivo de una de las fechas m\u00e1s importantes del a\u00f1o y todo ello en un escenario espectacular. \u00a1\u00a1TODO UN LUJO!!   <\/p>\n<p><img decoding=\"async\" src=\"http:\/\/www.sogimifi.dns-privadas.es\/wp-content\/uploads\/2012\/12\/zauriak.jpg\" mce_src=\"http:\/\/www.sogimifi.dns-privadas.es\/wp-content\/uploads\/2012\/12\/zauriak.jpg\" style=\"margin: 25px; float: right;\" mce_style=\"margin: 25px; float: right;\" border=\"0\" width=\"600\"><\/p>\n<p><img decoding=\"async\" src=\"http:\/\/www.sogimifi.dns-privadas.es\/wp-content\/uploads\/2012\/12\/jazzy.jpg\" mce_src=\"http:\/\/www.sogimifi.dns-privadas.es\/wp-content\/uploads\/2012\/12\/jazzy.jpg\" style=\"margin: 25px; float: right;\" mce_style=\"margin: 25px; float: right;\" border=\"0\" width=\"600\"><\/p>\n<p><\/p>\n<p><b><i>02 de diciembre de 2012<\/i><\/b><\/p>\n","protected":false},"excerpt":{"rendered":"<p>EXITOSO Y ECL\u00c9CTICO CONCIERTO DE LA CCN\/NGA Esta ma\u00f1ana, el magn\u00edfico Teatro Gaztambide de Tudela ha acogido el Concierto Oficial del D\u00eda de Navarra que ha contado con la presencia, entre otras personalidades, de la Sra. Presidenta del Gobierno de Navarra D\u00f1a. Yolanda Barcina. Las tres formaciones actuales de la CCN\/NGA han ofrecido un rico y variado programa: \u00ab12. Los<\/p>\n","protected":false},"author":1,"featured_media":1221,"comment_status":"open","ping_status":"open","sticky":false,"template":"","format":"standard","meta":[],"categories":[44],"tags":[147,127,146,133,139,145,141,140,97,148,144,143,142],"_links":{"self":[{"href":"http:\/\/coraldecamaradenavarra.com\/index.php?rest_route=\/wp\/v2\/posts\/1224"}],"collection":[{"href":"http:\/\/coraldecamaradenavarra.com\/index.php?rest_route=\/wp\/v2\/posts"}],"about":[{"href":"http:\/\/coraldecamaradenavarra.com\/index.php?rest_route=\/wp\/v2\/types\/post"}],"author":[{"embeddable":true,"href":"http:\/\/coraldecamaradenavarra.com\/index.php?rest_route=\/wp\/v2\/users\/1"}],"replies":[{"embeddable":true,"href":"http:\/\/coraldecamaradenavarra.com\/index.php?rest_route=%2Fwp%2Fv2%2Fcomments&post=1224"}],"version-history":[{"count":0,"href":"http:\/\/coraldecamaradenavarra.com\/index.php?rest_route=\/wp\/v2\/posts\/1224\/revisions"}],"wp:featuredmedia":[{"embeddable":true,"href":"http:\/\/coraldecamaradenavarra.com\/index.php?rest_route=\/wp\/v2\/media\/1221"}],"wp:attachment":[{"href":"http:\/\/coraldecamaradenavarra.com\/index.php?rest_route=%2Fwp%2Fv2%2Fmedia&parent=1224"}],"wp:term":[{"taxonomy":"category","embeddable":true,"href":"http:\/\/coraldecamaradenavarra.com\/index.php?rest_route=%2Fwp%2Fv2%2Fcategories&post=1224"},{"taxonomy":"post_tag","embeddable":true,"href":"http:\/\/coraldecamaradenavarra.com\/index.php?rest_route=%2Fwp%2Fv2%2Ftags&post=1224"}],"curies":[{"name":"wp","href":"https:\/\/api.w.org\/{rel}","templated":true}]}}