{"id":1188,"date":"2012-08-09T08:16:26","date_gmt":"2012-08-09T08:16:26","guid":{"rendered":"http:\/\/www.sogimifi.dns-privadas.es\/?p=1188"},"modified":"2021-02-16T20:52:39","modified_gmt":"2021-02-16T20:52:39","slug":"politica-de-privacidad-y-aviso-legal","status":"publish","type":"post","link":"http:\/\/coraldecamaradenavarra.com\/?p=1188&lang=es","title":{"rendered":"Pol\u00edtica de Privacidad, Aviso Legal y Cookies"},"content":{"rendered":"\n<p><strong>Condiciones de uso<\/strong><\/p>\n\n\n\n<p>En este apartado se incluye informaci\u00f3n sobre las condiciones de acceso y utilizaci\u00f3n de este sitio web que deben ser conocidas por el usuario. Informaci\u00f3n general sobre <a href=\"http:\/\/www.coraldecamaradenavarra.com\">www.coraldecamaradenavarra.com<\/a> a los efectos previstos en la Ley 34\/2002 de Servicios de la Sociedad de la Informaci\u00f3n y de Comercio Electr\u00f3nico.<\/p>\n\n\n\n<p>Titular: Coral de C\u00e1mara de Navarra<\/p>\n\n\n\n<p>NIF: V31960727<\/p>\n\n\n\n<p>Domicilio Social: Javier, 9 &#8211; 4\u00ba, 31001 Pamplona<\/p>\n\n\n\n<p>Email: <a href=\"mailto:socios@coraldecamaradenavarra.com\">socios@coraldecamaradenavarra.com<\/a><\/p>\n\n\n\n<ol><li><strong>Finalidad de la web <\/strong><a href=\"http:\/\/www.coraldecamaradenavarra.com\">www.coraldecamaradenavarra.com<\/a><strong>\u00a0<\/strong><\/li><\/ol>\n\n\n\n<p>En nuestra p\u00e1gina web damos informaci\u00f3n sobre todo aquello que puede interesar al cliente: agenda, informaci\u00f3n de conciertos, etc.<\/p>\n\n\n\n<p>2. <strong>Condiciones\u00a0de acceso y utilizaci\u00f3n\u00a0de este sitio web<\/strong><\/p>\n\n\n\n<p>Acceso a la web, contenidos e informaci\u00f3n.\u00a0 El acceso a esta p\u00e1gina web es responsabilidad\u00a0 exclusiva de los usuarios, y supone aceptar y conocer las advertencias legales, condiciones y t\u00e9rminos de uso contenidos en ella. El Titular de la web se reserva el derecho de realizar, en cualquier momento, cuantos cambios y modificaciones estime convenientes y crea necesarios para la p\u00e1gina web sin necesidad de previo aviso.<\/p>\n\n\n\n<p><strong>2.1 Obligaci\u00f3n de hacer uso correcto de la p\u00e1gina web y de los contenidos<\/strong><\/p>\n\n\n\n<p>El Usuario\u00a0 se compromete\u00a0 a la correcta utilizaci\u00f3n\u00a0 de la web y utilidades\u00a0 que se le proporcionen conforme\u00a0 a la ley, el presente Aviso Legal, y las instrucciones y avisos que se le comuniquen.<\/p>\n\n\n\n<p>El Usuario se obliga al uso exclusivo\u00a0 de la web, y todos sus contenidos, para fines l\u00edcitos y no prohibidos, que no infrinjan la legalidad vigente y\/o puedan resultar lesivos de los derechos leg\u00edtimos de El Titular de la Web y las empresas del Grupo o de cualquier tercero, y\/o que puedan causar cualquier da\u00f1o o perjuicio de forma directa o indirecta.<\/p>\n\n\n\n<p>A tal efecto, el Usuario\u00a0 se abstendr\u00e1 de utilizar cualquiera de los contenidos de la p\u00e1gina web con fines o efectos il\u00edcitos, prohibidos en el presente Aviso Legal, lesivos de los derechos e intereses de terceros o que, de cualquier forma, puedan da\u00f1ar, inutilizar, sobrecargar, deteriorar o impedir la normal utilizaci\u00f3n\u00a0 de la web, los equipos inform\u00e1ticos o los documentos, archivos y toda clase de contenidos almacenados en cualquier equipo inform\u00e1tico (hacking) del Grupo, de otros Usuarios o de cualquier usuario de Internet (hardware y software).<\/p>\n\n\n\n<p>En particular, y a t\u00edtulo meramente indicativo\u00a0 y no exhaustivo, el Usuario\u00a0 se compromete\u00a0 a no transmitir, difundir o poner a disposici\u00f3n\u00a0 de terceros informaciones,\u00a0 datos, contenidos, mensajes, gr\u00e1ficos, dibujos, archivos de sonido y\/o imagen, fotograf\u00edas, grabaciones, software y, en general, cualquier clase de material que:<\/p>\n\n\n\n<ul><li> de cualquier&nbsp; forma,&nbsp; sea contrario,&nbsp; menosprecie&nbsp; o atente contra los derechos fundamentales y las libertades p\u00fablicas reconocidas constitucionalmente,&nbsp; en los Tratados internacionales y en el resto de la legislaci\u00f3n;<\/li><\/ul>\n\n\n\n<ul><li> induzca, incite o promueva actuaciones delictivas, denigratorias, difamatorias, infamantes, violentas o, en general, contrarias a la ley, a la moral y buenas costumbres generalmente aceptadas o al orden p\u00fablico;<\/li><\/ul>\n\n\n\n<ul><li> induzca, incite o promueva actuaciones, actitudes o pensamientos discriminatorios por raz\u00f3n de sexo, raza, religi\u00f3n,&nbsp; creencias, edad o condici\u00f3n;<\/li><\/ul>\n\n\n\n<ul><li> incorpore, ponga a disposici\u00f3n&nbsp; o permita acceder a productos, elementos, mensajes y\/o servicios delictivos, violentos, ofensivos, nocivos, degradantes o, en general, contrarios a la ley, a la moral y a las buenas costumbres generalmente aceptadas o al orden p\u00fablico;<\/li><\/ul>\n\n\n\n<ul><li> sea falso, ambiguo,&nbsp; inexacto,&nbsp; exagerado o extempor\u00e1neo, de forma que induzca o pueda inducir a error sobre su objeto o sobre las intenciones o prop\u00f3sitos del comunicante;<\/li><\/ul>\n\n\n\n<ul><li> se encuentre protegido&nbsp; por cualesquiera derechos de propiedad intelectual&nbsp; o industrial pertenecientes a terceros, sin que el Usuario haya obtenido previamente de sus titulares la autorizaci\u00f3n necesaria para llevar a cabo el uso que efect\u00faa o pretende efectuar;<\/li><\/ul>\n\n\n\n<ul><li> viole los secretos empresariales de terceros;<\/li><\/ul>\n\n\n\n<ul><li> sea contrario&nbsp; al derecho al honor, a la intimidad personal y familiar o a la propia imagen de las personas;<\/li><\/ul>\n\n\n\n<ul><li> de cualquier manera, menoscabe el cr\u00e9dito de El Titular de la Web o de terceros;<\/li><\/ul>\n\n\n\n<ul><li> infrinja la normativa&nbsp; sobre secreto de las comunicaciones;<\/li><\/ul>\n\n\n\n<ul><li> constituya, en su caso, publicidad&nbsp; il\u00edcita, enga\u00f1osa o desleal y, en general, que constituya competencia desleal;<\/li><\/ul>\n\n\n\n<ul><li> incorpore virus u otros elementos f\u00edsicos o electr\u00f3nicos que puedan da\u00f1ar o impedir el normal funcionamiento&nbsp; de la red, del sistema o de equipos inform\u00e1ticos&nbsp; (hardware y software) de El Titular de la Web o de terceros o que puedan da\u00f1ar los documentos electr\u00f3nicos y archivos almacenados en dichos equipos inform\u00e1ticos;<\/li><\/ul>\n\n\n\n<ul><li> provoque por sus caracter\u00edsticas (tales como formato, extensi\u00f3n, etc.) dificultades&nbsp; en el normal funcionamiento del Servicio;<\/li><\/ul>\n\n\n\n<ul><li> De conformidad con lo dispuesto anteriormente, el Usuario&nbsp; se compromete&nbsp; a utilizar los contenidos puestos a disposici\u00f3n&nbsp; de los Usuarios en el sitio web, entendiendo por estos, sin que esta enumeraci\u00f3n tenga car\u00e1cter limitativo, los textos, fotograf\u00edas, gr\u00e1ficos, im\u00e1genes, iconos, tecnolog\u00eda, software, links y dem\u00e1s contenidos audiovisuales o sonoros, as\u00ed como su dise\u00f1o gr\u00e1fico y c\u00f3digos fuente (en adelante, los Contenidos), de conformidad con la ley, el presente Aviso Legal, los dem\u00e1s avisos, reglamentos de uso e instrucciones puestos en su conocimiento,&nbsp; as\u00ed como con la moral y las buenas costumbres generalmente aceptadas y el orden p\u00fablico, y, en particular,&nbsp; se compromete a abstenerse de:<\/li><\/ul>\n\n\n\n<p>&nbsp;== reproducir, copiar, distribuir,&nbsp; poner a disposici\u00f3n o de cualquier otra forma comunicar p\u00fablicamente, transformar o modificar los Contenidos, a menos que se cuente con la autorizaci\u00f3n del titular de los correspondientes derechos o ello resulte legalmente permitido;<\/p>\n\n\n\n<p>\u00a0== suprimir, manipular o de cualquier forma alterar el copyright y dem\u00e1s datos identificativos\u00a0 de la reserva de derechos de El Titular de la Web o empresas del Grupo o de sus titulares,\u00a0 de las huellas digitales o de cualesquiera otros medios t\u00e9cnicos establecidos para su reconocimiento.\u00a0 El Usuario deber\u00e1 abstenerse de obtener e incluso de intentar obtener los Contenidos\u00a0 empleando para ello medios o procedimientos distintos de los que, seg\u00fan los casos, se hayan puesto a su disposici\u00f3n\u00a0 a este efecto o se hayan indicado\u00a0 a este efecto en la p\u00e1gina web donde se encuentren los Contenidos\u00a0 o, en general, de los que se empleen habitualmente\u00a0 en Internet a este efecto siempre que no entra\u00f1en un riesgo de da\u00f1o o inutilizaci\u00f3n del sitio web, de los Servicios y\/o de los Contenidos.<\/p>\n\n\n\n<p>En concreto, la utilizaci\u00f3n de los archivos fotogr\u00e1ficos y de audio\/video\u00a0 de El Titular de la Web est\u00e1n sujetos a las siguientes condiciones: Queda prohibida\u00a0 su utilizaci\u00f3n\u00a0 con fines comerciales y\/o su posterior distribuci\u00f3n.\u00a0 Las im\u00e1genes y recursos audiovisuales aqu\u00ed disponibles son para uso exclusivo de los medios de comunicaci\u00f3n\u00a0 y para fines meramente informativos,\u00a0 siempre que se cite su procedencia. Queda, por tanto, prohibido su empleo para ilustrar actividades, productos o eventos de otras compa\u00f1\u00edas. Las empresas del Grupo El Titular de la Web se reservan el derecho de retirar el permiso de uso de cualquiera\u00a0 de estas im\u00e1genes o archivos de audio\/video cuando estime que se est\u00e1n destinando a fines que da\u00f1an de alguna manera sus intereses.<\/p>\n\n\n\n<p>Los Usuarios y, en general, aquellas personas que se propongan establecer un hiperenlace entre su p\u00e1gina web y la web http:\/\/www\/coraldecamaradenavarra.com (en adelante, el &#8216;Hiperenlace&#8217;) deber\u00e1n cumplir\u00a0 las condiciones siguientes, siempre previa autorizaci\u00f3n:<\/p>\n\n\n\n<p>&nbsp;== el Hiperenlace \u00fanicamente permitir\u00e1 el acceso a la home-page o p\u00e1gina de inicio del sitio web o al punto concreto que le autorice El Titular de la Web, pero no podr\u00e1 reproducirlas de ninguna forma;<\/p>\n\n\n\n<p>&nbsp;== no se crear\u00e1 un frame sobre las p\u00e1ginas web del sitio web;<\/p>\n\n\n\n<p>&nbsp;== no se realizar\u00e1n manifestaciones&nbsp; o indicaciones falsas, inexactas o incorrectas sobre El Titular de la web, sus directivos,&nbsp; sus empleados, las p\u00e1ginas web del sitio y los Productos y\/o Servicios;<\/p>\n\n\n\n<p>&nbsp;== no se declarar\u00e1 ni se dar\u00e1 a entender que El Titular de la Web ha autorizado el Hiperenlace o que ha supervisado o asumido de cualquier forma los servicios ofrecidos o puestos a disposici\u00f3n&nbsp; de la p\u00e1gina web en la que se establece el Hiperenlace;<\/p>\n\n\n\n<p>&nbsp;== excepci\u00f3n hecha de aquellos signos que formen parte del mismo Hiperenlace, la p\u00e1gina web en la que se establezca el Hiperenlace no contendr\u00e1 ninguna marca, nombre comercial, r\u00f3tulo de establecimiento, denominaci\u00f3n, logotipo, eslogan u otros signos distintivos&nbsp; pertenecientes a El Titular de la Web; y<\/p>\n\n\n\n<p>&nbsp;== la p\u00e1gina web en la que se establezca el Hiperenlace no contendr\u00e1 informaciones o contenidos il\u00edcitos, contrarios a la moral y a las buenas costumbres generalmente&nbsp; aceptadas y al orden p\u00fablico, as\u00ed como tampoco contendr\u00e1 contenidos contrarios a cualesquiera derechos de terceros.<\/p>\n\n\n\n<p>\u00a0El establecimiento del Hiperenlace no implica\u00a0 en ning\u00fan caso la existencia de relaciones entre El Titular de la Web y el propietario de la p\u00e1gina web en la que se establezca, ni la aceptaci\u00f3n y aprobaci\u00f3n por parte de El Titular de la Web de sus contenidos o servicios.<\/p>\n\n\n\n<p><strong>2.2 Derechos de propiedad industrial\u00a0e intelectual<\/strong><\/p>\n\n\n\n<p>&nbsp;El Usuario&nbsp; se obliga a respetar los derechos de propiedad industrial&nbsp; de El Titular de la Web y las empresas del Grupo y de cualquier otro tercero. El uso o la concesi\u00f3n&nbsp; de acceso a la p\u00e1gina Web no comportan el otorgamiento de derecho alguno sobre las marcas, nombres comerciales o cualquier otro signo distintivo que se utilicen en la misma.<\/p>\n\n\n\n<p>&nbsp;El usuario podr\u00e1 descargarse la p\u00e1gina web en su terminal&nbsp; siempre que sea para uso privado,&nbsp; sin ning\u00fan fin comercial, por lo que no podr\u00e1 explotar, reproducir, distribuir, modificar, comunicar p\u00fablicamente, ceder, transformar o usar el contenido de la web con fines p\u00fablicos o comerciales.<\/p>\n\n\n\n<p>\u00a0Asimismo, los Contenidos son propiedad intelectual de El Titular de la Web, o de las empresas pertenecientes al Grupo, sin que puedan entenderse cedidos al Usuario, en virtud de lo establecido en este Aviso Legal, ninguno de los derechos de explotaci\u00f3n o cualesquiera otros que existen o puedan existir sobre dichos Contenidos m\u00e1s all\u00e1 de lo estrictamente necesario para el correcto uso del Sitio web.<\/p>\n\n\n\n<p><strong>2.3 Duraci\u00f3n del servicio<\/strong><\/p>\n\n\n\n<p>El Titular de la Web no garantiza la disponibilidad y continuidad del funcionamiento del Sitio web. Cuando ello sea razonablemente\u00a0 posible,\u00a0 El Titular de la Web advertir\u00e1 previamente de las interrupciones\u00a0 en el funcionamiento del Sitio web. El Titular de la Web tampoco garantiza la utilidad del Sitio web para la realizaci\u00f3n de ninguna actividad en concreto, ni su infalibilidad.<\/p>\n\n\n\n<p>El acceso a la web de El Titular de la Web tiene una duraci\u00f3n indefinida;\u00a0 no obstante, El Titular de la Web se reserva el derecho de suspender sin previo aviso el acceso a los Usuarios\u00a0 que, a su juicio, incumplan las normas de utilizaci\u00f3n\u00a0 de su p\u00e1gina web y ejercer las medidas legales oportunas. Adem\u00e1s, El Titular de la Web se reserva el derecho de restringir el acceso a algunas secciones de la web al p\u00fablico en general, limit\u00e1ndolo\u00a0 \u00fanicamente a usuarios o Grupo de usuarios concretos a trav\u00e9s de la entrega de una password de acceso de la cual ser\u00e1n responsables.<\/p>\n\n\n\n<p><strong>2.4 Exclusi\u00f3nde responsabilidad<\/strong><\/p>\n\n\n\n<p>&nbsp;El Titular de la Web realiza los m\u00e1ximos esfuerzos para evitar cualquier error en los contenidos de la p\u00e1gina web.<\/p>\n\n\n\n<p>&nbsp;El Titular de la Web excluye cualquier responsabilidad por da\u00f1os y perjuicios de cualquier naturaleza eventualmente derivados de:<\/p>\n\n\n\n<p>&nbsp;== La interrupci\u00f3n del funcionamiento o la falta de disponibilidad de acceso a la p\u00e1gina web.<\/p>\n\n\n\n<p>&nbsp;== La privacidad y seguridad en la utilizaci\u00f3n&nbsp; de la p\u00e1gina web por parte del Usuario, y\/o el acceso no consentido de terceros no autorizados.<\/p>\n\n\n\n<p>\u00a0== La eventual transmisi\u00f3n\u00a0 de elementos que afecten negativamente a los sistemas inform\u00e1ticos.<\/p>\n\n\n\n<p><strong>3. Uso de cookies<\/strong> El Titular de la Web podr\u00e1 utilizar cookies para facilitar la navegaci\u00f3n en su p\u00e1gina web y conocer las preferencias del Usuario permitiendo su reconocimiento. No obstante, el Usuario podr\u00e1 configurar su equipo para aceptar o no las cookies que recibe conforme a las instrucciones que figuran en nuestra Pol\u00edtica de Cookies.<\/p>\n\n\n\n<p><strong>4.<\/strong> <strong>Protecci\u00f3n de datos de car\u00e1cter personal<\/strong><\/p>\n\n\n\n<p>&nbsp;En cumplimiento&nbsp; de lo dispuesto por el Reglamento 2016\/679 del Parlamento Europeo y del Consejo del 27 de abril de 2016, se informar\u00e1 previamente a todos los usuarios que faciliten&nbsp; o vayan a facilitar sus datos personales, conforme&nbsp; a lo previsto en el citado reglamento. Sus datos ser\u00e1n tratados de conformidad con dicho Reglamento, y le inform\u00e1mos que puede ejercer los derechos de acceso, rectificaci\u00f3n, limitaci\u00f3n, portabilidad, supresi\u00f3n y oposici\u00f3n de sus datos en <a href=\"mailto:socios@coraldecamaradenavarra.com\">socios@coraldecamaradenavarra.com<\/a> y de reclamaci\u00f3n en www.aepd.es.<\/p>\n\n\n\n<p>\u00a0A trav\u00e9s de los formularios\u00a0 disponibles en la web se recopilar\u00e1\u00a0 la informaci\u00f3n personal, mediante la marcaci\u00f3n de la casilla o checkbox correspondiente, el usuario aceptar\u00e1 expresamente y de forma libre, que sus datos personales sean tratados con la finalidad para la cual se le soliciten.<\/p>\n\n\n\n<p><strong> 5. Fuero y Resoluci\u00f3n de conflictos<\/strong><\/p>\n\n\n\n<p>Las partes se someten, a su elecci\u00f3n,\u00a0 para la resoluci\u00f3n de los conflictos y con renuncia a cualquier otro fuero, a los juzgados y tribunales del domicilio del usuario. Le informamos\u00a0 que tiene a su disposici\u00f3n la web europea de resoluci\u00f3n de conflictos https:\/\/ec.europa.eu\/consumers\/odr\/main\/index.cfm?event=main.home.chooseLanguage<\/p>\n\n\n\n<p><strong>\u00a06. Derecho de desestimiento<\/strong><\/p>\n\n\n\n<p>El usuario podr\u00e1 ejercer su derecho de desistimiento\u00a0 en los 14 d\u00edas posteriores a la formalizaci\u00f3n\u00a0 de la compra, y para ello puede utilizar un formulario normalizado o solicitarlo\u00a0 a nuestro correo electr\u00f3nico <a href=\"mailto:socios@coraldecamaradenavarra.com\">socios@coraldecamaradenavarra.com<\/a>\u00a0<br><\/p>\n","protected":false},"excerpt":{"rendered":"<p>Condiciones de uso En este apartado se incluye informaci\u00f3n sobre las condiciones de acceso y utilizaci\u00f3n de este sitio web que deben ser conocidas por el usuario. Informaci\u00f3n general sobre www.coraldecamaradenavarra.com a los efectos previstos en la Ley 34\/2002 de Servicios de la Sociedad de la Informaci\u00f3n y de Comercio Electr\u00f3nico. Titular: Coral de C\u00e1mara de Navarra NIF: V31960727 Domicilio<\/p>\n","protected":false},"author":1,"featured_media":0,"comment_status":"open","ping_status":"open","sticky":false,"template":"","format":"standard","meta":[],"categories":[50],"tags":[],"_links":{"self":[{"href":"http:\/\/coraldecamaradenavarra.com\/index.php?rest_route=\/wp\/v2\/posts\/1188"}],"collection":[{"href":"http:\/\/coraldecamaradenavarra.com\/index.php?rest_route=\/wp\/v2\/posts"}],"about":[{"href":"http:\/\/coraldecamaradenavarra.com\/index.php?rest_route=\/wp\/v2\/types\/post"}],"author":[{"embeddable":true,"href":"http:\/\/coraldecamaradenavarra.com\/index.php?rest_route=\/wp\/v2\/users\/1"}],"replies":[{"embeddable":true,"href":"http:\/\/coraldecamaradenavarra.com\/index.php?rest_route=%2Fwp%2Fv2%2Fcomments&post=1188"}],"version-history":[{"count":1,"href":"http:\/\/coraldecamaradenavarra.com\/index.php?rest_route=\/wp\/v2\/posts\/1188\/revisions"}],"predecessor-version":[{"id":2986,"href":"http:\/\/coraldecamaradenavarra.com\/index.php?rest_route=\/wp\/v2\/posts\/1188\/revisions\/2986"}],"wp:attachment":[{"href":"http:\/\/coraldecamaradenavarra.com\/index.php?rest_route=%2Fwp%2Fv2%2Fmedia&parent=1188"}],"wp:term":[{"taxonomy":"category","embeddable":true,"href":"http:\/\/coraldecamaradenavarra.com\/index.php?rest_route=%2Fwp%2Fv2%2Fcategories&post=1188"},{"taxonomy":"post_tag","embeddable":true,"href":"http:\/\/coraldecamaradenavarra.com\/index.php?rest_route=%2Fwp%2Fv2%2Ftags&post=1188"}],"curies":[{"name":"wp","href":"https:\/\/api.w.org\/{rel}","templated":true}]}}