{"id":1187,"date":"2012-07-26T15:22:32","date_gmt":"2012-07-26T15:22:32","guid":{"rendered":"http:\/\/www.sogimifi.dns-privadas.es\/?p=1187"},"modified":"2012-07-26T15:22:32","modified_gmt":"2012-07-26T15:22:32","slug":"jazzy-leap-quintet-en-cultur","status":"publish","type":"post","link":"http:\/\/coraldecamaradenavarra.com\/?p=1187&lang=es","title":{"rendered":"JAZZY LEAP QUINTET EN CULTUR"},"content":{"rendered":"<p><br mce_bogus=\"1\"><\/p>\n<h1>JAZZY LEAP QUINTET EN CULTUR<br \/><\/h1>\n<p>La agrupaci\u00f3n formada por el director y jefes de cuerda-solistas de Jazzy Leap, secci\u00f3n de jazz de la Coral de C\u00e1mara de Navarra, ofrecer\u00e1 un concierto dentro del programa Cultur del Gobierno de Navarra.<\/p>\n<p>  <!--more-->   <\/p>\n<p><img decoding=\"async\" src=\"http:\/\/www.sogimifi.dns-privadas.es\/wp-content\/uploads\/2012\/07\/jlquintet.jpg\" mce_src=\"http:\/\/www.sogimifi.dns-privadas.es\/wp-content\/uploads\/2012\/07\/jlquintet.jpg\" style=\"margin: 25px; float: right;\" mce_style=\"margin: 25px; float: right;\" border=\"0\" width=\"400\"><\/p>\n<p><b>   A trav\u00e9s de estas l\u00edneas queremos informaros de la participaci\u00f3n de Jazzy Leap Quintet de la Coral de C\u00e1mara de Navarra\/Nafarroako Ganbera Abesbatza en el programa Cultur del Gobierno de Navarra. <\/b><\/p>\n<p><b>Mi\u00e9rcoles 29 de agosto<\/b><\/p>\n<p><b>Lugar: Casa de Cultura <\/b><\/p>\n<p><b>Localidad: Auritz-Burguete Hora: 20:00 h.   <\/b><\/p>\n<p><b>Entrada libre.  <\/b><\/p>\n<p><b>El quinteto vocal Jazzy Leap Quintet presenta \u00abMake it cool\u00bb, un homenaje a los grandes armonizadores vocales de la historia, con temas delicados y complejos (de ah\u00ed el t\u00edtulo, \u00abcool\u00bb) y arreglos y composiciones del director del grupo, Andoni Arcilla.  <\/b><\/p>\n<p><b>\u00abMake it cool\u00bb rinde homenaje a creadores como Gene Puerling, Darmon Meader y su NewYork Voices y a arreglistas mundialmente reconocidos como Michelle Weir o Kirby Shaw. <\/b><\/p>\n<p><b> Jazzy Leap Quintet lo forman: <\/b><\/p>\n<p><b>Ana Irigoyen (soprano) <\/b><\/p>\n<p><b>Erika Im\u00edzcoz (soprano) <\/b><\/p>\n<p><b>Mar\u00eda Jes\u00fas Abaigar (mezzo-soprano) <\/b><\/p>\n<p><b>Andoni Arcilla (tenor, arreglista y pianista) <\/b><\/p>\n<p><b>Asier Arcilla (bar\u00edtono).  <\/b><\/p>\n<p>Fotograf\u00eda: Jes\u00fas Jorge Castillo.<\/p>\n<p><b><b>Para m\u00e1s informaci\u00f3n puedes descargarte el dossier de prensa de la agrupaci\u00f3n pinchando en los pdf.   <\/b><\/b><\/p>\n<p><b><b><br \/> <a href=\"http:\/\/www.sogimifi.dns-privadas.es\/wp-content\/uploads\/2012\/07\/dossierjlq.pdf\" mce_href=\"http:\/\/www.sogimifi.dns-privadas.es\/wp-content\/uploads\/2012\/07\/dossierjlq.pdf\" target=\"_blank\"><img decoding=\"async\" src=\"http:\/\/www.sogimifi.dns-privadas.es\/wp-content\/uploads\/2008\/08\/pdf.png\" mce_src=\"http:\/\/www.sogimifi.dns-privadas.es\/wp-content\/uploads\/2008\/08\/pdf.png\" alt=\"icono pdf\" style=\"margin-bottom: 20px;\" mce_style=\"margin-bottom: 20px;\" border=\"0\"><\/a> <br \/> <a target=\"_blank\">DOSSIER DE PRENSA<\/a><\/b><\/b><\/p>\n<p><b><b>26 de julio de 2012<br \/><\/b><\/b><\/p>\n","protected":false},"excerpt":{"rendered":"<p>JAZZY LEAP QUINTET EN CULTUR La agrupaci\u00f3n formada por el director y jefes de cuerda-solistas de Jazzy Leap, secci\u00f3n de jazz de la Coral de C\u00e1mara de Navarra, ofrecer\u00e1 un concierto dentro del programa Cultur del Gobierno de Navarra.<\/p>\n","protected":false},"author":1,"featured_media":1185,"comment_status":"open","ping_status":"open","sticky":false,"template":"","format":"standard","meta":[],"categories":[44],"tags":[],"_links":{"self":[{"href":"http:\/\/coraldecamaradenavarra.com\/index.php?rest_route=\/wp\/v2\/posts\/1187"}],"collection":[{"href":"http:\/\/coraldecamaradenavarra.com\/index.php?rest_route=\/wp\/v2\/posts"}],"about":[{"href":"http:\/\/coraldecamaradenavarra.com\/index.php?rest_route=\/wp\/v2\/types\/post"}],"author":[{"embeddable":true,"href":"http:\/\/coraldecamaradenavarra.com\/index.php?rest_route=\/wp\/v2\/users\/1"}],"replies":[{"embeddable":true,"href":"http:\/\/coraldecamaradenavarra.com\/index.php?rest_route=%2Fwp%2Fv2%2Fcomments&post=1187"}],"version-history":[{"count":0,"href":"http:\/\/coraldecamaradenavarra.com\/index.php?rest_route=\/wp\/v2\/posts\/1187\/revisions"}],"wp:featuredmedia":[{"embeddable":true,"href":"http:\/\/coraldecamaradenavarra.com\/index.php?rest_route=\/wp\/v2\/media\/1185"}],"wp:attachment":[{"href":"http:\/\/coraldecamaradenavarra.com\/index.php?rest_route=%2Fwp%2Fv2%2Fmedia&parent=1187"}],"wp:term":[{"taxonomy":"category","embeddable":true,"href":"http:\/\/coraldecamaradenavarra.com\/index.php?rest_route=%2Fwp%2Fv2%2Fcategories&post=1187"},{"taxonomy":"post_tag","embeddable":true,"href":"http:\/\/coraldecamaradenavarra.com\/index.php?rest_route=%2Fwp%2Fv2%2Ftags&post=1187"}],"curies":[{"name":"wp","href":"https:\/\/api.w.org\/{rel}","templated":true}]}}