{"id":1184,"date":"2012-06-28T15:59:52","date_gmt":"2012-06-28T15:59:52","guid":{"rendered":"http:\/\/www.sogimifi.dns-privadas.es\/?p=1184"},"modified":"2012-06-28T15:59:52","modified_gmt":"2012-06-28T15:59:52","slug":"arakaendar","status":"publish","type":"post","link":"http:\/\/coraldecamaradenavarra.com\/?p=1184&lang=es","title":{"rendered":"ARAKAENDAR"},"content":{"rendered":"<p><br mce_bogus=\"1\"><\/p>\n<h1>ARAKAENDAR EN EL CICLO ENCANTANDO<br \/><\/h1>\n<p>La formaci\u00f3n de j\u00f3venes bolivianos dirigidos por el brit\u00e1nico Ashley Solomon ofrecer\u00e1n dos conciertos en Navarra. El primero el s\u00e1bado 30 en Tudela y el segundo en Pamplona el domingo 1 de Julio.<\/p>\n<p>  <!--more-->   <\/p>\n<p><img decoding=\"async\" src=\"http:\/\/www.sogimifi.dns-privadas.es\/wp-content\/uploads\/2012\/06\/rueda.jpg\" mce_src=\"http:\/\/www.sogimifi.dns-privadas.es\/wp-content\/uploads\/2012\/06\/rueda.jpg\" style=\"margin: 25px; float: right;\" mce_style=\"margin: 25px; float: right;\" border=\"0\" width=\"400\"><\/p>\n<p><b>   A trav\u00e9s de estas l\u00edneas queremos informaros de la dicho en la rueda de prensa realizada por la Coral de C\u00e1mara de Navarra\/Nafarroako Ganbera Abesbatza y la ONG ALBA para informar de la gira de ARAKAENDAR por tierras navarras. <\/b><\/p>\n<p><b> Lugar: Sala Red\u00edn, Hotel Palacio Guendulain, Pamplona Hora: 11:00 h. Ponentes:  Javier Casal\u00ed, Presidente de la CCN-NGA Fernando Say\u00e9s, Responsable de la ONG ALBA en Navarra David Guindano, Director Art\u00edstico de la CCN-NGA I\u00f1igo Oses, Gerente de la CCN-NGA  <\/b><\/p>\n<p><b>Una vez m\u00e1s, en el incomparable marco de la Sala Red\u00edn del Hotel Palacio de Guendulain, Javier Casal\u00ed ha tomado la palabra para agradecer a los medios de comunicaci\u00f3n su presencia y dar las gracias al Palacio de Guendulain por su calidad acogida. A continuaci\u00f3n ha dado la bienvenida a Fernando Say\u00e9s, responsable de la ONG ALBA en Navarra, que nos ha relatado la dedicaci\u00f3n de la ONG en la Selva Boliviana. Pod\u00e9is encontrar sus comentarios en el dossier de prensa adjunto.  De hecho, la totalidad de la informaci\u00f3n necesaria se encuentra en el dossier de prensa y el programa de mano adjuntos en la noticia en pdf.  <\/b><\/p>\n<p><b>Para toda la familia que formamos la Coral de C\u00e1mara de Navarra\/Nafarroako Ganbera Abesbatza es un aut\u00e9ntico honor el poder presentar a nuestro p\u00fablico el resultado de un aut\u00e9ntico trabajo de cooperaci\u00f3n y desarrollo a trav\u00e9s de la m\u00fasica. Un proyecto humano, que una vez m\u00e1s nos muestra el poder integrador y la importancia que tiene la m\u00fasica para el desarrollo de una comunidad y quienes la habitan.  Una comunidad que hace siglos antepasados nuestros ocuparon y que hoy, gracias a la tradici\u00f3n de sus gentes de custodiar generaci\u00f3n tras generaci\u00f3n su patrimonio hoy nos puede mostrar el legado humano y art\u00edstico de todo un pueblo. <\/b><\/p>\n<p><b>  Resumiendo, este fin de semana y dentro del Ciclo Encantando de la CCN, podremos escuchar algo m\u00e1s que unos conciertos, escucharemos los resultados de toda una labor social, de cooperaci\u00f3n y desarrollo y recuperaci\u00f3n de patrimonio que trasciende lo cultural. Unos conciertos que ser\u00e1n introducidos por el importante music\u00f3logo Piotr Nawrot, alma mater de esta gran labor, reconocida hace unos meses por la propia Reina Sof\u00eda (como se indica en el interior del dossier) y que ser\u00e1n dirigidos por Ashley Solomon, director y flautista del prestigioso grupo ingl\u00e9s Florigelium  con quien ARAKAENDAR est\u00e1 realizando una gira europea que les llevar\u00e1 a salas tan importantes como el Royal Albert Hall londinense. <\/b><\/p>\n<p><b>Queremos informar que la formaci\u00f3n boliviana participar\u00e1 con su m\u00fasica en la Misa capitular que tendr\u00e1 lugar en la Catedral de Pamplona este pr\u00f3ximo domingo previa al concierto que ofrecer\u00e1n en la Nave central del templo pamplon\u00e9s.  La expedici\u00f3n estar\u00e1 en tierras navarras desde el viernes a la noche hasta el domingo a la tarde. Excepcionalmente, ambos conciertos ser\u00e1n de entrada libre.  <\/b><\/p>\n<p><b><b>Para m\u00e1s informaci\u00f3n puedes descargarte el dossier de prensa y el programa del concierto pinchando en los pdf.   <\/b><\/b><\/p>\n<p><b><b><br \/> <a href=\"http:\/\/www.sogimifi.dns-privadas.es\/wp-content\/uploads\/2012\/06\/dossierarakaendar.pdf\" mce_href=\"http:\/\/www.sogimifi.dns-privadas.es\/wp-content\/uploads\/2012\/06\/dossierarakaendar.pdf\" target=\"_blank\"><img decoding=\"async\" src=\"http:\/\/www.sogimifi.dns-privadas.es\/wp-content\/uploads\/2008\/08\/pdf.png\" mce_src=\"http:\/\/www.sogimifi.dns-privadas.es\/wp-content\/uploads\/2008\/08\/pdf.png\" alt=\"icono pdf\" style=\"margin-bottom: 20px;\" mce_style=\"margin-bottom: 20px;\" border=\"0\"><\/a> <br \/> <a target=\"_blank\">DOSSIER DE PRENSA<br \/><\/a><\/b>  <\/b><\/p>\n<p><b><b><br \/> <a href=\"http:\/\/www.sogimifi.dns-privadas.es\/wp-content\/uploads\/2012\/06\/programaarakaendar.pdf\" mce_href=\"http:\/\/www.sogimifi.dns-privadas.es\/wp-content\/uploads\/2012\/06\/programaarakaendar.pdf\" target=\"_blank\"><img decoding=\"async\" src=\"http:\/\/www.sogimifi.dns-privadas.es\/wp-content\/uploads\/2008\/08\/pdf.png\" mce_src=\"http:\/\/www.sogimifi.dns-privadas.es\/wp-content\/uploads\/2008\/08\/pdf.png\" alt=\"icono pdf\" style=\"margin-bottom: 20px;\" mce_style=\"margin-bottom: 20px;\" border=\"0\"><\/a> <br \/> <a target=\"_blank\">PROGRAMA DE MANO<br \/><\/a><\/b> <\/b><\/p>\n<p><b>28 de junio de 2012<br \/><\/b><\/p>\n","protected":false},"excerpt":{"rendered":"<p>ARAKAENDAR EN EL CICLO ENCANTANDO La formaci\u00f3n de j\u00f3venes bolivianos dirigidos por el brit\u00e1nico Ashley Solomon ofrecer\u00e1n dos conciertos en Navarra. El primero el s\u00e1bado 30 en Tudela y el segundo en Pamplona el domingo 1 de Julio.<\/p>\n","protected":false},"author":1,"featured_media":1181,"comment_status":"open","ping_status":"open","sticky":false,"template":"","format":"standard","meta":[],"categories":[44],"tags":[],"_links":{"self":[{"href":"http:\/\/coraldecamaradenavarra.com\/index.php?rest_route=\/wp\/v2\/posts\/1184"}],"collection":[{"href":"http:\/\/coraldecamaradenavarra.com\/index.php?rest_route=\/wp\/v2\/posts"}],"about":[{"href":"http:\/\/coraldecamaradenavarra.com\/index.php?rest_route=\/wp\/v2\/types\/post"}],"author":[{"embeddable":true,"href":"http:\/\/coraldecamaradenavarra.com\/index.php?rest_route=\/wp\/v2\/users\/1"}],"replies":[{"embeddable":true,"href":"http:\/\/coraldecamaradenavarra.com\/index.php?rest_route=%2Fwp%2Fv2%2Fcomments&post=1184"}],"version-history":[{"count":0,"href":"http:\/\/coraldecamaradenavarra.com\/index.php?rest_route=\/wp\/v2\/posts\/1184\/revisions"}],"wp:featuredmedia":[{"embeddable":true,"href":"http:\/\/coraldecamaradenavarra.com\/index.php?rest_route=\/wp\/v2\/media\/1181"}],"wp:attachment":[{"href":"http:\/\/coraldecamaradenavarra.com\/index.php?rest_route=%2Fwp%2Fv2%2Fmedia&parent=1184"}],"wp:term":[{"taxonomy":"category","embeddable":true,"href":"http:\/\/coraldecamaradenavarra.com\/index.php?rest_route=%2Fwp%2Fv2%2Fcategories&post=1184"},{"taxonomy":"post_tag","embeddable":true,"href":"http:\/\/coraldecamaradenavarra.com\/index.php?rest_route=%2Fwp%2Fv2%2Ftags&post=1184"}],"curies":[{"name":"wp","href":"https:\/\/api.w.org\/{rel}","templated":true}]}}