{"id":1180,"date":"2012-06-18T11:10:07","date_gmt":"2012-06-18T11:10:07","guid":{"rendered":"http:\/\/www.sogimifi.dns-privadas.es\/?p=1180"},"modified":"2012-06-18T11:10:07","modified_gmt":"2012-06-18T11:10:07","slug":"amigos-el-agua-nos-vuelve-tontos","status":"publish","type":"post","link":"http:\/\/coraldecamaradenavarra.com\/?p=1180&lang=es","title":{"rendered":"AMIGOS, EL AGUA NOS VUELVE TONTOS"},"content":{"rendered":"<h1>AMIGOS, EL AGUA NOS VUELVE TONTOS<br \/><\/h1>\n<p><i>Amigos, el agua nos vuelve tontos<\/i>, es la traducci\u00f3n literal del t\u00edtulo de concierto que la formaci\u00f3n cl\u00e1sica de la Coral de C\u00e1mara de Navarra celebrar\u00e1 el pr\u00f3ximo mi\u00e9rcoles en Civivox Iturrama. El concierto se enmarca en la celebraci\u00f3n del <b>D\u00eda Europeo de la M\u00fasica<\/b> que organiza el \u00c1rea de Cultura del Ayuntamiento de Pamplona. Un divertido concierto en el que la formaci\u00f3n cl\u00e1sica de la CCN\/NGA junto a la actriz Estefan\u00eda de Paz y la pianista Endika Guti\u00e9rrez abordar\u00e1n obras  para coro y piano del compositor F.J. Haydn.<\/p>\n<p>  <!--more-->   <\/p>\n<p><img decoding=\"async\" src=\"http:\/\/www.sogimifi.dns-privadas.es\/wp-content\/uploads\/2012\/06\/rapperhaydn.jpg\" mce_src=\"http:\/\/www.sogimifi.dns-privadas.es\/wp-content\/uploads\/2012\/06\/rapperhaydn.jpg\" style=\"margin: 25px; float: right;\" mce_style=\"margin: 25px; float: right;\" border=\"0\" width=\"400\"><\/p>\n<p><b> Un a\u00f1o m\u00e1s, la Coral de C\u00e1mara de Navarra, ser\u00e1 protagonista de las conmemoraciones del D\u00eda Europeo de la M\u00fasica que organiza el \u00c1rea de Educaci\u00f3n y Cultura del Ayuntamiento de Pamplona. Con el t\u00edtulo \u00abFreunde, Wasser mache stumm\u00bb (Amigos, el agua nos vuelve tontos) el programa ideado por nuestro director art\u00edstico David Guindano, interpretar\u00e1 un repertorio poco conocido del compositor F. J. Haydn, las obras para coro y piano. <\/b><\/p>\n<p><b>David Guindano dirigir\u00e1 a la formaci\u00f3n cl\u00e1sica de la CCN\/NGA y a la pianista navarra Endika Guti\u00e9rrez, que junto a la actriz Estefan\u00eda de Paz completar\u00e1 un interesante elenco.<br \/><\/b><\/p>\n<p><b>El concierto tendr\u00e1 lugar en el Auditorio de Civivox Iturrama de Pamplona a las 20:00 h. La entrada es libre, previa retirada de invitaciones en el propio Civivox Iurrama desde una hora antes del comienzo del espect\u00e1culo.  <\/b><\/p>\n<p><b><b>Para m\u00e1s informaci\u00f3n puedes descargarte el dossier del concierto pinchando en el pdf. En el podr\u00e1s ver, el programa de concierto, las traducci\u00f3nes de las obras, int\u00e9rpretes y dem\u00e1s informaci\u00f3n de inter\u00e9s.<br \/><\/b><\/b><\/p>\n<p><b><b><br \/> <a href=\"http:\/\/www.sogimifi.dns-privadas.es\/wp-content\/uploads\/2012\/06\/dossierfjhaydn.pdf\" mce_href=\"http:\/\/www.sogimifi.dns-privadas.es\/wp-content\/uploads\/2012\/06\/dossierfjhaydn.pdf\" target=\"_blank\"><img decoding=\"async\" src=\"http:\/\/www.sogimifi.dns-privadas.es\/wp-content\/uploads\/2008\/08\/pdf.png\" mce_src=\"http:\/\/www.sogimifi.dns-privadas.es\/wp-content\/uploads\/2008\/08\/pdf.png\" alt=\"icono pdf\" style=\"margin-bottom: 20px;\" mce_style=\"margin-bottom: 20px;\" border=\"0\"><\/a> <br \/> <a target=\"_blank\">DOSSIER CONCIERTO D\u00cdA EUROPEO DE LA M\u00daSICA<br \/><\/a><\/b>   18 de junio de 2012<\/b><\/p>\n","protected":false},"excerpt":{"rendered":"<p>AMIGOS, EL AGUA NOS VUELVE TONTOS Amigos, el agua nos vuelve tontos, es la traducci\u00f3n literal del t\u00edtulo de concierto que la formaci\u00f3n cl\u00e1sica de la Coral de C\u00e1mara de Navarra celebrar\u00e1 el pr\u00f3ximo mi\u00e9rcoles en Civivox Iturrama. El concierto se enmarca en la celebraci\u00f3n del D\u00eda Europeo de la M\u00fasica que organiza el \u00c1rea de Cultura del Ayuntamiento de<\/p>\n","protected":false},"author":1,"featured_media":1178,"comment_status":"open","ping_status":"open","sticky":false,"template":"","format":"standard","meta":[],"categories":[44],"tags":[],"_links":{"self":[{"href":"http:\/\/coraldecamaradenavarra.com\/index.php?rest_route=\/wp\/v2\/posts\/1180"}],"collection":[{"href":"http:\/\/coraldecamaradenavarra.com\/index.php?rest_route=\/wp\/v2\/posts"}],"about":[{"href":"http:\/\/coraldecamaradenavarra.com\/index.php?rest_route=\/wp\/v2\/types\/post"}],"author":[{"embeddable":true,"href":"http:\/\/coraldecamaradenavarra.com\/index.php?rest_route=\/wp\/v2\/users\/1"}],"replies":[{"embeddable":true,"href":"http:\/\/coraldecamaradenavarra.com\/index.php?rest_route=%2Fwp%2Fv2%2Fcomments&post=1180"}],"version-history":[{"count":0,"href":"http:\/\/coraldecamaradenavarra.com\/index.php?rest_route=\/wp\/v2\/posts\/1180\/revisions"}],"wp:featuredmedia":[{"embeddable":true,"href":"http:\/\/coraldecamaradenavarra.com\/index.php?rest_route=\/wp\/v2\/media\/1178"}],"wp:attachment":[{"href":"http:\/\/coraldecamaradenavarra.com\/index.php?rest_route=%2Fwp%2Fv2%2Fmedia&parent=1180"}],"wp:term":[{"taxonomy":"category","embeddable":true,"href":"http:\/\/coraldecamaradenavarra.com\/index.php?rest_route=%2Fwp%2Fv2%2Fcategories&post=1180"},{"taxonomy":"post_tag","embeddable":true,"href":"http:\/\/coraldecamaradenavarra.com\/index.php?rest_route=%2Fwp%2Fv2%2Ftags&post=1180"}],"curies":[{"name":"wp","href":"https:\/\/api.w.org\/{rel}","templated":true}]}}