{"id":1177,"date":"2012-06-13T22:20:54","date_gmt":"2012-06-13T22:20:54","guid":{"rendered":"http:\/\/www.sogimifi.dns-privadas.es\/?p=1177"},"modified":"2012-06-13T22:20:54","modified_gmt":"2012-06-13T22:20:54","slug":"primer-video-de-jazzy-leap","status":"publish","type":"post","link":"http:\/\/coraldecamaradenavarra.com\/?p=1177&lang=es","title":{"rendered":"PRIMER VIDEO DE JAZZY LEAP"},"content":{"rendered":"<h1>PRIMER V\u00cdDEO DE JAZZY LEAP<\/h1>\n<p>Dentro de la colaboraci\u00f3n que mantienen la Coral de C\u00e1mara de Navarra\/Nafarroako Ganbera Abesbatza y la Fundaci\u00f3n Ars Incognita la grabaci\u00f3n de directos es una de las piedras angulares. Os presentamos la \u00faltima creaci\u00f3n de la \u00abfactoria Ecay\u00bb.<\/p>\n<p>  <!--more-->   <\/p>\n<p><img decoding=\"async\" src=\"http:\/\/www.sogimifi.dns-privadas.es\/wp-content\/uploads\/2012\/06\/seccion_jazz2.jpg\" mce_src=\"http:\/\/www.sogimifi.dns-privadas.es\/wp-content\/uploads\/2012\/06\/seccion_jazz2.jpg\" style=\"margin: 25px; float: right;\" mce_style=\"margin: 25px; float: right;\" border=\"0\" width=\"400\"><\/p>\n<p><\/p>\n<p>El v\u00eddeo que les presentamos fue grabado durante el concierto presentaci\u00f3n de nuestra secci\u00f3n de jazz \u00abJazzy Leap\u00bb que acompa\u00f1ados del Andoni Arcilla Group se estrenaron en un escenario de lujo como el Audiotorio Bara\u00f1ain. La obra que pueden degustar es el \u00abIn the morning interpretada por los chicos de Jazzy Leap dirigidos por Andoni Arcilla. <\/p>\n<p><\/p>\n<h1>V\u00cdDEO<\/h1>\n<p>  <iframe loading=\"lazy\" src=\"http:\/\/www.youtube.com\/embed\/8XxzOI_5bbk\" mce_src=\"http:\/\/www.youtube.com\/embed\/8XxzOI_5bbk\" allowfullscreen=\"\" frameborder=\"0\" height=\"315\" width=\"560\"><\/iframe>  <\/p>\n<p>14 de junio de 2012<\/p>\n<p><\/p>\n<p><i>Fotograf\u00eda Jes\u00fas Jorge Castillo<\/i><\/p>\n","protected":false},"excerpt":{"rendered":"<p>PRIMER V\u00cdDEO DE JAZZY LEAP Dentro de la colaboraci\u00f3n que mantienen la Coral de C\u00e1mara de Navarra\/Nafarroako Ganbera Abesbatza y la Fundaci\u00f3n Ars Incognita la grabaci\u00f3n de directos es una de las piedras angulares. Os presentamos la \u00faltima creaci\u00f3n de la \u00abfactoria Ecay\u00bb.<\/p>\n","protected":false},"author":1,"featured_media":1176,"comment_status":"open","ping_status":"open","sticky":false,"template":"","format":"standard","meta":[],"categories":[44],"tags":[],"_links":{"self":[{"href":"http:\/\/coraldecamaradenavarra.com\/index.php?rest_route=\/wp\/v2\/posts\/1177"}],"collection":[{"href":"http:\/\/coraldecamaradenavarra.com\/index.php?rest_route=\/wp\/v2\/posts"}],"about":[{"href":"http:\/\/coraldecamaradenavarra.com\/index.php?rest_route=\/wp\/v2\/types\/post"}],"author":[{"embeddable":true,"href":"http:\/\/coraldecamaradenavarra.com\/index.php?rest_route=\/wp\/v2\/users\/1"}],"replies":[{"embeddable":true,"href":"http:\/\/coraldecamaradenavarra.com\/index.php?rest_route=%2Fwp%2Fv2%2Fcomments&post=1177"}],"version-history":[{"count":0,"href":"http:\/\/coraldecamaradenavarra.com\/index.php?rest_route=\/wp\/v2\/posts\/1177\/revisions"}],"wp:featuredmedia":[{"embeddable":true,"href":"http:\/\/coraldecamaradenavarra.com\/index.php?rest_route=\/wp\/v2\/media\/1176"}],"wp:attachment":[{"href":"http:\/\/coraldecamaradenavarra.com\/index.php?rest_route=%2Fwp%2Fv2%2Fmedia&parent=1177"}],"wp:term":[{"taxonomy":"category","embeddable":true,"href":"http:\/\/coraldecamaradenavarra.com\/index.php?rest_route=%2Fwp%2Fv2%2Fcategories&post=1177"},{"taxonomy":"post_tag","embeddable":true,"href":"http:\/\/coraldecamaradenavarra.com\/index.php?rest_route=%2Fwp%2Fv2%2Ftags&post=1177"}],"curies":[{"name":"wp","href":"https:\/\/api.w.org\/{rel}","templated":true}]}}