{"id":1175,"date":"2012-06-05T13:55:04","date_gmt":"2012-06-05T13:55:04","guid":{"rendered":"http:\/\/www.sogimifi.dns-privadas.es\/?p=1175"},"modified":"2012-06-05T13:55:04","modified_gmt":"2012-06-05T13:55:04","slug":"concluida-la-primera-fase-de-grabacion-del-proyecto-donostia","status":"publish","type":"post","link":"http:\/\/coraldecamaradenavarra.com\/?p=1175&lang=es","title":{"rendered":"CONCLUIDA LA PRIMERA FASE DE GRABACI\u00d3N DEL PROYECTO DONOSTIA"},"content":{"rendered":"<p><br mce_bogus=\"1\"><\/p>\n<h1>CONCLUIDA LA PRIMERA FASE DE GRABACI\u00d3N DEL PROYECTO DONOSTIA<br \/><\/h1>\n<p>Desde el pasado viernes d\u00eda 1 hasta la tarde del pasado del domingo las magn\u00edficas instalacioes del Liceo Monjard\u00edn de Pamplona acogieron la primera fase de la grabaci\u00f3n del proyecto Donostia 2012 la Coral de C\u00e1mara de Navarra.<\/p>\n<p> <!--more-->  <\/p>\n<p><b>La grabaci\u00f3n de la obra profana en euskera del Padre Donostia es uno de los principales proyectos de la temporada de la CCN\/NGA. Un proyecto que pretende reunir a las principales voces navarras de las \u00faltimas d\u00e9cadas ya que para los cantantes navarros que, como es habitual, han comenzado su labor y formaci\u00f3n en entidades corales, estas obras del Padre Donostia son absolutamente referenciales y queridas, dada la profusi\u00f3n con que se programan en este entorno.   <\/b><\/p>\n<p><b>Este gran proyecto de un valor musicol\u00f3gico importate puesto que no est\u00e1n grabadas en su totalidad, est\u00e1 siendo registrado por el gran sello discogr\u00e1fico ARSIS. La direcci\u00f3n art\u00edstica de la grabaci\u00f3n corre a cargo de Manu Sagastume, experimentado director y gran conocedor del mundo coral. La direcci\u00f3n de la totalidad de la producci\u00f3n est\u00e1 en manos de nuestro director art\u00edstico David Guindano.  Em esta primera fase de grabaci\u00f3n han colaborado con nosotros los siguientes solistas (por orden de grabaci\u00f3n)  <\/b><\/p>\n<p><b>&#8211; Noem\u00ed Irisarri &#8211; M\u00aa Carmen Arbizu &#8211; David Echeverr\u00eda &#8211; Arantza Ira\u00f1eta &#8211; M\u00aa Jos\u00e9 Elverdin &#8211; Beatriz Lorente &#8211; Juan Miguel Echarri &#8211; Eugenia Echarren &#8211; Eduardo Zubikoa &#8211; I\u00f1igo Casal\u00ed  <\/b><\/p>\n<p><b>Adem\u00e1s, pudimos contar con la colaboraci\u00f3n del txistulari Asier Aguirre que interpret\u00f3 la \u00fanica obra que precisa de un instrumento que no sea la de la voz.   En la fotograf\u00eda, un momento de la grabaci\u00f3n de la jornada del s\u00e1bado.  <\/b><\/p>\n<p><img decoding=\"async\" src=\"http:\/\/www.sogimifi.dns-privadas.es\/wp-content\/uploads\/2012\/06\/grabando.jpg\" mce_src=\"http:\/\/www.sogimifi.dns-privadas.es\/wp-content\/uploads\/2012\/06\/grabando.jpg\" style=\"margin: 25px; float: right;\" mce_style=\"margin: 25px; float: right;\" border=\"0\" width=\"500\"><\/p>\n<p><\/p>\n<p>  <\/p>\n<p><b><b><br \/> <a href=\"http:\/\/www.sogimifi.dns-privadas.es\/wp-content\/uploads\/2012\/06\/donostia.pdf\" mce_href=\"http:\/\/www.sogimifi.dns-privadas.es\/wp-content\/uploads\/2012\/06\/donostia.pdf\" target=\"_blank\"><img decoding=\"async\" src=\"http:\/\/www.sogimifi.dns-privadas.es\/wp-content\/uploads\/2008\/08\/pdf.png\" mce_src=\"http:\/\/www.sogimifi.dns-privadas.es\/wp-content\/uploads\/2008\/08\/pdf.png\" alt=\"icono pdf\" style=\"margin-bottom: 20px;\" mce_style=\"margin-bottom: 20px;\" border=\"0\"><\/a> <br \/> <a target=\"_blank\">PRESENTACI\u00d3N BREVE PROYECTO DONOSTIA<br \/><\/a><\/b>    04 de junio de 2012<\/b><\/p>\n","protected":false},"excerpt":{"rendered":"<p>CONCLUIDA LA PRIMERA FASE DE GRABACI\u00d3N DEL PROYECTO DONOSTIA Desde el pasado viernes d\u00eda 1 hasta la tarde del pasado del domingo las magn\u00edficas instalacioes del Liceo Monjard\u00edn de Pamplona acogieron la primera fase de la grabaci\u00f3n del proyecto Donostia 2012 la Coral de C\u00e1mara de Navarra.<\/p>\n","protected":false},"author":1,"featured_media":1173,"comment_status":"open","ping_status":"open","sticky":false,"template":"","format":"standard","meta":[],"categories":[44],"tags":[],"_links":{"self":[{"href":"http:\/\/coraldecamaradenavarra.com\/index.php?rest_route=\/wp\/v2\/posts\/1175"}],"collection":[{"href":"http:\/\/coraldecamaradenavarra.com\/index.php?rest_route=\/wp\/v2\/posts"}],"about":[{"href":"http:\/\/coraldecamaradenavarra.com\/index.php?rest_route=\/wp\/v2\/types\/post"}],"author":[{"embeddable":true,"href":"http:\/\/coraldecamaradenavarra.com\/index.php?rest_route=\/wp\/v2\/users\/1"}],"replies":[{"embeddable":true,"href":"http:\/\/coraldecamaradenavarra.com\/index.php?rest_route=%2Fwp%2Fv2%2Fcomments&post=1175"}],"version-history":[{"count":0,"href":"http:\/\/coraldecamaradenavarra.com\/index.php?rest_route=\/wp\/v2\/posts\/1175\/revisions"}],"wp:featuredmedia":[{"embeddable":true,"href":"http:\/\/coraldecamaradenavarra.com\/index.php?rest_route=\/wp\/v2\/media\/1173"}],"wp:attachment":[{"href":"http:\/\/coraldecamaradenavarra.com\/index.php?rest_route=%2Fwp%2Fv2%2Fmedia&parent=1175"}],"wp:term":[{"taxonomy":"category","embeddable":true,"href":"http:\/\/coraldecamaradenavarra.com\/index.php?rest_route=%2Fwp%2Fv2%2Fcategories&post=1175"},{"taxonomy":"post_tag","embeddable":true,"href":"http:\/\/coraldecamaradenavarra.com\/index.php?rest_route=%2Fwp%2Fv2%2Ftags&post=1175"}],"curies":[{"name":"wp","href":"https:\/\/api.w.org\/{rel}","templated":true}]}}