{"id":1172,"date":"2012-05-23T23:21:31","date_gmt":"2012-05-23T23:21:31","guid":{"rendered":"http:\/\/www.sogimifi.dns-privadas.es\/?p=1172"},"modified":"2012-05-23T23:21:31","modified_gmt":"2012-05-23T23:21:31","slug":"josquin-protagonista-de-los-primeros-conciertos-del-ciclo-encantando","status":"publish","type":"post","link":"http:\/\/coraldecamaradenavarra.com\/?p=1172&lang=es","title":{"rendered":"JOSQUIN, PROTAGONISTA DE LOS PRIMEROS CONCIERTOS DEL CICLO ENCANTANDO"},"content":{"rendered":"<p><br mce_bogus=\"1\"><\/p>\n<h1>JOSQUIN, PROTAGONISTA DE LOS PRIMEROS CONCIERTOS DEL CICLO ENCANTANDO<br \/><\/h1>\n<p>El Ciclo ENCANTANDO dar\u00e1 comienzo con dos conciertos dedicados a la obra de Josquin Desprez los d\u00edas 25 y 27 de mayo en el Refectorio de la Catedral de Pamplona.<\/p>\n<p>  <!--more-->   <\/p>\n<p><img decoding=\"async\" src=\"http:\/\/www.sogimifi.dns-privadas.es\/wp-content\/uploads\/2012\/05\/josquin.jpg\" mce_src=\"http:\/\/www.sogimifi.dns-privadas.es\/wp-content\/uploads\/2012\/05\/josquin.jpg\" style=\"margin: 25px; float: right;\" mce_style=\"margin: 25px; float: right;\" border=\"0\" width=\"400\"><\/p>\n<p><b> Con el t\u00edtulo \u00abTu solus qui facis mirabilia\u00bb el programa ideado por David Guindano, abordar\u00e1 obras sacras del compositor Josquin Desprez.<\/b><\/p>\n<p><b>Con motivo de la llegada a Castilla de Felipe el Hermoso, la m\u00fasica francoflamenca, que marca el estilo internacional del momento, influye fuertemente en la creaci\u00f3n espa\u00f1ola del momento. Una gran parte de este repertorio francoflamenco que convive con la creaci\u00f3n local se encuentra en el desconocid\u00edsimo, al menos fuera de c\u00edrculos cient\u00edficos, Cancionero de Segovia (su transcripci\u00f3n \u00edntegra ni siquiera est\u00e1 publicada). Tres grandes m\u00fasicos extranjeros est\u00e1n especialmente presentes en este Cancionero, Josquin Desprez (que hoy nos ocupa), A. Agricola e H. Isaak. Dentro de nuestro inter\u00e9s por situar en la creaci\u00f3n universal la m\u00fasica espa\u00f1ola, estos conciertos resultan especialmente interesantes. En efecto, pensemos que en el Cancionero de Segovia encontramos incluso unica es decir obras no presentes en otras fuentes.  <\/b><\/p>\n<p><b>Los conciertos tendr\u00e1n lugar en el Refectorio de la Catedral de Pamplona. Las entradas se podr\u00e1n adquirir en el lugar del concierto desde media hora antes del comienzo del concierto. El precio de las entradas al p\u00fablico en general es de 10 euros. El precio para los socios de la Coral de C\u00e1mara de Navarra es de 5 euros.  <\/b><\/p>\n<p><b><b>Para m\u00e1s informaci\u00f3n puedes descargarte el programa del concierto pinchando en el pdf.   <\/b><\/b><\/p>\n<p><b><b><br \/> <a href=\"http:\/\/www.sogimifi.dns-privadas.es\/wp-content\/uploads\/2012\/05\/programajosquin.pdf\" mce_href=\"http:\/\/www.sogimifi.dns-privadas.es\/wp-content\/uploads\/2012\/05\/programajosquin.pdf\" target=\"_blank\"><img decoding=\"async\" src=\"http:\/\/www.sogimifi.dns-privadas.es\/wp-content\/uploads\/2008\/08\/pdf.png\" mce_src=\"http:\/\/www.sogimifi.dns-privadas.es\/wp-content\/uploads\/2008\/08\/pdf.png\" alt=\"icono pdf\" style=\"margin-bottom: 20px;\" mce_style=\"margin-bottom: 20px;\" border=\"0\"><\/a> <br \/> <a target=\"_blank\">PROGRAMA DE MANO CONCIERTO JOSQUIN<br \/><\/a><\/b>  <\/b><\/p>\n<p><b><b><br \/> <a href=\"http:\/\/www.sogimifi.dns-privadas.es\/wp-content\/uploads\/2012\/05\/textosjosquin.pdf\" mce_href=\"http:\/\/www.sogimifi.dns-privadas.es\/wp-content\/uploads\/2012\/05\/textosjosquin.pdf\" target=\"_blank\"><img decoding=\"async\" src=\"http:\/\/www.sogimifi.dns-privadas.es\/wp-content\/uploads\/2008\/08\/pdf.png\" mce_src=\"http:\/\/www.sogimifi.dns-privadas.es\/wp-content\/uploads\/2008\/08\/pdf.png\" alt=\"icono pdf\" style=\"margin-bottom: 20px;\" mce_style=\"margin-bottom: 20px;\" border=\"0\"><\/a> <br \/> <a target=\"_blank\">TRADUCCI\u00d3N TEXTOS JOSQUIN<br \/><\/a><\/b> <\/b><\/p>\n<p><b>23 de mayo de 2012<br \/><\/b><\/p>\n","protected":false},"excerpt":{"rendered":"<p>JOSQUIN, PROTAGONISTA DE LOS PRIMEROS CONCIERTOS DEL CICLO ENCANTANDO El Ciclo ENCANTANDO dar\u00e1 comienzo con dos conciertos dedicados a la obra de Josquin Desprez los d\u00edas 25 y 27 de mayo en el Refectorio de la Catedral de Pamplona.<\/p>\n","protected":false},"author":1,"featured_media":1169,"comment_status":"open","ping_status":"open","sticky":false,"template":"","format":"standard","meta":[],"categories":[44],"tags":[],"_links":{"self":[{"href":"http:\/\/coraldecamaradenavarra.com\/index.php?rest_route=\/wp\/v2\/posts\/1172"}],"collection":[{"href":"http:\/\/coraldecamaradenavarra.com\/index.php?rest_route=\/wp\/v2\/posts"}],"about":[{"href":"http:\/\/coraldecamaradenavarra.com\/index.php?rest_route=\/wp\/v2\/types\/post"}],"author":[{"embeddable":true,"href":"http:\/\/coraldecamaradenavarra.com\/index.php?rest_route=\/wp\/v2\/users\/1"}],"replies":[{"embeddable":true,"href":"http:\/\/coraldecamaradenavarra.com\/index.php?rest_route=%2Fwp%2Fv2%2Fcomments&post=1172"}],"version-history":[{"count":0,"href":"http:\/\/coraldecamaradenavarra.com\/index.php?rest_route=\/wp\/v2\/posts\/1172\/revisions"}],"wp:featuredmedia":[{"embeddable":true,"href":"http:\/\/coraldecamaradenavarra.com\/index.php?rest_route=\/wp\/v2\/media\/1169"}],"wp:attachment":[{"href":"http:\/\/coraldecamaradenavarra.com\/index.php?rest_route=%2Fwp%2Fv2%2Fmedia&parent=1172"}],"wp:term":[{"taxonomy":"category","embeddable":true,"href":"http:\/\/coraldecamaradenavarra.com\/index.php?rest_route=%2Fwp%2Fv2%2Fcategories&post=1172"},{"taxonomy":"post_tag","embeddable":true,"href":"http:\/\/coraldecamaradenavarra.com\/index.php?rest_route=%2Fwp%2Fv2%2Ftags&post=1172"}],"curies":[{"name":"wp","href":"https:\/\/api.w.org\/{rel}","templated":true}]}}