{"id":1168,"date":"2012-05-23T16:51:27","date_gmt":"2012-05-23T16:51:27","guid":{"rendered":"http:\/\/www.sogimifi.dns-privadas.es\/?p=1168"},"modified":"2012-05-23T16:51:27","modified_gmt":"2012-05-23T16:51:27","slug":"la-ccn-nga-presenta-el-ciclo-encantando","status":"publish","type":"post","link":"http:\/\/coraldecamaradenavarra.com\/?p=1168&lang=es","title":{"rendered":"LA CCN-NGA PRESENTA EL CICLO ENCANTANDO"},"content":{"rendered":"<p><br mce_bogus=\"1\"><\/p>\n<h1>LA CCN-NGA PRESENTA EL CICLO ENCANTADO<br \/><\/h1>\n<p>Esta ma\u00f1ana, en rueda de prensa, la Coral de C\u00e1mara de Navarra ha presentado el Ciclo propio ENCANTANDO 2012-2013. Ciclo que dar\u00e1 comienzo con dos conciertos dedicados a la obra de Josquin Desprez los d\u00edas 25 y 27 de mayo en el Refectorio de la Catedral de Pamplona.<\/p>\n<p>  <!--more-->   <\/p>\n<p><img decoding=\"async\" src=\"http:\/\/www.sogimifi.dns-privadas.es\/wp-content\/uploads\/2012\/05\/ruedaprensa.jpg\" mce_src=\"http:\/\/www.sogimifi.dns-privadas.es\/wp-content\/uploads\/2012\/05\/ruedaprensa.jpg\" style=\"margin: 25px; float: right;\" mce_style=\"margin: 25px; float: right;\" border=\"0\" width=\"400\"><\/p>\n<p><b> En el incomparable marco de los salones del Hotel Palacio de Guendulain, ha tenido lugar la rueda de prensa de la Coral de C\u00e1mara de Navarra. En ella han estado presentes el Presidente, Javier Casal\u00ed, el Director Art\u00edstico, David Guindano y el gerente I\u00f1igo Oses.<\/b><\/p>\n<p><b>Tras agradecer la presencia a los medios de comunicaci\u00f3n y la hospitalidad del personal del hotel Casal\u00ed ha comenzado declarando que la Coral de C\u00e1mara de Navarra no est\u00e1 buscando Gerente, ratificando a I\u00f1igo Oses en su cargo. Ayer, un anuncio comercial de un importante medio de comunicaci\u00f3n de nuestra comunidad anunciaba err\u00f3neamente que \u201cLa Coral de C\u00e1mara de Navarra  busca Gerente\u201d. Es la Coral de C\u00e1mara de Pamplona la que precisa de uno. Simplemente, aprovechando que hoy nos dirig\u00edamos a los medios quer\u00edamos aclararlo por el revuelo causado.  <\/b><\/p>\n<p><b>Una vez aclarado este incidente ha declarado que \u00abes una satisfacci\u00f3n enorme para nuestra entidad el presentar nuestro Ciclo propio ENCANTANDO, una aspiraci\u00f3n de la entidad desde su fundaci\u00f3n de la que hoy por fin podemos informaros y que nos permitir\u00e1 acercarnos a otras formas de financiaci\u00f3n y prepararnos mejor para el futuro<br \/>  <\/b><\/p>\n<p><b>A continuaci\u00f3n a tomado la palabra David Guindano para abordar el lado m\u00e1s art\u00edstico del Ciclo ENCANTANDO se\u00f1alando que es el marco perfecto en el que de una manera m\u00e1s libre programar y llevar a cabo proyectos propios de los objetivos fundacionales de la Asociaci\u00f3n en espacios.   Por \u00faltimo, I\u00f1igo Oses se ha referido a algunos aspectos m\u00e1s t\u00e9cnicos del Ciclo y ha informado de la adhesi\u00f3n de la Coral de C\u00e1mara de Navarra a la Asociaci\u00f3n GEMA.   \/b&gt;<\/b><\/p>\n<p><b><b>Para m\u00e1s informaci\u00f3n puedes descargarte convocatoria con el orden del d\u00eda de la misma pinchando en el pdf.   <\/b><\/b><\/p>\n<p><b><b><br \/> <a href=\"http:\/\/www.sogimifi.dns-privadas.es\/wp-content\/uploads\/2012\/05\/notaprensa.pdf\" mce_href=\"http:\/\/www.sogimifi.dns-privadas.es\/wp-content\/uploads\/2012\/05\/notaprensa.pdf\" target=\"_blank\"><img decoding=\"async\" src=\"http:\/\/www.sogimifi.dns-privadas.es\/wp-content\/uploads\/2008\/08\/pdf.png\" mce_src=\"http:\/\/www.sogimifi.dns-privadas.es\/wp-content\/uploads\/2008\/08\/pdf.png\" alt=\"icono pdf\" style=\"margin-bottom: 20px;\" mce_style=\"margin-bottom: 20px;\" border=\"0\"><\/a> <br \/> <a target=\"_blank\">NOTA DE PRENSA 23\/05\/2012<br \/><\/a><\/b><\/b><\/p>\n<p><b>23 de mayo de 2012<br \/><\/b><\/p>\n","protected":false},"excerpt":{"rendered":"<p>LA CCN-NGA PRESENTA EL CICLO ENCANTADO Esta ma\u00f1ana, en rueda de prensa, la Coral de C\u00e1mara de Navarra ha presentado el Ciclo propio ENCANTANDO 2012-2013. Ciclo que dar\u00e1 comienzo con dos conciertos dedicados a la obra de Josquin Desprez los d\u00edas 25 y 27 de mayo en el Refectorio de la Catedral de Pamplona.<\/p>\n","protected":false},"author":1,"featured_media":1166,"comment_status":"open","ping_status":"open","sticky":false,"template":"","format":"standard","meta":[],"categories":[44],"tags":[],"_links":{"self":[{"href":"http:\/\/coraldecamaradenavarra.com\/index.php?rest_route=\/wp\/v2\/posts\/1168"}],"collection":[{"href":"http:\/\/coraldecamaradenavarra.com\/index.php?rest_route=\/wp\/v2\/posts"}],"about":[{"href":"http:\/\/coraldecamaradenavarra.com\/index.php?rest_route=\/wp\/v2\/types\/post"}],"author":[{"embeddable":true,"href":"http:\/\/coraldecamaradenavarra.com\/index.php?rest_route=\/wp\/v2\/users\/1"}],"replies":[{"embeddable":true,"href":"http:\/\/coraldecamaradenavarra.com\/index.php?rest_route=%2Fwp%2Fv2%2Fcomments&post=1168"}],"version-history":[{"count":0,"href":"http:\/\/coraldecamaradenavarra.com\/index.php?rest_route=\/wp\/v2\/posts\/1168\/revisions"}],"wp:featuredmedia":[{"embeddable":true,"href":"http:\/\/coraldecamaradenavarra.com\/index.php?rest_route=\/wp\/v2\/media\/1166"}],"wp:attachment":[{"href":"http:\/\/coraldecamaradenavarra.com\/index.php?rest_route=%2Fwp%2Fv2%2Fmedia&parent=1168"}],"wp:term":[{"taxonomy":"category","embeddable":true,"href":"http:\/\/coraldecamaradenavarra.com\/index.php?rest_route=%2Fwp%2Fv2%2Fcategories&post=1168"},{"taxonomy":"post_tag","embeddable":true,"href":"http:\/\/coraldecamaradenavarra.com\/index.php?rest_route=%2Fwp%2Fv2%2Ftags&post=1168"}],"curies":[{"name":"wp","href":"https:\/\/api.w.org\/{rel}","templated":true}]}}