{"id":1165,"date":"2012-04-23T22:48:14","date_gmt":"2012-04-23T22:48:14","guid":{"rendered":"http:\/\/www.sogimifi.dns-privadas.es\/?p=1165"},"modified":"2012-04-23T22:48:14","modified_gmt":"2012-04-23T22:48:14","slug":"la-ccn-firma-el-convenio-con-el-gobierno-de-navarra","status":"publish","type":"post","link":"http:\/\/coraldecamaradenavarra.com\/?p=1165&lang=es","title":{"rendered":"LA CCN FIRMA EL CONVENIO CON EL GOBIERNO DE NAVARRA"},"content":{"rendered":"<p><br mce_bogus=\"1\"><\/p>\n<h1>LA CCN FIRMA EL CONVENIO CON EL GOBIERNO DE NAVARRA<br \/><\/h1>\n<p>El pasdo viernes tuvo lugar en el Auditorio Baluarte la firma de los convenios entre el Gobierno de Navarra y las diferentes entidades art\u00edsticas de la comunidad apoyadas tras la convocatoria de libre concurrencia que convoc\u00f3 el Departamento de Cultura, Turismo y Relaciones Institucionales. <\/p>\n<p> <!--more-->  <\/p>\n<p><b>El convenio de la CCN\/NGA ha sido firmado por el Presidente de la entidad, Javier Casal\u00ed y el propio Sr. Consejero de Cultura, Turismo y Relaciones Institucionales del Gobierno de Navarra, Juan Luis S\u00e1nchez de Muni\u00e1in. En la foto podemos ver a Casal\u00ed y Sanchez de Munia\u00edn en el momento de la firma ante la atenta mirada de la Directora General del Servicio de Acci\u00f3n Cultural, M\u00aa Cristina Urdanoz.   Como podemos ver en la primera fotograf\u00eda.  <\/b><\/p>\n<p><img decoding=\"async\" src=\"http:\/\/www.sogimifi.dns-privadas.es\/wp-content\/uploads\/2012\/04\/firmaconvenios.jpg\" mce_src=\"http:\/\/www.sogimifi.dns-privadas.es\/wp-content\/uploads\/2012\/04\/firmaconvenios.jpg\" style=\"margin: 25px; float: right;\" mce_style=\"margin: 25px; float: right;\" border=\"0\" width=\"500\"><\/p>\n<p>  En el acto de la firma de los convenios, cada una de las entidades present\u00f3 ante los responsables de del Departamento de Cultura, Tursimo y Relaciones Institucionales y las dem\u00e1s agrupaciones las l\u00edneas generales de cada uno de los proyectos. Un momento para conocer mejor la realidad de las diferentes entidades y hablar de proyectos futuros. En la imagen vemos el momento en el que el Presidente de la CCN\/NGA, Javier Casal\u00ed, desgranaba el proyecto de la instiruci\u00f3n para este a\u00f1o 2012.  <\/p>\n<p><\/p>\n<p><b><br \/><\/b><\/p>\n<p><b><img decoding=\"async\" src=\"http:\/\/www.sogimifi.dns-privadas.es\/wp-content\/uploads\/2012\/04\/firmaconvenio.jpg\" mce_src=\"http:\/\/www.sogimifi.dns-privadas.es\/wp-content\/uploads\/2012\/04\/firmaconvenio.jpg\" style=\"margin: 25px; float: right;\" mce_style=\"margin: 25px; float: right;\" border=\"0\" width=\"500\"><\/b><\/p>\n<p><b>  23 de abril de 2012<\/b><\/p>\n","protected":false},"excerpt":{"rendered":"<p>LA CCN FIRMA EL CONVENIO CON EL GOBIERNO DE NAVARRA El pasdo viernes tuvo lugar en el Auditorio Baluarte la firma de los convenios entre el Gobierno de Navarra y las diferentes entidades art\u00edsticas de la comunidad apoyadas tras la convocatoria de libre concurrencia que convoc\u00f3 el Departamento de Cultura, Turismo y Relaciones Institucionales.<\/p>\n","protected":false},"author":1,"featured_media":1163,"comment_status":"open","ping_status":"open","sticky":false,"template":"","format":"standard","meta":[],"categories":[44],"tags":[],"_links":{"self":[{"href":"http:\/\/coraldecamaradenavarra.com\/index.php?rest_route=\/wp\/v2\/posts\/1165"}],"collection":[{"href":"http:\/\/coraldecamaradenavarra.com\/index.php?rest_route=\/wp\/v2\/posts"}],"about":[{"href":"http:\/\/coraldecamaradenavarra.com\/index.php?rest_route=\/wp\/v2\/types\/post"}],"author":[{"embeddable":true,"href":"http:\/\/coraldecamaradenavarra.com\/index.php?rest_route=\/wp\/v2\/users\/1"}],"replies":[{"embeddable":true,"href":"http:\/\/coraldecamaradenavarra.com\/index.php?rest_route=%2Fwp%2Fv2%2Fcomments&post=1165"}],"version-history":[{"count":0,"href":"http:\/\/coraldecamaradenavarra.com\/index.php?rest_route=\/wp\/v2\/posts\/1165\/revisions"}],"wp:featuredmedia":[{"embeddable":true,"href":"http:\/\/coraldecamaradenavarra.com\/index.php?rest_route=\/wp\/v2\/media\/1163"}],"wp:attachment":[{"href":"http:\/\/coraldecamaradenavarra.com\/index.php?rest_route=%2Fwp%2Fv2%2Fmedia&parent=1165"}],"wp:term":[{"taxonomy":"category","embeddable":true,"href":"http:\/\/coraldecamaradenavarra.com\/index.php?rest_route=%2Fwp%2Fv2%2Fcategories&post=1165"},{"taxonomy":"post_tag","embeddable":true,"href":"http:\/\/coraldecamaradenavarra.com\/index.php?rest_route=%2Fwp%2Fv2%2Ftags&post=1165"}],"curies":[{"name":"wp","href":"https:\/\/api.w.org\/{rel}","templated":true}]}}