{"id":1161,"date":"2012-04-15T17:10:05","date_gmt":"2012-04-15T17:10:05","guid":{"rendered":"http:\/\/www.sogimifi.dns-privadas.es\/?p=1161"},"modified":"2012-04-15T17:10:05","modified_gmt":"2012-04-15T17:10:05","slug":"asamblea-general-ordinaria-de-socios","status":"publish","type":"post","link":"http:\/\/coraldecamaradenavarra.com\/?p=1161&lang=es","title":{"rendered":"ASAMBLEA GENERAL ORDINARIA DE SOCIOS"},"content":{"rendered":"<p><br mce_bogus=\"1\"><\/p>\n<h1>ASAMBLEA GENERAL ORDINARIA DE SOCIOS 2012<br \/><\/h1>\n<p>EL pasado jueves fue convocada la Asamblea General de Socios de la Coral de C\u00e1mara de Navarra de este a\u00f1o 2012 que tendr\u00e1 lugar el pr\u00f3ximo s\u00e1bado 28 de Abril en la sede de la CCN\/NGA de No\u00e1in.<\/p>\n<p>  <!--more-->   <\/p>\n<p><img decoding=\"async\" src=\"http:\/\/www.sogimifi.dns-privadas.es\/wp-content\/uploads\/2012\/04\/logosocios.jpg\" mce_src=\"http:\/\/www.sogimifi.dns-privadas.es\/wp-content\/uploads\/2012\/04\/logosocios.jpg\" style=\"margin: 25px; float: right;\" mce_style=\"margin: 25px; float: right;\" border=\"0\" width=\"400\"><\/p>\n<p><b> Como cada a\u00f1o la Junta Directiva de la Coral de C\u00e1mara de Navarra\/Nafarroako Ganbera Abesbatza hace p\u00fablica la convocatoria de la Asamblea General de Socios de la entidad.<\/b><\/p>\n<p><b>\u00bfD\u00f3nde se celebrar\u00e1?  <\/b><\/p>\n<p><b>Sede de la Coral de C\u00e1mara de Navarra (Antigua Casa de Cultura de No\u00e1in) C\/San Miguel, n\u00ba4 CP31110 No\u00e1in (Navarra) Autob\u00fas urbano, l\u00ednea 16 Parada Calle Real, 22  <\/b><\/p>\n<p><b>19:30 horas en primera convocatoria, 20:00 horas en segunda convocatoria.  <\/b><\/p>\n<p><b>Puedes descargarte convocatoria con el orden del d\u00eda de la misma pinchando en el pdf.   <\/b><\/p>\n<p><b><br \/> <a href=\"http:\/\/www.sogimifi.dns-privadas.es\/wp-content\/uploads\/2012\/04\/convocatoria.pdf\" mce_href=\"http:\/\/www.sogimifi.dns-privadas.es\/wp-content\/uploads\/2012\/04\/convocatoria.pdf\" target=\"_blank\"><img decoding=\"async\" src=\"http:\/\/www.sogimifi.dns-privadas.es\/wp-content\/uploads\/2008\/08\/pdf.png\" mce_src=\"http:\/\/www.sogimifi.dns-privadas.es\/wp-content\/uploads\/2008\/08\/pdf.png\" alt=\"icono pdf\" style=\"margin-bottom: 20px;\" mce_style=\"margin-bottom: 20px;\" border=\"0\"><\/a> <br \/> <a target=\"_blank\">CONVOCATORIA ASAMBLEA SOCIOS 2012<br \/><\/a><\/b><\/p>\n<p>14 de abril de 2012<\/p>\n","protected":false},"excerpt":{"rendered":"<p>ASAMBLEA GENERAL ORDINARIA DE SOCIOS 2012 EL pasado jueves fue convocada la Asamblea General de Socios de la Coral de C\u00e1mara de Navarra de este a\u00f1o 2012 que tendr\u00e1 lugar el pr\u00f3ximo s\u00e1bado 28 de Abril en la sede de la CCN\/NGA de No\u00e1in.<\/p>\n","protected":false},"author":1,"featured_media":1159,"comment_status":"open","ping_status":"open","sticky":false,"template":"","format":"standard","meta":[],"categories":[44],"tags":[],"_links":{"self":[{"href":"http:\/\/coraldecamaradenavarra.com\/index.php?rest_route=\/wp\/v2\/posts\/1161"}],"collection":[{"href":"http:\/\/coraldecamaradenavarra.com\/index.php?rest_route=\/wp\/v2\/posts"}],"about":[{"href":"http:\/\/coraldecamaradenavarra.com\/index.php?rest_route=\/wp\/v2\/types\/post"}],"author":[{"embeddable":true,"href":"http:\/\/coraldecamaradenavarra.com\/index.php?rest_route=\/wp\/v2\/users\/1"}],"replies":[{"embeddable":true,"href":"http:\/\/coraldecamaradenavarra.com\/index.php?rest_route=%2Fwp%2Fv2%2Fcomments&post=1161"}],"version-history":[{"count":0,"href":"http:\/\/coraldecamaradenavarra.com\/index.php?rest_route=\/wp\/v2\/posts\/1161\/revisions"}],"wp:featuredmedia":[{"embeddable":true,"href":"http:\/\/coraldecamaradenavarra.com\/index.php?rest_route=\/wp\/v2\/media\/1159"}],"wp:attachment":[{"href":"http:\/\/coraldecamaradenavarra.com\/index.php?rest_route=%2Fwp%2Fv2%2Fmedia&parent=1161"}],"wp:term":[{"taxonomy":"category","embeddable":true,"href":"http:\/\/coraldecamaradenavarra.com\/index.php?rest_route=%2Fwp%2Fv2%2Fcategories&post=1161"},{"taxonomy":"post_tag","embeddable":true,"href":"http:\/\/coraldecamaradenavarra.com\/index.php?rest_route=%2Fwp%2Fv2%2Ftags&post=1161"}],"curies":[{"name":"wp","href":"https:\/\/api.w.org\/{rel}","templated":true}]}}