{"id":1158,"date":"2012-04-11T16:43:35","date_gmt":"2012-04-11T16:43:35","guid":{"rendered":"http:\/\/www.sogimifi.dns-privadas.es\/?p=1158"},"modified":"2012-04-11T16:43:35","modified_gmt":"2012-04-11T16:43:35","slug":"convocatoria-de-audiciones-2012","status":"publish","type":"post","link":"http:\/\/coraldecamaradenavarra.com\/?p=1158&lang=es","title":{"rendered":"CONVOCATORIA DE AUDICIONES 2012"},"content":{"rendered":"<p><br mce_bogus=\"1\"><\/p>\n<h1>CONVOCATORIA DE AUDICIONES 2012<br \/><\/h1>\n<p>Ya est\u00e1n disponibles las bases de la convocatoria para las audiciones correspondientes al a\u00f1o 2012. La CCN\/NGA convoca audiciones para todas sus cuerdas en varias de sus formaciones.<\/p>\n<p>  <!--more-->  <\/p>\n<p><\/p>\n<p><img decoding=\"async\" src=\"http:\/\/www.sogimifi.dns-privadas.es\/wp-content\/uploads\/2012\/04\/convocatoria2012.jpg\" mce_src=\"http:\/\/www.sogimifi.dns-privadas.es\/wp-content\/uploads\/2012\/04\/convocatoria2012.jpg\" style=\"margin: 25px; float: right;\" mce_style=\"margin: 25px; float: right;\" border=\"0\" width=\"400\"><\/p>\n<p><b>La  Coral de C\u00e1mara de Navarra\/Nafarroako Ganbera Abesbatza ha convocado audiciones para todas sus cuerdas en las siguientes formaciones: <\/b><\/p>\n<p><b> &#8211; Capilla Renacentista Michael Navarrus (Siglos XVI-XVIII) <\/b><\/p>\n<p><b>&#8211; Formaci\u00f3n Cl\u00e1sica de la CCN\/NGA (Siglos XVIII-XXI) <\/b><\/p>\n<p><b>&#8211; Jazzy Leap (M\u00fasica Moderna\/Jazz) <\/b><\/p>\n<p><b> PROGRAMA A INTERPRETAR&nbsp;<\/b><\/p>\n<p><b> 1. En todos los casos la prueba consistir\u00e1 en una lecci\u00f3n de solfeo de un nivel medio, para la que habr\u00e1 10 minutos de preparaci\u00f3n con un teclado. <\/b><\/p>\n<p><b> 2. Interpretaci\u00f3n de una obra \u00aba solo\u00bb correspondiente al repertorio propio de la formaci\u00f3n a la que se quiera optar.  <\/b><\/p>\n<p><b>3. En el caso de JAZZY LEAP se presentar\u00e1n tres obras de estilos contrastantes <\/b><\/p>\n<p><b> INSCRIPCI\u00d3N<\/b><\/p>\n<p><b>  El bolet\u00edn de inscripci\u00f3n (adjunto m\u00e1s abajo) y las partituras a interpretar deber\u00e1n enviarse antes del lunes 23 de abril, preferentemente al email ioses@sogimifi.dns-privadas.es o a la siguiente direcci\u00f3n postal:  <\/b><\/p>\n<p><b>Coral de C\u00e1mara de Navarra (Antigua Casa de Cultura de No\u00e1in) <\/b><\/p>\n<p><b>C\/San Miguel, n\u00ba4 CP 31110 No\u00e1in (Navarra) <\/b><\/p>\n<p><b>Tel\u00e9fono de contacto: 629 052 869  <\/b><\/p>\n<p><b>AUDICI\u00d3N<\/b><\/p>\n<p><b>\u00bfCu\u00e1ndo? Se celebrar\u00e1n el s\u00e1bado 28 de abril. La hora que se asigne a cada int\u00e9rprete se comunicar\u00e1 por escrito (v\u00eda email y sms) una vez recibidas las solicitudes. <\/b><\/p>\n<p><b> \u00bfD\u00f3nde? Sede de la Coral de C\u00e1mara de Navarra (Antigua Casa de Cultura de No\u00e1in) C\/San Miguel, n\u00ba4 CP31110 No\u00e1in (Navarra) Autob\u00fas urbano, l\u00ednea 16 Parada Calle Real, 22  <\/b><\/p>\n<p><b>Desc\u00e1rgate las bases y formulario correspondientes pinchando en el Pdf.<\/b><\/p>\n<p><b>  <br \/> <a href=\"http:\/\/www.sogimifi.dns-privadas.es\/wp-content\/uploads\/2012\/04\/convocatoria2012.pdf\" mce_href=\"http:\/\/www.sogimifi.dns-privadas.es\/wp-content\/uploads\/2012\/04\/convocatoria2012.pdf\" target=\"_blank\"><img decoding=\"async\" src=\"http:\/\/www.sogimifi.dns-privadas.es\/wp-content\/uploads\/2008\/08\/pdf.png\" mce_src=\"http:\/\/www.sogimifi.dns-privadas.es\/wp-content\/uploads\/2008\/08\/pdf.png\" alt=\"icono pdf\" style=\"margin-bottom: 20px;\" mce_style=\"margin-bottom: 20px;\" border=\"0\"><\/a> <br \/> <a target=\"_blank\">BASES Y FORMULARIO AUDICIONES 2012<br \/><\/a><\/b><\/p>\n<p><\/p>\n<p><\/p>\n<p>11 de abril de 2012<\/p>\n","protected":false},"excerpt":{"rendered":"<p>CONVOCATORIA DE AUDICIONES 2012 Ya est\u00e1n disponibles las bases de la convocatoria para las audiciones correspondientes al a\u00f1o 2012. La CCN\/NGA convoca audiciones para todas sus cuerdas en varias de sus formaciones.<\/p>\n","protected":false},"author":1,"featured_media":1156,"comment_status":"open","ping_status":"open","sticky":false,"template":"","format":"standard","meta":[],"categories":[44],"tags":[],"_links":{"self":[{"href":"http:\/\/coraldecamaradenavarra.com\/index.php?rest_route=\/wp\/v2\/posts\/1158"}],"collection":[{"href":"http:\/\/coraldecamaradenavarra.com\/index.php?rest_route=\/wp\/v2\/posts"}],"about":[{"href":"http:\/\/coraldecamaradenavarra.com\/index.php?rest_route=\/wp\/v2\/types\/post"}],"author":[{"embeddable":true,"href":"http:\/\/coraldecamaradenavarra.com\/index.php?rest_route=\/wp\/v2\/users\/1"}],"replies":[{"embeddable":true,"href":"http:\/\/coraldecamaradenavarra.com\/index.php?rest_route=%2Fwp%2Fv2%2Fcomments&post=1158"}],"version-history":[{"count":0,"href":"http:\/\/coraldecamaradenavarra.com\/index.php?rest_route=\/wp\/v2\/posts\/1158\/revisions"}],"wp:featuredmedia":[{"embeddable":true,"href":"http:\/\/coraldecamaradenavarra.com\/index.php?rest_route=\/wp\/v2\/media\/1156"}],"wp:attachment":[{"href":"http:\/\/coraldecamaradenavarra.com\/index.php?rest_route=%2Fwp%2Fv2%2Fmedia&parent=1158"}],"wp:term":[{"taxonomy":"category","embeddable":true,"href":"http:\/\/coraldecamaradenavarra.com\/index.php?rest_route=%2Fwp%2Fv2%2Fcategories&post=1158"},{"taxonomy":"post_tag","embeddable":true,"href":"http:\/\/coraldecamaradenavarra.com\/index.php?rest_route=%2Fwp%2Fv2%2Ftags&post=1158"}],"curies":[{"name":"wp","href":"https:\/\/api.w.org\/{rel}","templated":true}]}}