{"id":1155,"date":"2012-04-07T00:42:42","date_gmt":"2012-04-07T00:42:42","guid":{"rendered":"http:\/\/www.sogimifi.dns-privadas.es\/?p=1155"},"modified":"2012-04-07T00:42:42","modified_gmt":"2012-04-07T00:42:42","slug":"critica-del-concierto-lux-et-umbra","status":"publish","type":"post","link":"http:\/\/coraldecamaradenavarra.com\/?p=1155&lang=es","title":{"rendered":"CR\u00cdTICA DEL CONCIERTO LUX ET UMBRA"},"content":{"rendered":"<p><br mce_bogus=\"1\"><\/p>\n<h1>CR\u00cdTICA DEL CONCIERTO LUX ET UMBRA<br \/><\/h1>\n<p>Ya puedes leer la cr\u00edtica del concierto \u00abLux et Umbra\u00bb publicada hoy en el Diario de Noticias y escrita por Teobaldos.<\/p>\n<p>  <!--more-->  <\/p>\n<p><\/p>\n<p><img decoding=\"async\" src=\"http:\/\/www.sogimifi.dns-privadas.es\/wp-content\/uploads\/2012\/04\/luxetumbra.jpg\" mce_src=\"http:\/\/www.sogimifi.dns-privadas.es\/wp-content\/uploads\/2012\/04\/luxetumbra.jpg\" style=\"margin: 25px; float: right;\" mce_style=\"margin: 25px; float: right;\" border=\"0\" width=\"400\"><\/p>\n<p><b>Hoy, en la edici\u00f3n impresa de Diario de Noticias, su cr\u00edtico Teobaldos publicaba la cr\u00edtica \u00abAlta polifon\u00eda\u00bb correspondiente al concierto ofrecido por la Capilla Renacentista Michael Navarrus de la CCN\/NGA el pasado domingo. El concierto celebrado en la Iglesia de las M.M. Recoletas de Pamplona estaba dedicado a obras de T.L. de Victoria y Carlo Gesualdo.<br \/><\/b><\/p>\n<p><b>   Desc\u00e1rgate el archivo de la cr\u00edtica pinchando en el Pdf correspondiente.<\/b><\/p>\n<p><b>  <br \/> <a href=\"http:\/\/www.sogimifi.dns-privadas.es\/wp-content\/uploads\/2012\/04\/criticaluxetumbra.jpg\" mce_href=\"http:\/\/www.sogimifi.dns-privadas.es\/wp-content\/uploads\/2012\/04\/criticaluxetumbra.jpg\" target=\"_blank\"><img decoding=\"async\" src=\"http:\/\/www.sogimifi.dns-privadas.es\/wp-content\/uploads\/2008\/08\/pdf.png\" mce_src=\"http:\/\/www.sogimifi.dns-privadas.es\/wp-content\/uploads\/2008\/08\/pdf.png\" alt=\"icono pdf\" style=\"margin-bottom: 20px;\" mce_style=\"margin-bottom: 20px;\" border=\"0\"><\/a> <br \/> <a target=\"_blank\">CR\u00cdTICA \u00abLUX ET UMBRA\u00bb POR TEOBALDOS<br \/><\/a><\/b><\/p>\n<p><\/p>\n<p><\/p>\n<p>06 de abril de 2012<\/p>\n","protected":false},"excerpt":{"rendered":"<p>CR\u00cdTICA DEL CONCIERTO LUX ET UMBRA Ya puedes leer la cr\u00edtica del concierto \u00abLux et Umbra\u00bb publicada hoy en el Diario de Noticias y escrita por Teobaldos.<\/p>\n","protected":false},"author":1,"featured_media":1153,"comment_status":"open","ping_status":"open","sticky":false,"template":"","format":"standard","meta":[],"categories":[44],"tags":[],"_links":{"self":[{"href":"http:\/\/coraldecamaradenavarra.com\/index.php?rest_route=\/wp\/v2\/posts\/1155"}],"collection":[{"href":"http:\/\/coraldecamaradenavarra.com\/index.php?rest_route=\/wp\/v2\/posts"}],"about":[{"href":"http:\/\/coraldecamaradenavarra.com\/index.php?rest_route=\/wp\/v2\/types\/post"}],"author":[{"embeddable":true,"href":"http:\/\/coraldecamaradenavarra.com\/index.php?rest_route=\/wp\/v2\/users\/1"}],"replies":[{"embeddable":true,"href":"http:\/\/coraldecamaradenavarra.com\/index.php?rest_route=%2Fwp%2Fv2%2Fcomments&post=1155"}],"version-history":[{"count":0,"href":"http:\/\/coraldecamaradenavarra.com\/index.php?rest_route=\/wp\/v2\/posts\/1155\/revisions"}],"wp:featuredmedia":[{"embeddable":true,"href":"http:\/\/coraldecamaradenavarra.com\/index.php?rest_route=\/wp\/v2\/media\/1153"}],"wp:attachment":[{"href":"http:\/\/coraldecamaradenavarra.com\/index.php?rest_route=%2Fwp%2Fv2%2Fmedia&parent=1155"}],"wp:term":[{"taxonomy":"category","embeddable":true,"href":"http:\/\/coraldecamaradenavarra.com\/index.php?rest_route=%2Fwp%2Fv2%2Fcategories&post=1155"},{"taxonomy":"post_tag","embeddable":true,"href":"http:\/\/coraldecamaradenavarra.com\/index.php?rest_route=%2Fwp%2Fv2%2Ftags&post=1155"}],"curies":[{"name":"wp","href":"https:\/\/api.w.org\/{rel}","templated":true}]}}