{"id":1110,"date":"2011-12-20T23:03:49","date_gmt":"2011-12-20T23:03:49","guid":{"rendered":"http:\/\/www.sogimifi.dns-privadas.es\/?p=1110"},"modified":"2011-12-20T23:03:49","modified_gmt":"2011-12-20T23:03:49","slug":"nuevo-video-de-la-coral-2","status":"publish","type":"post","link":"http:\/\/coraldecamaradenavarra.com\/?p=1110&lang=es","title":{"rendered":"NUEVO V\u00cdDEO DE LA CORAL"},"content":{"rendered":"<h1>NUEVO V\u00cdDEO DE LA CORAL<\/h1>\n<p>Dentro de la estrecha colaboraci\u00f3n que mantienen la Coral de C\u00e1mara de Navarra\/Nafarroako Ganbera Abesbatza y la Fundaci\u00f3n Ars Incognita la grabaci\u00f3n de directos es una de las piedras angulares. Os presentamos la \u00faltima creaci\u00f3n de la \u00abfactoria Ecay\u00bb.<\/p>\n<p>  <!--more-->   <\/p>\n<p><img decoding=\"async\" loading=\"lazy\" src=\"http:\/\/www.sogimifi.dns-privadas.es\/wp-content\/uploads\/2011\/10\/padre%20goicoechea%20i%20-%20javier%20ecay.jpg\" mce_src=\"images\/stories\/padre goicoechea i - javier ecay.jpg\" style=\"margin: 25px; float: right;\" mce_style=\"margin: 25px; float: right;\" border=\"0\" height=\"328\" width=\"327\"><\/p>\n<p><\/p>\n<p>El v\u00eddeo que les presentamos fue grabado durante el concierto homenaje que se le rindi\u00f3 al compositor Jos\u00e9 Mar\u00eda Goicoechea el pasado 15 de octubre en la preciosa iglesia de San Nicol\u00e1s de Pamplona. En dicho homenaje, el Padre Goicoechea fue nombrado primer Socio de Honor de nuestra instituci\u00f3n. La obra que pueden degustar es el \u00abO sacrum convivium\u00bb interpretada por nuestra coral y dirigida por David Guindano. <\/p>\n<p><\/p>\n<h1>V\u00cdDEO<\/h1>\n<p> <iframe loading=\"lazy\" src=\"http:\/\/www.youtube.com\/embed\/PjfXNvUblo8\" mce_src=\"http:\/\/www.youtube.com\/embed\/PjfXNvUblo8\" allowfullscreen=\"\" frameborder=\"0\" height=\"315\" width=\"560\"><\/iframe>  <\/p>\n<p>21 de diciembre de 2011<\/p>\n<p><\/p>\n<p><i>Imagen cedida por la Fundaci\u00f3n Ars Incognita<\/i><\/p>\n","protected":false},"excerpt":{"rendered":"<p>NUEVO V\u00cdDEO DE LA CORAL Dentro de la estrecha colaboraci\u00f3n que mantienen la Coral de C\u00e1mara de Navarra\/Nafarroako Ganbera Abesbatza y la Fundaci\u00f3n Ars Incognita la grabaci\u00f3n de directos es una de las piedras angulares. Os presentamos la \u00faltima creaci\u00f3n de la \u00abfactoria Ecay\u00bb.<\/p>\n","protected":false},"author":1,"featured_media":1064,"comment_status":"open","ping_status":"open","sticky":false,"template":"","format":"standard","meta":[],"categories":[44],"tags":[120,96,79,92,97,131,130,59,132],"_links":{"self":[{"href":"http:\/\/coraldecamaradenavarra.com\/index.php?rest_route=\/wp\/v2\/posts\/1110"}],"collection":[{"href":"http:\/\/coraldecamaradenavarra.com\/index.php?rest_route=\/wp\/v2\/posts"}],"about":[{"href":"http:\/\/coraldecamaradenavarra.com\/index.php?rest_route=\/wp\/v2\/types\/post"}],"author":[{"embeddable":true,"href":"http:\/\/coraldecamaradenavarra.com\/index.php?rest_route=\/wp\/v2\/users\/1"}],"replies":[{"embeddable":true,"href":"http:\/\/coraldecamaradenavarra.com\/index.php?rest_route=%2Fwp%2Fv2%2Fcomments&post=1110"}],"version-history":[{"count":0,"href":"http:\/\/coraldecamaradenavarra.com\/index.php?rest_route=\/wp\/v2\/posts\/1110\/revisions"}],"wp:featuredmedia":[{"embeddable":true,"href":"http:\/\/coraldecamaradenavarra.com\/index.php?rest_route=\/wp\/v2\/media\/1064"}],"wp:attachment":[{"href":"http:\/\/coraldecamaradenavarra.com\/index.php?rest_route=%2Fwp%2Fv2%2Fmedia&parent=1110"}],"wp:term":[{"taxonomy":"category","embeddable":true,"href":"http:\/\/coraldecamaradenavarra.com\/index.php?rest_route=%2Fwp%2Fv2%2Fcategories&post=1110"},{"taxonomy":"post_tag","embeddable":true,"href":"http:\/\/coraldecamaradenavarra.com\/index.php?rest_route=%2Fwp%2Fv2%2Ftags&post=1110"}],"curies":[{"name":"wp","href":"https:\/\/api.w.org\/{rel}","templated":true}]}}