{"id":1102,"date":"2011-12-07T13:04:51","date_gmt":"2011-12-07T13:04:51","guid":{"rendered":"http:\/\/www.sogimifi.dns-privadas.es\/?p=1102"},"modified":"2011-12-07T13:04:51","modified_gmt":"2011-12-07T13:04:51","slug":"propheta-in-patria-nueva-linea-de-trabajo-de-la-ccn-nga","status":"publish","type":"post","link":"http:\/\/coraldecamaradenavarra.com\/?p=1102&lang=es","title":{"rendered":"PROPHETA IN PATRIA, NUEVA L\u00cdNEA DE TRABAJO DE LA CCN-NGA"},"content":{"rendered":"<h1>PROPHETA IN PATRIA, NUEVA L\u00cdNEA DE TRABAJO DE LA CCN-NGA<br \/><\/h1>\n<p>El pr\u00f3ximo 22 de diciembre estrenaremos una nueva l\u00ednea de trabajo en la que los compositores e int\u00e9rpretes navarros ser\u00e1n los principales protagonistas. En esta primera edici\u00f3n el compositor elegido ha sido<b> I\u00f1igo Casal\u00ed Sarasibar<\/b>, subdirector de nuestra formaci\u00f3n. As\u00ed pues, el \u00faltimo concierto del a\u00f1o de nuestra Coral ser\u00e1 un monogr\u00e1fico de la obra de I\u00f1igo Casal\u00ed.<\/p>\n<p>  <!--more-->  <\/p>\n<p><\/p>\n<p><img decoding=\"async\" src=\"http:\/\/www.sogimifi.dns-privadas.es\/wp-content\/uploads\/2011\/12\/inigocasali.jpg\" mce_src=\"http:\/\/www.sogimifi.dns-privadas.es\/wp-content\/uploads\/2011\/12\/inigocasali.jpg\" style=\"margin: 25px; float: right;\" mce_style=\"margin: 25px; float: right;\" border=\"0\" width=\"400\"><\/p>\n<p><b>\u00abPropheta in Patria\u00bb es una novedosa iniciativa con la que la CCN\/NGA pretende poner de relieve la val\u00eda de los artistas locales, en relaci\u00f3n con la actividad de la propia instituci\u00f3n. Contradiciendo el adagio latino y evang\u00e9lico \u00abNemo Propheta in Patria\u00bb, queremos apoyar a los talentos de aqu\u00ed para que, en primer lugar, sean reconocidos en su propia tierra.  <\/b><\/p>\n<p><b>Os dejamos unas l\u00edneas con la trayectoria del protagonista de la primera edici\u00f3n de \u00abPropheta in patria\u00bb en su vertiente compositiva:  <\/b><\/p>\n<p><b>\u00cd\u00f1igo Casal\u00ed Sarasibar  <\/b><\/p>\n<p><b>COMO COMPOSITOR <\/b><\/p>\n<p><b> En 1992 gan\u00f3 cuatro concursos de villancicos en Navarra con un villancico compuesto ese mismo a\u00f1o. Miembro fundador del grupo c\u00f3mico-musical \u201cLa Trova\u201d, del cual fue compositor e int\u00e9rprete desde 1992 hasta el a\u00f1o 2000.Con este grupo 1995 recibi\u00f3 una \u201cMenci\u00f3n a la originalidad de la m\u00fasica\u201d en los \u201cEncuentros de teatro\u201d organizados por el Gobierno de Navarra y el \u201cInstituto navarro de deporte y juventud\u201d. Autor de la obra \u201cOratorio de Navidad\u201d para coro, orquesta de c\u00e1mara y solistas, estrenado en Valladolid e interpretada posteriormente en Vigo, Pamplona y Los Arcos. Autor de un \u201cConcierto para flauta y cuarteto de cuerda\u201d estrenado en Gij\u00f3n en Noviembre de 1998. Autor de un \u201cConcierto para viola y orquesta de cuerda\u201d estrenado en Pamplona el 24 de enero de 2002 en la Ciudadela de Pamplona. Autor de la banda sonora del cortometraje \u201cLa casa del otro lado\u201d por lo que fue nominado para los premios \u201cKino\u201d organizados por la Universidad de Navarra. Autor de un \u201ccuarteto de cuerda\u201d estrenado el 25 de Marzo de 2001 en el pabell\u00f3n de mixtos de la Ciudadela de Pamplona e interpretado en diversas ocasiones por diversos conjuntos en Olite, Madrid, Pamplona,&#8230; Autor de la obra coral \u201cDa pacem Domine\u201d encargada por la Coral de c\u00e1mara de Pamplona y estrenada el 12 de Junio de 2001 en el pabell\u00f3n de mixtos de la Ciudadela de Pamplona e interpretado posteriormente en Par\u00eds y Pamplona por la propia Coral de c\u00e1mara de Pamplona. Ha grabado un C.D. de villancicos de invenci\u00f3n propia para la productora \u201cProducciones de la ra\u00edz\u201d titulado \u201cComo la nieve\u201d. Autor de la m\u00fasica de las operas infantiles: \u201cEl flautista de H\u00e1melin\u201d, \u201cEl traje nuevo del Emperador\u201d \u201cAl\u00ed Baba y los cuarenta ladrones\u201d as\u00ed como de la \u00f3pera en tres actos \u201cJavier\u201d, encargada en 2006 por la \u201cAsociaci\u00f3n de \u00f3pera de Tokio\u201d, estrenada el 2 de noviembre de ese a\u00f1o en el teatro \u201cYou-port\u201d de Tokio con \u00e9xito de cr\u00edtica y p\u00fablico. Autor de la m\u00fasica de la adaptaci\u00f3n del cuento \u201cHansel y Gretel\u201d realizada por encargo del festival \u201cPlaza\u201d de San Sebasti\u00e1n y estrenada el 23 de Junio de 2002 en el Kursaal con gran \u00e9xito, siendo la obra representa posteriormente en Pamplona, No\u00e1in, Mutilva, Anso\u00e1in, Cizur&#8230;.. Ha compuesto el \u201cHimno del cincuentenario\u201d de la sociedad deportiva cultural San Antonio, encargado por dicha instituci\u00f3n y grabado por la \u201cCoral de c\u00e1mara de Pamplona\u201d, la \u201cOrquesta Sinf\u00f3nica de Navarra\u201d y el propio I\u00f1igo Casal\u00ed, como tenor solista.<br \/><\/b><\/p>\n<p><b>  Consulta su Curr\u00edculum pinchando en el Pdf<\/b><\/p>\n<p><b>  <br \/> <a href=\"http:\/\/www.sogimifi.dns-privadas.es\/wp-content\/uploads\/2008\/08\/inigo_casali_cv.pdf\" mce_href=\"http:\/\/www.sogimifi.dns-privadas.es\/wp-content\/uploads\/2008\/08\/inigo_casali_cv.pdf\" target=\"_blank\"><img decoding=\"async\" src=\"http:\/\/www.sogimifi.dns-privadas.es\/wp-content\/uploads\/2008\/08\/pdf.png\" mce_src=\"http:\/\/www.sogimifi.dns-privadas.es\/wp-content\/uploads\/2008\/08\/pdf.png\" alt=\"icono pdf\" style=\"margin-bottom: 20px;\" mce_style=\"margin-bottom: 20px;\" border=\"0\"><\/a> <br \/> <a target=\"_blank\">CV I\u00d1IGO CASAL\u00cd<br \/><\/a><\/b><\/p>\n<p><\/p>\n<p>07 de diciembre de 2011<\/p>\n","protected":false},"excerpt":{"rendered":"<p>PROPHETA IN PATRIA, NUEVA L\u00cdNEA DE TRABAJO DE LA CCN-NGA El pr\u00f3ximo 22 de diciembre estrenaremos una nueva l\u00ednea de trabajo en la que los compositores e int\u00e9rpretes navarros ser\u00e1n los principales protagonistas. En esta primera edici\u00f3n el compositor elegido ha sido I\u00f1igo Casal\u00ed Sarasibar, subdirector de nuestra formaci\u00f3n. As\u00ed pues, el \u00faltimo concierto del a\u00f1o de nuestra Coral ser\u00e1<\/p>\n","protected":false},"author":1,"featured_media":1101,"comment_status":"open","ping_status":"open","sticky":false,"template":"","format":"standard","meta":[],"categories":[44],"tags":[113,96,79,106,97,59,110,112,111],"_links":{"self":[{"href":"http:\/\/coraldecamaradenavarra.com\/index.php?rest_route=\/wp\/v2\/posts\/1102"}],"collection":[{"href":"http:\/\/coraldecamaradenavarra.com\/index.php?rest_route=\/wp\/v2\/posts"}],"about":[{"href":"http:\/\/coraldecamaradenavarra.com\/index.php?rest_route=\/wp\/v2\/types\/post"}],"author":[{"embeddable":true,"href":"http:\/\/coraldecamaradenavarra.com\/index.php?rest_route=\/wp\/v2\/users\/1"}],"replies":[{"embeddable":true,"href":"http:\/\/coraldecamaradenavarra.com\/index.php?rest_route=%2Fwp%2Fv2%2Fcomments&post=1102"}],"version-history":[{"count":0,"href":"http:\/\/coraldecamaradenavarra.com\/index.php?rest_route=\/wp\/v2\/posts\/1102\/revisions"}],"wp:featuredmedia":[{"embeddable":true,"href":"http:\/\/coraldecamaradenavarra.com\/index.php?rest_route=\/wp\/v2\/media\/1101"}],"wp:attachment":[{"href":"http:\/\/coraldecamaradenavarra.com\/index.php?rest_route=%2Fwp%2Fv2%2Fmedia&parent=1102"}],"wp:term":[{"taxonomy":"category","embeddable":true,"href":"http:\/\/coraldecamaradenavarra.com\/index.php?rest_route=%2Fwp%2Fv2%2Fcategories&post=1102"},{"taxonomy":"post_tag","embeddable":true,"href":"http:\/\/coraldecamaradenavarra.com\/index.php?rest_route=%2Fwp%2Fv2%2Ftags&post=1102"}],"curies":[{"name":"wp","href":"https:\/\/api.w.org\/{rel}","templated":true}]}}