{"id":1100,"date":"2011-12-01T15:45:16","date_gmt":"2011-12-01T15:45:16","guid":{"rendered":"http:\/\/www.sogimifi.dns-privadas.es\/?p=1100"},"modified":"2011-12-01T15:45:16","modified_gmt":"2011-12-01T15:45:16","slug":"andoni-arcilla-tenor-y-director-de-nuestra-seccion-de-jazz-presenta-su-nuevo-disco","status":"publish","type":"post","link":"http:\/\/coraldecamaradenavarra.com\/?p=1100&lang=es","title":{"rendered":"ANDONI ARCILLA, TENOR Y DIRECTOR DE NUESTRA SECCI\u00d3N DE JAZZ  PRESENTA SU NUEVO DISCO"},"content":{"rendered":"<h1>ANDONI ARCILLA, TENOR Y DIRECTOR DE NUESTRA SECCI\u00d3N DE JAZZ&nbsp; PRESENTA SU NUEVO DISCO<br \/><\/h1>\n<p>Nuestro compa\u00f1ero present\u00f3 ayer en Pamplona su \u00faltimo trabajo, un disco de jazz con pinceladas De diferentes estilos (pop, rock, funk, contempor\u00e1neo y cl\u00e1sico) A Andoni Arcilla le hab\u00edamos escuchado antes en un proyecto vagamente similar, dirigido por el pianista eibarr\u00e9s Mikel Gaztelurrutia en The New Jazz Voices Ensemble, una estimable colecci\u00f3n de versiones de Duke Ellington, Stevie Wonder e incluso The Police, arregladas para cuatro voces y con reminiscencias de los musicales cl\u00e1sicos.<\/p>\n<p>  <!--more-->  <\/p>\n<p><\/p>\n<p><img decoding=\"async\" src=\"http:\/\/www.sogimifi.dns-privadas.es\/wp-content\/uploads\/2011\/12\/andoni.jpg\" mce_src=\"http:\/\/www.sogimifi.dns-privadas.es\/wp-content\/uploads\/2011\/12\/andoni.jpg\" style=\"margin: 25px; float: right;\" mce_style=\"margin: 25px; float: right;\" border=\"0\" width=\"600\"><\/p>\n<p><b>Hilkorra ez banintz <\/b>(<a title=\"Sello Errabal\" mce_href=\"http:\/\/www.hotsak.com\/Errabal\" href=\"http:\/\/www.hotsak.com\/Errabal\">Errabal<\/a>) es una proyecto completamente distinto: un pu\u00f1ado de adaptaciones de poetas vascos modernos (Koldo Izagirre, Hedoi Etxarte, Angel Erro, Itxaro Borda\u2026) en un contexto de jazz contempor\u00e1neo, m\u00e1s vibrante que reflexivo, m\u00e1s desafiante que autocomplaciente. He ah\u00ed el reto, felizmente resuelto.  El registro de Andoni poco tiene que ver con las grandes voces masculinas del jazz pero, si su tesitura puede parecer a priori m\u00e1s apropiada para un repertorio de pop, eso no parece haberle echado atr\u00e1s en ning\u00fan momento. Adapta los textos, los modela envolvi\u00e9ndolos en sus melod\u00edas y los hace propios convirti\u00e9ndolos en canciones llenas de sentimiento.  Sus acompa\u00f1antes cumplen brillantemente con su papel, como cabe esperar de algunos de los mejores m\u00fasicos reci\u00e9n salidos de Musikene: Jorge Abad\u00edas (guitarra), Kike Arza (contrabajo) y Juanma Urriza (bater\u00eda) tejen una perfecta y c\u00e1lida urdimbre, capturada con maestr\u00eda por Fredi Pelaez (Organiks!), responsable de la grabaci\u00f3n, que aqu\u00ed se reivindica como un productor a tener muy en cuenta, capaz de obtener interpretaciones de gran expresividad sin sacrificar el detalle ni la frescura. <\/p>\n<p>Siendo la voz el instrumento m\u00e1s presente, conformando un disco de canciones, encontramos tambi\u00e9n muchos momentos para la improvisaci\u00f3n de todos los componentes del grupo.  Menci\u00f3n especial merece la s\u00f3lida labor pian\u00edstica y los fant\u00e1sticos arreglos del propio Andoni Arcilla a lo largo de todo el disco.   Bolueta-Sestao evoca las paradas de un tren, que camina con pulso firme sobre una l\u00ednea de bajo sobrada de groove, una guitarras en deuda con el mejor Scofield y una trompeta a la que la sordina no le resta nada de energ\u00eda. Pigalle convulsiona inicialmente para adaptarse a continuaci\u00f3n a las necesidades narrativas del texto original de un modo m\u00e1s calmo y natural, y retomar felizmente el br\u00edo inicial a modo de resoluci\u00f3n\u2026  En contraste \u2013este trabajo est\u00e1 lleno de ellos- el viol\u00edn de Leire Fern\u00e1ndez en el \u00faltimo tema del disco (Piano eta Biolinerako) ti\u00f1e de melancol\u00eda la despedida, evocando la m\u00fasica de c\u00e1mara y apuntando hacia nuevos paisajes apenas esbozados aqu\u00ed, que deseamos conocer pronto.  Pero hay muchos matices y variaci\u00f3n de registros en el disco. En definitiva, un esfuerzo valiente y encomiable que reclama un merecido espacio en nuestra m\u00fasica, independientemente de modas.  Un paso adelante en el jazz vocal y la m\u00fasica contempor\u00e1nea.<\/p>\n<p>03 de diciembre de 2011<\/p>\n","protected":false},"excerpt":{"rendered":"<p>ANDONI ARCILLA, TENOR Y DIRECTOR DE NUESTRA SECCI\u00d3N DE JAZZ PRESENTA SU NUEVO DISCO Nuestro compa\u00f1ero present\u00f3 ayer en Pamplona su \u00faltimo trabajo, un disco de jazz con pinceladas De diferentes estilos (pop, rock, funk, contempor\u00e1neo y cl\u00e1sico) A Andoni Arcilla le hab\u00edamos escuchado antes en un proyecto vagamente similar, dirigido por el pianista eibarr\u00e9s Mikel Gaztelurrutia en The New<\/p>\n","protected":false},"author":1,"featured_media":1099,"comment_status":"open","ping_status":"open","sticky":false,"template":"","format":"standard","meta":[],"categories":[44],"tags":[],"_links":{"self":[{"href":"http:\/\/coraldecamaradenavarra.com\/index.php?rest_route=\/wp\/v2\/posts\/1100"}],"collection":[{"href":"http:\/\/coraldecamaradenavarra.com\/index.php?rest_route=\/wp\/v2\/posts"}],"about":[{"href":"http:\/\/coraldecamaradenavarra.com\/index.php?rest_route=\/wp\/v2\/types\/post"}],"author":[{"embeddable":true,"href":"http:\/\/coraldecamaradenavarra.com\/index.php?rest_route=\/wp\/v2\/users\/1"}],"replies":[{"embeddable":true,"href":"http:\/\/coraldecamaradenavarra.com\/index.php?rest_route=%2Fwp%2Fv2%2Fcomments&post=1100"}],"version-history":[{"count":0,"href":"http:\/\/coraldecamaradenavarra.com\/index.php?rest_route=\/wp\/v2\/posts\/1100\/revisions"}],"wp:featuredmedia":[{"embeddable":true,"href":"http:\/\/coraldecamaradenavarra.com\/index.php?rest_route=\/wp\/v2\/media\/1099"}],"wp:attachment":[{"href":"http:\/\/coraldecamaradenavarra.com\/index.php?rest_route=%2Fwp%2Fv2%2Fmedia&parent=1100"}],"wp:term":[{"taxonomy":"category","embeddable":true,"href":"http:\/\/coraldecamaradenavarra.com\/index.php?rest_route=%2Fwp%2Fv2%2Fcategories&post=1100"},{"taxonomy":"post_tag","embeddable":true,"href":"http:\/\/coraldecamaradenavarra.com\/index.php?rest_route=%2Fwp%2Fv2%2Ftags&post=1100"}],"curies":[{"name":"wp","href":"https:\/\/api.w.org\/{rel}","templated":true}]}}