{"id":1096,"date":"2011-11-25T14:31:59","date_gmt":"2011-11-25T14:31:59","guid":{"rendered":"http:\/\/www.sogimifi.dns-privadas.es\/?p=1096"},"modified":"2011-11-25T14:31:59","modified_gmt":"2011-11-25T14:31:59","slug":"andoni-arcilla-estrena-dos-obras-en-la-puesta-de-largo-del-cmc-garaikideak","status":"publish","type":"post","link":"http:\/\/coraldecamaradenavarra.com\/?p=1096&lang=es","title":{"rendered":"ANDONI ARCILLA ESTRENA DOS OBRAS EN LA PUESTA DE LARGO DEL CMC GARAIKIDEAK"},"content":{"rendered":"<h1>ANDONI ARCILLA ESTRENA DOS OBRAS EN LA PUESTA DE LARGO DEL CMC GARAIKIDEAK<br \/><\/h1>\n<p>El Centro de Arte Contempor\u00e1neo de Huarte acogi\u00f3 ayer la puesta de largo del Centro de M\u00fasica Contempor\u00e1nea Garaikideak. Andoni Arcilla, tenor de nuestra Coral y director de la secci\u00f3n de jazz de la Coral de C\u00e1mara de Navarra estren\u00f3 dos obras de Urtzi Iraizoz junto a la pianista Izaskun Yaben. Nuestra m\u00e1s sincero apoyo a esta gran iniciativa.<\/p>\n<p>  <!--more-->  <\/p>\n<p><\/p>\n<p><img decoding=\"async\" src=\"http:\/\/www.sogimifi.dns-privadas.es\/wp-content\/uploads\/2011\/11\/garaikideakandoni.jpg\" mce_src=\"http:\/\/www.sogimifi.dns-privadas.es\/wp-content\/uploads\/2011\/11\/garaikideakandoni.jpg\" style=\"margin: 25px; float: right;\" mce_style=\"margin: 25px; float: right;\" border=\"0\" width=\"600\"><\/p>\n<p><b><a title=\"CMC Garaikideak\" mce_href=\"http:\/\/cmcgaraikideak.blogspot.com\/\" href=\"http:\/\/cmcgaraikideak.blogspot.com\/\">CMC Garaikideak<\/a>,<\/b> es una iniciativa cultural de caracter privado y sin \u00e1nimo de lucro&nbsp; que re\u00fane ya diecis\u00e9is m\u00fasicos de Navarra, Euskadi y Arag\u00f3n&nbsp; y que tiene como objetivo crear, estrenar en concierto y difundir gratuitamente trabajos de composici\u00f3n dentro del campo de la m\u00fasica contempor\u00e1nea.&nbsp; <b>Andoni Arcilla<\/b> interpret\u00f3 junto a Izaskun dos obras de<b> Urtzi Iraizoz<\/b> basadas en dos poemas de Kirmen Uribe y el propio Iraizoz. \u00abBidaia Kahiera Buthan\u00bb y \u00abOrban, adoi, zauri\u00bb. Adem\u00e1s en la sesi\u00f3n de ayer se pudieron escuchar obras de Ignacio Fernandez Galindo, Yolanda Campos, (ide\u00f3logos de Garaikideak) David Cantalejo, Carlos Rodrigo.<\/p>\n<p>Los int\u00e9rprestes encargados de estrenar las obras que componian el programa, titulado \u00abM\u00fasica inaudita\u00bb fueron:<\/p>\n<p>Andoni Arcilla (tenor), Javier Arocena (Acorde\u00f3n), Endika Gutierrez (Piano), Maider Iraz\u00e1bal (flauta), Roberto Laita (tromb\u00f3n), Xabi Olaz\u00e1bal (acorde\u00f3n), Javier P\u00e9rez (clarinete), Miguel Rodriguez (tromb\u00f3n),&nbsp; Mar\u00eda Suberviola (piano), Irene Villar (flauta) e Izaskun Yaber (piano).<\/p>\n<p><\/p>\n<p><i>Los compositores e interpretes de Garaikideak. Andoni Arcilla, primero por la derecha. Foto: Aritz Azparren<br \/><\/i><\/p>\n<p><\/p>\n<p><\/p>\n<p>25 de Noviembre de 2011<\/p>\n<p><\/p>\n","protected":false},"excerpt":{"rendered":"<p>ANDONI ARCILLA ESTRENA DOS OBRAS EN LA PUESTA DE LARGO DEL CMC GARAIKIDEAK El Centro de Arte Contempor\u00e1neo de Huarte acogi\u00f3 ayer la puesta de largo del Centro de M\u00fasica Contempor\u00e1nea Garaikideak. Andoni Arcilla, tenor de nuestra Coral y director de la secci\u00f3n de jazz de la Coral de C\u00e1mara de Navarra estren\u00f3 dos obras de Urtzi Iraizoz junto a<\/p>\n","protected":false},"author":1,"featured_media":1095,"comment_status":"open","ping_status":"open","sticky":false,"template":"","format":"standard","meta":[],"categories":[44],"tags":[95,94,93,91,96,99,79,92,98,97,59,100],"_links":{"self":[{"href":"http:\/\/coraldecamaradenavarra.com\/index.php?rest_route=\/wp\/v2\/posts\/1096"}],"collection":[{"href":"http:\/\/coraldecamaradenavarra.com\/index.php?rest_route=\/wp\/v2\/posts"}],"about":[{"href":"http:\/\/coraldecamaradenavarra.com\/index.php?rest_route=\/wp\/v2\/types\/post"}],"author":[{"embeddable":true,"href":"http:\/\/coraldecamaradenavarra.com\/index.php?rest_route=\/wp\/v2\/users\/1"}],"replies":[{"embeddable":true,"href":"http:\/\/coraldecamaradenavarra.com\/index.php?rest_route=%2Fwp%2Fv2%2Fcomments&post=1096"}],"version-history":[{"count":0,"href":"http:\/\/coraldecamaradenavarra.com\/index.php?rest_route=\/wp\/v2\/posts\/1096\/revisions"}],"wp:featuredmedia":[{"embeddable":true,"href":"http:\/\/coraldecamaradenavarra.com\/index.php?rest_route=\/wp\/v2\/media\/1095"}],"wp:attachment":[{"href":"http:\/\/coraldecamaradenavarra.com\/index.php?rest_route=%2Fwp%2Fv2%2Fmedia&parent=1096"}],"wp:term":[{"taxonomy":"category","embeddable":true,"href":"http:\/\/coraldecamaradenavarra.com\/index.php?rest_route=%2Fwp%2Fv2%2Fcategories&post=1096"},{"taxonomy":"post_tag","embeddable":true,"href":"http:\/\/coraldecamaradenavarra.com\/index.php?rest_route=%2Fwp%2Fv2%2Ftags&post=1096"}],"curies":[{"name":"wp","href":"https:\/\/api.w.org\/{rel}","templated":true}]}}