{"id":1074,"date":"2011-10-19T18:36:48","date_gmt":"2011-10-19T18:36:48","guid":{"rendered":"http:\/\/www.sogimifi.dns-privadas.es\/?p=1074"},"modified":"2011-10-19T18:36:48","modified_gmt":"2011-10-19T18:36:48","slug":"comienza-la-andadura-de-la-seccion-de-jazz","status":"publish","type":"post","link":"http:\/\/coraldecamaradenavarra.com\/?p=1074&lang=es","title":{"rendered":"LA SECCI\u00d3N DE JAZZ COMIENZA SU ANDADURA"},"content":{"rendered":"<h1>LA SECCI\u00d3N DE JAZZ COMIENZA SU ANDADURA<br \/><\/h1>\n<p>El pasado lunes 17 de octubre, la nueva secci\u00f3n musical de la Coral de C\u00e1mara de Navarra\/Nafarroako Ganbera Abesbatza comenz\u00f3 a funcionar de la mano de <b>Andoni Arcilla<\/b>. Los miembros de la Secci\u00f3n de Jazz, algo m\u00e1s de 20 fueron recibidos por la Vicepresidenta Raquel Turumbay y el gerente I\u00f1igo Oses en la sala de ensayos de la sede de la Coral de C\u00e1mara de Navarra.<\/p>\n<p>  <!--more-->  <\/p>\n<p><\/p>\n<p><img decoding=\"async\" src=\"http:\/\/www.sogimifi.dns-privadas.es\/wp-content\/uploads\/2011\/10\/seccion_jazz_presentacin.jpg\" mce_src=\"http:\/\/www.sogimifi.dns-privadas.es\/wp-content\/uploads\/2011\/10\/seccion_jazz_presentacin.jpg\" style=\"margin: 25px; float: right;\" mce_style=\"margin: 25px; float: right;\" border=\"0\" width=\"600\"><\/p>\n<p>En la l\u00ednea de apertura a nuevos p\u00fablicos que la CCN-NGA tiene prevista para los pr\u00f3ximos meses, la Secci\u00f3n de Jazz ha comenzado sus ensayos como un grupo que combina desde profesionales del Jazz, con m\u00fasicos con sobrada experiencia en formaciones corales e instrumentales de diversos estilos. A grandes rasgos, es lo que se pudo extraer de la presentaci\u00f3n que cada uno de los m\u00fasicos seleccionados por Andoni Arcilla fueron realizando para conocerse mejor entre ellos. Dentro del grupo seleccionado son varios los integrantes que ya formaban parte de alguna de las otras secciones de la CCN-NGA.<\/p>\n<p>18 de octubre de 2011<\/p>\n","protected":false},"excerpt":{"rendered":"<p>LA SECCI\u00d3N DE JAZZ COMIENZA SU ANDADURA El pasado lunes 17 de octubre, la nueva secci\u00f3n musical de la Coral de C\u00e1mara de Navarra\/Nafarroako Ganbera Abesbatza comenz\u00f3 a funcionar de la mano de Andoni Arcilla. Los miembros de la Secci\u00f3n de Jazz, algo m\u00e1s de 20 fueron recibidos por la Vicepresidenta Raquel Turumbay y el gerente I\u00f1igo Oses en la<\/p>\n","protected":false},"author":1,"featured_media":1073,"comment_status":"open","ping_status":"open","sticky":false,"template":"","format":"standard","meta":[],"categories":[44],"tags":[72,73,57,76,55,78,77,79,71,56,59,75,74,66],"_links":{"self":[{"href":"http:\/\/coraldecamaradenavarra.com\/index.php?rest_route=\/wp\/v2\/posts\/1074"}],"collection":[{"href":"http:\/\/coraldecamaradenavarra.com\/index.php?rest_route=\/wp\/v2\/posts"}],"about":[{"href":"http:\/\/coraldecamaradenavarra.com\/index.php?rest_route=\/wp\/v2\/types\/post"}],"author":[{"embeddable":true,"href":"http:\/\/coraldecamaradenavarra.com\/index.php?rest_route=\/wp\/v2\/users\/1"}],"replies":[{"embeddable":true,"href":"http:\/\/coraldecamaradenavarra.com\/index.php?rest_route=%2Fwp%2Fv2%2Fcomments&post=1074"}],"version-history":[{"count":0,"href":"http:\/\/coraldecamaradenavarra.com\/index.php?rest_route=\/wp\/v2\/posts\/1074\/revisions"}],"wp:featuredmedia":[{"embeddable":true,"href":"http:\/\/coraldecamaradenavarra.com\/index.php?rest_route=\/wp\/v2\/media\/1073"}],"wp:attachment":[{"href":"http:\/\/coraldecamaradenavarra.com\/index.php?rest_route=%2Fwp%2Fv2%2Fmedia&parent=1074"}],"wp:term":[{"taxonomy":"category","embeddable":true,"href":"http:\/\/coraldecamaradenavarra.com\/index.php?rest_route=%2Fwp%2Fv2%2Fcategories&post=1074"},{"taxonomy":"post_tag","embeddable":true,"href":"http:\/\/coraldecamaradenavarra.com\/index.php?rest_route=%2Fwp%2Fv2%2Ftags&post=1074"}],"curies":[{"name":"wp","href":"https:\/\/api.w.org\/{rel}","templated":true}]}}