{"id":1040,"date":"2008-08-11T22:13:58","date_gmt":"2008-08-11T22:13:58","guid":{"rendered":"http:\/\/www.sogimifi.dns-privadas.es\/?p=1040"},"modified":"2008-08-11T22:13:58","modified_gmt":"2008-08-11T22:13:58","slug":"director","status":"publish","type":"post","link":"http:\/\/coraldecamaradenavarra.com\/?p=1040&lang=es","title":{"rendered":"DIRECTORES"},"content":{"rendered":"<div class=\"div_col1\"><img decoding=\"async\" src=\"http:\/\/www.sogimifi.dns-privadas.es\/wp-content\/uploads\/2008\/08\/davidguindano.jpg\" mce_src=\"http:\/\/www.sogimifi.dns-privadas.es\/wp-content\/uploads\/2008\/08\/davidguindano.jpg\" alt=\"david guindano\" style=\"width: 250px;\" border=\"0\"> <\/p>\n<h3>DAVID GUINDANO IGARRETA<br \/>DIRECTOR ART\u00cdSTICO<\/h3>\n<p>David Guindano comenz\u00f3 su formaci\u00f3n musical a los 8 a\u00f1os de edad bajo la direcci\u00f3n de Jos\u00e9 Mar\u00eda Goicoechea Aizcorbe como miembro de la Escolan\u00eda \u2018Ni\u00f1os cantores de Navarra\u2019. Realiz\u00f3 sus estudios de canto con la soprano Eugenia Echarren. Ampli\u00f3 sus estudios en la Escuela Superior de Canto de Madrid con Ana Higueras y Fernando Turina y en la Scola Civica de Mil\u00e1n (Italia) con Roberto Coviello. Es profesor de canto por el Conservatorio Superior de M\u00fasica de San Sebasti\u00e1n. Ha realizado estudios espec\u00edficos de Composici\u00f3n, habiendo estrenado cinco de sus obras, as\u00ed como de Canto y Fon\u00e9tica Hist\u00f3rica. Estudi\u00f3 Geograf\u00eda e Historia en la UNED y se licenci\u00f3 en Musicolog\u00eda por la Universidad Complutense de Madrid.<\/p>\n<p> Ha sido fundador de la Coral de C\u00e1mara Ilunaldi, y el grupo vocal e instrumental \u2018Vaghi Concenti\u2019 orientado a la interpretaci\u00f3n de m\u00fasica renacentista y barroca con criterios hist\u00f3ricos. Fue Director de la Coral de C\u00e1mara de Pamplona dirigiendo cerca de 200 conciertos as\u00ed como creador del grupo profesional Nova Lux Ensemble. En junio de 2008 se hace cargo de la Coral de C\u00e1mara de Navarra, con quienes contin\u00faa en la actualidad. Ha grabado con los sellos Arsis, Ars Incognita, Verso y RTVE un total de nueve producciones.<\/p>\n<p> <a href=\"http:\/\/www.sogimifi.dns-privadas.es\/wp-content\/uploads\/2008\/08\/david_guindano_cv.pdf\" mce_href=\"http:\/\/www.sogimifi.dns-privadas.es\/wp-content\/uploads\/2008\/08\/david_guindano_cv.pdf\" target=\"_blank\"><img decoding=\"async\" src=\"http:\/\/www.sogimifi.dns-privadas.es\/wp-content\/uploads\/2008\/08\/pdf.png\" mce_src=\"http:\/\/www.sogimifi.dns-privadas.es\/wp-content\/uploads\/2008\/08\/pdf.png\" alt=\"icono pdf\" style=\"margin-bottom: 20px;\" mce_style=\"margin-bottom: 20px;\" border=\"0\"><\/a> <br \/> <a href=\"http:\/\/www.sogimifi.dns-privadas.es\/wp-content\/uploads\/2008\/08\/david_guindano_cv.pdf\" mce_href=\"http:\/\/www.sogimifi.dns-privadas.es\/wp-content\/uploads\/2008\/08\/david_guindano_cv.pdf\" target=\"_blank\">CURR\u00cdCULUM <br \/>COMPLETO EN PDF<\/a><br mce_bogus=\"1\"><\/div>\n<div class=\"div_col2\"><img decoding=\"async\" src=\"http:\/\/www.sogimifi.dns-privadas.es\/wp-content\/uploads\/2008\/08\/inigocasali.jpg\" mce_src=\"http:\/\/www.sogimifi.dns-privadas.es\/wp-content\/uploads\/2008\/08\/inigocasali.jpg\" alt=\"david guindano\" style=\"width: 250px;\" border=\"0\"><\/p>\n<h3>I\u00d1IGO CASAL\u00cd SARASIBAR<br \/>SUBDIRECTOR<\/h3>\n<p>I\u00f1igo Casal\u00ed Sarasibar naci\u00f3 en Pamplona el 20 de Octubre de 1972. Estudi\u00f3 la carrera de flauta de pico y de musicolog\u00eda. Su actividad profesional la desarrolla en tres campos: La docencia, la interpretaci\u00f3n y la composici\u00f3n. Desde 1999 es Profesor de Flauta de Pico y M\u00fasica de C\u00e1mara del Conservatorio de m\u00fasica \u201cPablo Sarasate\u201d de Pamplona. <\/p>\n<p>Como flautista es miembro del \u201cEnsemble Durendal\u201d y colabora habitualmente con la Capilla de M\u00fasica de la Catedral de Pamplona. Como cantante, colabora como tenor solista con diversos grupos como \u201cLos m\u00fasicos de su Alteza\u201d, el \u201cOrfe\u00f3n Tolosarra\u201d. \u201cConductus\u201d o \u201cHarmon\u00eda del parn\u00e1s\u201d. Actualmente forma parte de la \u201cCoral de C\u00e1mara de Navarra\u201d donde ocupa la plaza de Director Invitado. En sus comienzos como compositor gana varios premios por la composici\u00f3n de villancicos. Miembro fundador del grupo c\u00f3mico-musical \u201cLa Trova\u201d.  <\/p>\n<p> Destaca en el g\u00e9nero de la \u00f3pera infantil con t\u00edtulos como \u201cEl flautista de H\u00e1melin\u201d, \u201cEl traje nuevo del Emperador\u201d \u201cAl\u00ed Baba y los cuarenta ladrones\u201d as\u00ed como de la \u00f3pera en tres actos\u201cJavier\u201d, encargada en 2006 por la \u201cAsociaci\u00f3n de \u00f3pera de Tokio\u201d, estrenada el 2 de noviembre de ese a\u00f1o en el teatro \u201cYou-port\u201d de Tokio con \u00e9xito de cr\u00edtica y p\u00fablico.<\/p>\n<p> <a href=\"http:\/\/www.sogimifi.dns-privadas.es\/wp-content\/uploads\/2008\/08\/inigo_casali_cv.pdf\" mce_href=\"http:\/\/www.sogimifi.dns-privadas.es\/wp-content\/uploads\/2008\/08\/inigo_casali_cv.pdf\" target=\"_blank\"><img decoding=\"async\" src=\"http:\/\/www.sogimifi.dns-privadas.es\/wp-content\/uploads\/2008\/08\/pdf.png\" mce_src=\"http:\/\/www.sogimifi.dns-privadas.es\/wp-content\/uploads\/2008\/08\/pdf.png\" alt=\"icono pdf\" style=\"margin-bottom: 20px;\" mce_style=\"margin-bottom: 20px;\" border=\"0\"><\/a> <br \/> <a href=\"http:\/\/www.sogimifi.dns-privadas.es\/wp-content\/uploads\/2008\/08\/inigo_casali_cv.pdf\" mce_href=\"http:\/\/www.sogimifi.dns-privadas.es\/wp-content\/uploads\/2008\/08\/inigo_casali_cv.pdf\" target=\"_blank\">CURR\u00cdCULUM <br \/>COMPLETO EN PDF<\/a><br mce_bogus=\"1\"><\/div>\n<div class=\"div_col3\"><img decoding=\"async\" src=\"http:\/\/www.sogimifi.dns-privadas.es\/wp-content\/uploads\/2008\/08\/andoniarcilla.jpg\" mce_src=\"http:\/\/www.sogimifi.dns-privadas.es\/wp-content\/uploads\/2008\/08\/andoniarcilla.jpg\" alt=\"andoni arcilla\" style=\"width: 250px;\" border=\"0\"><\/p>\n<h3>ANDONI ARCILLA BALLABRIGA<br \/> Director secci\u00f3n de Jazz<\/h3>\n<p>M\u00fasico con formaci\u00f3n de canto, piano y composici\u00f3n de cl\u00e1sico y de jazz (Pablo Sarasate en Pamplona y Musikene en Donostia). Intervino en la producci\u00f3n de la \u00f3pera-musical \u201cTrouble in Tahiti\u201d (Leonard Bernstein) del Teatro Gayarre de Pamplona en 2005-2006 actuando en el Teatro Real de Madrid entre otros. <\/p>\n<p>Bar\u00edtono del quinteto vocal de la \u201cYAMAHA BIG BAND\u201d entre febrero de 2007 y Junio de 2008, dirigida por Peter Herbolzheimer y formada por una selecci\u00f3n de j\u00f3venes m\u00fasicos europeos, con la que ha actuado en distintas ciudades alemanas. Tenor y director del cuarteto vocal que integraba el septeto de jazz \u201cThe New Voices Ensemble\u201d, con el que actu\u00f3 en el Heineken Jazzaldia (entre otros) y grab\u00f3 un disco en 2009 (Errabal).<\/p>\n<p>En noviembre de 2010 forma parte, como corista, la producci\u00f3n internacional  \u201cQueen Symponic Rhapsody\u201d, la gira incluy\u00f3 la Sala Mozart (Zaragoza), el Kursal (Donostia) y el Euskalduna (Bilbo). Lidera varios proyectos de jazz como pianista-cantante, realizando actuaciones con frecuencia en Navarra y Pa\u00eds Vasco, fundamentalmente. En el apartado comercial ha colaborado como teclista-corista con diversos artistas como (Hueco, Daniel Zueras\u2026).<\/p>\n<p>Tambi\u00e9n es miembro de la Coral de C\u00e1mara de Navarra desde enero de 2011. Por otra parte, como docente, ha impartido cursos de formaci\u00f3n para profesores de Improvisaci\u00f3n y Armon\u00eda Moderna\/Jazz y en la actualidad es profesor de canto y ensemble vocal en la Escuela de M\u00fasica del Valle de Eg\u00fc\u00e9s.<\/p>\n<p> <a href=\"http:\/\/www.sogimifi.dns-privadas.es\/wp-content\/uploads\/2008\/08\/andoni_arcilla_cv.pdf\" mce_href=\"http:\/\/www.sogimifi.dns-privadas.es\/wp-content\/uploads\/2008\/08\/andoni_arcilla_cv.pdf\" target=\"_blank\"><img decoding=\"async\" src=\"http:\/\/www.sogimifi.dns-privadas.es\/wp-content\/uploads\/2008\/08\/pdf.png\" mce_src=\"http:\/\/www.sogimifi.dns-privadas.es\/wp-content\/uploads\/2008\/08\/pdf.png\" alt=\"icono pdf\" style=\"margin-bottom: 20px;\" mce_style=\"margin-bottom: 20px;\" border=\"0\"><\/a> <br \/> <a href=\"http:\/\/www.sogimifi.dns-privadas.es\/wp-content\/uploads\/2008\/08\/andoni_arcilla_cv.pdf\" mce_href=\"http:\/\/www.sogimifi.dns-privadas.es\/wp-content\/uploads\/2008\/08\/andoni_arcilla_cv.pdf\" target=\"_blank\">CURR\u00cdCULUM <br \/>COMPLETO EN PDF<\/a><br mce_bogus=\"1\"><\/div>\n","protected":false},"excerpt":{"rendered":"<p>DAVID GUINDANO IGARRETADIRECTOR ART\u00cdSTICO David Guindano comenz\u00f3 su formaci\u00f3n musical a los 8 a\u00f1os de edad bajo la direcci\u00f3n de Jos\u00e9 Mar\u00eda Goicoechea Aizcorbe como miembro de la Escolan\u00eda \u2018Ni\u00f1os cantores de Navarra\u2019. Realiz\u00f3 sus estudios de canto con la soprano Eugenia Echarren. Ampli\u00f3 sus estudios en la Escuela Superior de Canto de Madrid con Ana Higueras y Fernando Turina<\/p>\n","protected":false},"author":1,"featured_media":1033,"comment_status":"open","ping_status":"open","sticky":false,"template":"","format":"standard","meta":[],"categories":[51],"tags":[],"_links":{"self":[{"href":"http:\/\/coraldecamaradenavarra.com\/index.php?rest_route=\/wp\/v2\/posts\/1040"}],"collection":[{"href":"http:\/\/coraldecamaradenavarra.com\/index.php?rest_route=\/wp\/v2\/posts"}],"about":[{"href":"http:\/\/coraldecamaradenavarra.com\/index.php?rest_route=\/wp\/v2\/types\/post"}],"author":[{"embeddable":true,"href":"http:\/\/coraldecamaradenavarra.com\/index.php?rest_route=\/wp\/v2\/users\/1"}],"replies":[{"embeddable":true,"href":"http:\/\/coraldecamaradenavarra.com\/index.php?rest_route=%2Fwp%2Fv2%2Fcomments&post=1040"}],"version-history":[{"count":0,"href":"http:\/\/coraldecamaradenavarra.com\/index.php?rest_route=\/wp\/v2\/posts\/1040\/revisions"}],"wp:featuredmedia":[{"embeddable":true,"href":"http:\/\/coraldecamaradenavarra.com\/index.php?rest_route=\/wp\/v2\/media\/1033"}],"wp:attachment":[{"href":"http:\/\/coraldecamaradenavarra.com\/index.php?rest_route=%2Fwp%2Fv2%2Fmedia&parent=1040"}],"wp:term":[{"taxonomy":"category","embeddable":true,"href":"http:\/\/coraldecamaradenavarra.com\/index.php?rest_route=%2Fwp%2Fv2%2Fcategories&post=1040"},{"taxonomy":"post_tag","embeddable":true,"href":"http:\/\/coraldecamaradenavarra.com\/index.php?rest_route=%2Fwp%2Fv2%2Ftags&post=1040"}],"curies":[{"name":"wp","href":"https:\/\/api.w.org\/{rel}","templated":true}]}}