{"id":"3071","global_id":"coraldecamaradenavarra.com?id=3071","global_id_lineage":["coraldecamaradenavarra.com?id=3071"],"author":"3","date":"2021-09-15 13:02:33","date_utc":"2021-09-15 13:02:33","modified":"2021-09-15 13:02:33","modified_utc":"2021-09-15 13:02:33","url":"http:\/\/coraldecamaradenavarra.com\/?tribe_events=emilio-arrieta-mucho-mas-que-el-compositor-de-marina&lang=es","rest_url":"http:\/\/coraldecamaradenavarra.com\/index.php?rest_route=\/tribe\/events\/v1\/events\/3071","title":"EMILIO ARRIETA: MUCHO M\u00c1S QUE EL COMPOSITOR DE MARINA","description":"<div class=\"page\" title=\"Page 1\">\n<div class=\"section\">\n<div class=\"layoutArea\">\n<div class=\"column\">\n<p>EMILIO ARRIETA: MUCHO M\u00c1S QUE EL COMPOSITOR DE MARINA<\/p>\n<p>Conferencia<\/p>\n<p>Ponente: <strong>Dr. V\u00edctor S\u00e1nchez S\u00e1nchez.\u00a0<\/strong>Profesor titular\u00a0de Historia de la Mu\u0301sica del Departamento de Musicologi\u0301a de la Universidad Complutense de Madrid.<\/p>\n<p>Mediateca del Conservatorio Superior de M\u00fasica de Navarra.<\/p>\n<p>Entrada: Alumnado del CSMN y Conservatorio Profesional Pablo Sarasate.<\/p>\n<p>Colabora: CSMN y Departamento de Museolog\u00eda de CSMN.<\/p>\n<\/div>\n<\/div>\n<\/div>\n<\/div>","excerpt":"","image":{"url":"http:\/\/coraldecamaradenavarra.com\/wp-content\/uploads\/2021\/09\/Conferencia_baja.png","id":3072,"extension":"png","width":642,"height":900,"sizes":{"medium":{"width":214,"height":300,"mime-type":"image\/png","url":"http:\/\/coraldecamaradenavarra.com\/wp-content\/uploads\/2021\/09\/Conferencia_baja-214x300.png"},"thumbnail":{"width":150,"height":150,"mime-type":"image\/png","url":"http:\/\/coraldecamaradenavarra.com\/wp-content\/uploads\/2021\/09\/Conferencia_baja-150x150.png"},"photoswipe_thumbnails":{"width":214,"height":300,"mime-type":"image\/png","url":"http:\/\/coraldecamaradenavarra.com\/wp-content\/uploads\/2021\/09\/Conferencia_baja-214x300.png"},"noo-thumbnail-square":{"width":600,"height":450,"mime-type":"image\/png","url":"http:\/\/coraldecamaradenavarra.com\/wp-content\/uploads\/2021\/09\/Conferencia_baja-600x450.png"},"noo-single-album":{"width":500,"height":700,"mime-type":"image\/png","url":"http:\/\/coraldecamaradenavarra.com\/wp-content\/uploads\/2021\/09\/Conferencia_baja-500x700.png"},"noo-loop-album":{"width":500,"height":700,"mime-type":"image\/png","url":"http:\/\/coraldecamaradenavarra.com\/wp-content\/uploads\/2021\/09\/Conferencia_baja-500x700.png"}}},"all_day":false,"start_date":"1970-01-01 00:00:00","start_date_details":{"year":"1970","month":"01","day":"01","hour":"00","minutes":"00","seconds":"00"},"end_date":"2021-09-22 12:30:00","end_date_details":{"year":"2021","month":"09","day":"22","hour":"12","minutes":"30","seconds":"00"},"utc_start_date":"1970-01-01 00:00:00","utc_start_date_details":{"year":"1970","month":"01","day":"01","hour":"00","minutes":"00","seconds":"00"},"utc_end_date":"2021-09-22 12:30:00","utc_end_date_details":{"year":"2021","month":"09","day":"22","hour":"12","minutes":"30","seconds":"00"},"timezone":"UTC+0","timezone_abbr":"","cost":"Gratuito","cost_details":{"currency_symbol":"","currency_position":"suffix","values":["0"]},"website":"","show_map":true,"show_map_link":true,"hide_from_listings":false,"sticky":false,"featured":false,"categories":[{"name":"CONCIERTOS","slug":"conciertos","taxonomy":"tribe_events_cat","description":"","parent":0,"count":81,"id":16,"url":"http:\/\/coraldecamaradenavarra.com\/?tribe_events_cat=conciertos"},{"name":"conciertos gratuitos","slug":"conciertos-gratuitos","taxonomy":"tribe_events_cat","description":"","parent":16,"count":32,"id":20,"url":"http:\/\/coraldecamaradenavarra.com\/?tribe_events_cat=conciertos-gratuitos"},{"name":"Temporada Encantando Denboraldia","slug":"temporada-encantando-denboraldia","taxonomy":"tribe_events_cat","description":"","parent":0,"count":32,"id":385,"url":"http:\/\/coraldecamaradenavarra.com\/?tribe_events_cat=temporada-encantando-denboraldia"}],"tags":[],"venue":{"id":3074,"author":"3","date":"2021-09-15 13:02:33","date_utc":"2021-09-15 13:02:33","modified":"2021-09-15 13:02:33","modified_utc":"2021-09-15 13:02:33","url":"http:\/\/coraldecamaradenavarra.com\/?tribe_venue=mediateca-csmn","venue":"Mediateca CSMN","show_map":true,"show_map_link":true,"address":"Paseo Antonio P\u00e9rez Goyena n\u00ba 1","city":"Pamplona - Iru\u00f1a","country":"Espa\u00f1a","province":"Navarra","zip":"31008","website":"https:\/\/csmn.educacion.navarra.es\/web1\/","stateprovince":"Navarra","global_id":"coraldecamaradenavarra.com?id=3074","global_id_lineage":["coraldecamaradenavarra.com?id=3074"]},"organizer":[{"id":946,"author":"1","date":"2015-09-16 08:59:37","date_utc":"2015-09-16 08:59:37","modified":"2018-10-29 19:16:04","modified_utc":"2018-10-29 19:16:04","url":"http:\/\/coraldecamaradenavarra.com\/?tribe_organizer=coral-de-camara-de-navarra","organizer":"Coral de C\u00e1mara de Navarra","global_id":"coraldecamaradenavarra.com?id=946","global_id_lineage":["coraldecamaradenavarra.com?id=946"]}]}