{"id":"2246","global_id":"coraldecamaradenavarra.com?id=2246","global_id_lineage":["coraldecamaradenavarra.com?id=2246"],"author":"3","date":"2018-10-22 16:54:52","date_utc":"2018-10-22 16:54:52","modified":"2018-10-22 16:56:40","modified_utc":"2018-10-22 16:56:40","url":"http:\/\/coraldecamaradenavarra.com\/?tribe_events=bendigo-tu-presencia-2&lang=es","rest_url":"http:\/\/coraldecamaradenavarra.com\/index.php?rest_route=\/tribe\/events\/v1\/events\/2246","title":"BENDIGO TU PRESENCIA","description":"<p class=\"western\" style=\"text-align: left;\" align=\"center\"><span style=\"font-family: Times New roman, serif;\"><span style=\"font-size: medium;\"><u><b>S\u00e1bado 6 de octubre de 2018<\/b><\/u><\/span><\/span><\/p>\n<p class=\"western\" style=\"text-align: left;\" align=\"center\"><span style=\"font-family: Times New roman, serif;\"><span style=\"font-size: medium;\"><b>12:00 horas Concierto. <\/b><\/span><\/span><span style=\"font-family: Times New roman, serif;\"><span style=\"font-size: medium;\">\u201cBendigo tu presencia\u201d<\/span><\/span><\/p>\n<p class=\"western\" style=\"text-align: left;\" align=\"center\">Monogr\u00e1fico de obras del \u00abPadre Goicoechea\u00bb<\/p>\n<p class=\"western\" style=\"text-align: left;\" align=\"center\"><span style=\"font-family: Times New roman, serif;\"><span style=\"font-size: medium;\">Parroquia de San Esteban de Bera<br \/>\n<\/span><\/span><\/p>\n<p class=\"western\" style=\"text-align: left;\" align=\"center\"><span style=\"font-family: Times New roman, serif;\"><span style=\"font-size: medium;\">Formaci\u00f3n Cl\u00e1sica de la Coral de C\u00e1mara de Navarra<\/span><\/span><\/p>\n<p class=\"western\" style=\"text-align: left;\" align=\"center\"><span style=\"font-family: Times New roman, serif;\"><span style=\"font-size: medium;\">Ra\u00fal del Toro, \u00f3rgano<\/span><\/span><\/p>\n<p class=\"western\" style=\"text-align: left;\" align=\"center\"><span style=\"font-family: Times New roman, serif;\"><span style=\"font-size: medium;\">Direcci\u00f3n: David Guindano Igarreta<\/span><\/span><\/p>\n<p class=\"western\" style=\"text-align: left;\" align=\"center\">Encantando On Tour 2018\/2019<\/p>","excerpt":"","image":{"url":"http:\/\/coraldecamaradenavarra.com\/wp-content\/uploads\/2018\/10\/btp.png","id":2243,"extension":"png","width":452,"height":630,"sizes":{"thumbnail":{"width":150,"height":150,"mime-type":"image\/png","url":"http:\/\/coraldecamaradenavarra.com\/wp-content\/uploads\/2018\/10\/btp-150x150.png"},"medium":{"width":215,"height":300,"mime-type":"image\/png","url":"http:\/\/coraldecamaradenavarra.com\/wp-content\/uploads\/2018\/10\/btp-215x300.png"},"photoswipe_thumbnails":{"width":215,"height":300,"mime-type":"image\/png","url":"http:\/\/coraldecamaradenavarra.com\/wp-content\/uploads\/2018\/10\/btp-215x300.png"},"noo-thumbnail-square":{"width":452,"height":450,"mime-type":"image\/png","url":"http:\/\/coraldecamaradenavarra.com\/wp-content\/uploads\/2018\/10\/btp-452x450.png"}}},"all_day":false,"start_date":"2018-10-06 12:00:00","start_date_details":{"year":"2018","month":"10","day":"06","hour":"12","minutes":"00","seconds":"00"},"end_date":"2018-10-06 13:00:00","end_date_details":{"year":"2018","month":"10","day":"06","hour":"13","minutes":"00","seconds":"00"},"utc_start_date":"2018-10-06 12:00:00","utc_start_date_details":{"year":"2018","month":"10","day":"06","hour":"12","minutes":"00","seconds":"00"},"utc_end_date":"2018-10-06 13:00:00","utc_end_date_details":{"year":"2018","month":"10","day":"06","hour":"13","minutes":"00","seconds":"00"},"timezone":"UTC+0","timezone_abbr":"","cost":"Gratuito","cost_details":{"currency_symbol":"","currency_position":"suffix","values":["0"]},"website":"","show_map":true,"show_map_link":true,"hide_from_listings":false,"sticky":false,"featured":false,"categories":[{"name":"CONCIERTOS","slug":"conciertos","taxonomy":"tribe_events_cat","description":"","parent":0,"count":81,"id":16,"url":"http:\/\/coraldecamaradenavarra.com\/?tribe_events_cat=conciertos"},{"name":"conciertos gratuitos","slug":"conciertos-gratuitos","taxonomy":"tribe_events_cat","description":"","parent":16,"count":32,"id":20,"url":"http:\/\/coraldecamaradenavarra.com\/?tribe_events_cat=conciertos-gratuitos"},{"name":"Encantando On Tour 18\/19","slug":"encantando-on-tour-1819","taxonomy":"tribe_events_cat","description":"","parent":0,"count":12,"id":341,"url":"http:\/\/coraldecamaradenavarra.com\/?tribe_events_cat=encantando-on-tour-1819"}],"tags":[],"venue":{"id":2248,"author":"3","date":"2018-10-22 16:54:52","date_utc":"2018-10-22 16:54:52","modified":"2018-10-22 16:54:52","modified_utc":"2018-10-22 16:54:52","url":"http:\/\/coraldecamaradenavarra.com\/?tribe_venue=parroquia-de-san-esteban","venue":"Parroquia de San Esteban","show_map":true,"show_map_link":true,"city":"Bera","country":"Spain","province":"Navarra","stateprovince":"Navarra","global_id":"coraldecamaradenavarra.com?id=2248","global_id_lineage":["coraldecamaradenavarra.com?id=2248"]},"organizer":[]}