{"id":"1537","global_id":"coraldecamaradenavarra.com?id=1537","global_id_lineage":["coraldecamaradenavarra.com?id=1537"],"author":"1","date":"2015-09-23 10:55:29","date_utc":"2015-09-23 10:55:29","modified":"2018-03-12 16:41:08","modified_utc":"2018-03-12 16:41:08","url":"http:\/\/coraldecamaradenavarra.com\/?tribe_events=anne-etchegoyen-voces-graves-ccnnga&lang=es","rest_url":"http:\/\/coraldecamaradenavarra.com\/index.php?rest_route=\/tribe\/events\/v1\/events\/1537","title":"QUAM PUCHRI SUNT &#8211; CRMN","description":"<p><strong>Quam Pulchri Sunt<\/strong><\/p>\n<p>Temporada Encantando Denboraldia &#8211; S\u00e1bado 24 de marzo &#8211; 20:00 horas<br \/>\nSala de la Muralla, Auditorio Baluarte (Pamplona-Iru\u00f1a)<br \/>\nEntrada: 10 euros<\/p>\n<p>Actividades conmemorativas del d\u00eda Europeo de la M\u00fasica Antigua<\/p>\n<p><b>18:00 &#8211; 19:00 h &#8211; <\/b>Exposici\u00f3n Instrumentos antiguos de cuerda pulsada por gentileza del luthier Evaristo Bretos y de Enrique Galdeano Aguirre, estudioso y director de Uqbarnagh Ensemble.<br \/>\n<b>18:30 h &#8211;<\/b> Presentaci\u00f3n pr\u00e1ctica de los instrumentos expuestos.<br \/>\n<b>19:00 h &#8211;<\/b> Conferencia: La figura de Tom\u00e1s Luis de Victoria y su relevancia como adalid de la m\u00fasica antigua espa\u00f1ola. Ana Sabe Andreu, music\u00f3loga.<br \/>\n<b>20:00 h &#8211;<\/b> Introducci\u00f3n al concierto: El Cantar de los Cantares en la m\u00fasica religiosa hisp\u00e1nica del renacimiento y el proyecto de grabaci\u00f3n Quam pulchri sunt de CRMN. David Guindano Igarreta<i> <\/i><\/p>\n<p><strong>20:10 h<\/strong> &#8211; Concierto Quam Pulchri Sunt. Obras de T.L. de Victoria<\/p>\n<p>Arpa: Sara \u00c1gueda<br \/>\n\u00d3rgano: Daniel Oyarzabal<br \/>\nCapilla Renacentista \u00abMichael Navarrus<b class=\"\">\u00bb<br \/>\n<\/b><span class=\"\">Direcci\u00f3n: David Guindano Igarreta<\/span><b class=\"\"><br \/>\n<\/b><\/p>","excerpt":"","image":{"url":"http:\/\/coraldecamaradenavarra.com\/wp-content\/uploads\/2015\/11\/crmnhall.jpg","id":1876,"extension":"jpg","width":1267,"height":614,"sizes":{"thumbnail":{"width":150,"height":150,"mime-type":"image\/jpeg","url":"http:\/\/coraldecamaradenavarra.com\/wp-content\/uploads\/2015\/11\/crmnhall-150x150.jpg"},"medium":{"width":300,"height":145,"mime-type":"image\/jpeg","url":"http:\/\/coraldecamaradenavarra.com\/wp-content\/uploads\/2015\/11\/crmnhall-300x145.jpg"},"large":{"width":1024,"height":496,"mime-type":"image\/jpeg","url":"http:\/\/coraldecamaradenavarra.com\/wp-content\/uploads\/2015\/11\/crmnhall-1024x496.jpg"},"noo-thumbnail-square":{"width":600,"height":450,"mime-type":"image\/jpeg","url":"http:\/\/coraldecamaradenavarra.com\/wp-content\/uploads\/2015\/11\/crmnhall-600x450.jpg"},"noo-single-album":{"width":500,"height":614,"mime-type":"image\/jpeg","url":"http:\/\/coraldecamaradenavarra.com\/wp-content\/uploads\/2015\/11\/crmnhall-500x614.jpg"},"noo-loop-album":{"width":500,"height":614,"mime-type":"image\/jpeg","url":"http:\/\/coraldecamaradenavarra.com\/wp-content\/uploads\/2015\/11\/crmnhall-500x614.jpg"}}},"all_day":false,"start_date":"2018-03-24 20:00:00","start_date_details":{"year":"2018","month":"03","day":"24","hour":"20","minutes":"00","seconds":"00"},"end_date":"2018-03-26 21:30:00","end_date_details":{"year":"2018","month":"03","day":"26","hour":"21","minutes":"30","seconds":"00"},"utc_start_date":"2018-03-24 20:00:00","utc_start_date_details":{"year":"2018","month":"03","day":"24","hour":"20","minutes":"00","seconds":"00"},"utc_end_date":"2018-03-26 21:30:00","utc_end_date_details":{"year":"2018","month":"03","day":"26","hour":"21","minutes":"30","seconds":"00"},"timezone":"UTC+0","timezone_abbr":"","cost":"10\u20ac","cost_details":{"currency_symbol":"\u20ac","currency_position":"suffix","values":["10"]},"website":"http:\/\/www.baluarte.com\/cas\/espectaculos-y-conciertos\/calendario-de-espectaculos\/dia-europeo-de-la-musica-antigua-2\/fecha=2018-3","show_map":true,"show_map_link":true,"hide_from_listings":false,"sticky":false,"featured":false,"categories":[],"tags":[],"venue":{"id":1539,"author":"1","date":"2015-09-23 10:55:29","date_utc":"2015-09-23 10:55:29","modified":"2018-03-12 16:33:43","modified_utc":"2018-03-12 16:33:43","url":"http:\/\/coraldecamaradenavarra.com\/?tribe_venue=sala-de-camara-de-baluarte","venue":"Sala de la Muralla de Auditorio Baluarte","show_map":true,"show_map_link":true,"city":"Pamplona","zip":"31001","global_id":"coraldecamaradenavarra.com?id=1539","global_id_lineage":["coraldecamaradenavarra.com?id=1539"]},"organizer":[]}