{"events":[{"id":3071,"global_id":"coraldecamaradenavarra.com?id=3071","global_id_lineage":["coraldecamaradenavarra.com?id=3071"],"author":"3","date":"2021-09-15 13:02:33","date_utc":"2021-09-15 13:02:33","modified":"2021-09-15 13:02:33","modified_utc":"2021-09-15 13:02:33","url":"http:\/\/coraldecamaradenavarra.com\/?tribe_events=emilio-arrieta-mucho-mas-que-el-compositor-de-marina&lang=es","rest_url":"http:\/\/coraldecamaradenavarra.com\/index.php?rest_route=\/tribe\/events\/v1\/events\/3071","title":"EMILIO ARRIETA: MUCHO M\u00c1S QUE EL COMPOSITOR DE MARINA","description":"<div class=\"page\" title=\"Page 1\">\n<div class=\"section\">\n<div class=\"layoutArea\">\n<div class=\"column\">\n<p>EMILIO ARRIETA: MUCHO M\u00c1S QUE EL COMPOSITOR DE MARINA<\/p>\n<p>Conferencia<\/p>\n<p>Ponente: <strong>Dr. V\u00edctor S\u00e1nchez S\u00e1nchez.\u00a0<\/strong>Profesor titular\u00a0de Historia de la Mu\u0301sica del Departamento de Musicologi\u0301a de la Universidad Complutense de Madrid.<\/p>\n<p>Mediateca del Conservatorio Superior de M\u00fasica de Navarra.<\/p>\n<p>Entrada: Alumnado del CSMN y Conservatorio Profesional Pablo Sarasate.<\/p>\n<p>Colabora: CSMN y Departamento de Museolog\u00eda de CSMN.<\/p>\n<\/div>\n<\/div>\n<\/div>\n<\/div>","excerpt":"","image":{"url":"http:\/\/coraldecamaradenavarra.com\/wp-content\/uploads\/2021\/09\/Conferencia_baja.png","id":3072,"extension":"png","width":642,"height":900,"sizes":{"medium":{"width":214,"height":300,"mime-type":"image\/png","url":"http:\/\/coraldecamaradenavarra.com\/wp-content\/uploads\/2021\/09\/Conferencia_baja-214x300.png"},"thumbnail":{"width":150,"height":150,"mime-type":"image\/png","url":"http:\/\/coraldecamaradenavarra.com\/wp-content\/uploads\/2021\/09\/Conferencia_baja-150x150.png"},"photoswipe_thumbnails":{"width":214,"height":300,"mime-type":"image\/png","url":"http:\/\/coraldecamaradenavarra.com\/wp-content\/uploads\/2021\/09\/Conferencia_baja-214x300.png"},"noo-thumbnail-square":{"width":600,"height":450,"mime-type":"image\/png","url":"http:\/\/coraldecamaradenavarra.com\/wp-content\/uploads\/2021\/09\/Conferencia_baja-600x450.png"},"noo-single-album":{"width":500,"height":700,"mime-type":"image\/png","url":"http:\/\/coraldecamaradenavarra.com\/wp-content\/uploads\/2021\/09\/Conferencia_baja-500x700.png"},"noo-loop-album":{"width":500,"height":700,"mime-type":"image\/png","url":"http:\/\/coraldecamaradenavarra.com\/wp-content\/uploads\/2021\/09\/Conferencia_baja-500x700.png"}}},"all_day":false,"start_date":"1970-01-01 00:00:00","start_date_details":{"year":"1970","month":"01","day":"01","hour":"00","minutes":"00","seconds":"00"},"end_date":"2021-09-22 12:30:00","end_date_details":{"year":"2021","month":"09","day":"22","hour":"12","minutes":"30","seconds":"00"},"utc_start_date":"1970-01-01 00:00:00","utc_start_date_details":{"year":"1970","month":"01","day":"01","hour":"00","minutes":"00","seconds":"00"},"utc_end_date":"2021-09-22 12:30:00","utc_end_date_details":{"year":"2021","month":"09","day":"22","hour":"12","minutes":"30","seconds":"00"},"timezone":"UTC+0","timezone_abbr":"","cost":"Gratuito","cost_details":{"currency_symbol":"","currency_position":"suffix","values":["0"]},"website":"","show_map":true,"show_map_link":true,"hide_from_listings":false,"sticky":false,"featured":false,"categories":[{"name":"CONCIERTOS","slug":"conciertos","taxonomy":"tribe_events_cat","description":"","parent":0,"count":81,"id":16,"url":"http:\/\/coraldecamaradenavarra.com\/?tribe_events_cat=conciertos"},{"name":"conciertos gratuitos","slug":"conciertos-gratuitos","taxonomy":"tribe_events_cat","description":"","parent":16,"count":32,"id":20,"url":"http:\/\/coraldecamaradenavarra.com\/?tribe_events_cat=conciertos-gratuitos"},{"name":"Temporada Encantando Denboraldia","slug":"temporada-encantando-denboraldia","taxonomy":"tribe_events_cat","description":"","parent":0,"count":32,"id":385,"url":"http:\/\/coraldecamaradenavarra.com\/?tribe_events_cat=temporada-encantando-denboraldia"}],"tags":[],"venue":{"id":3074,"author":"3","date":"2021-09-15 13:02:33","date_utc":"2021-09-15 13:02:33","modified":"2021-09-15 13:02:33","modified_utc":"2021-09-15 13:02:33","url":"http:\/\/coraldecamaradenavarra.com\/?tribe_venue=mediateca-csmn","venue":"Mediateca CSMN","show_map":true,"show_map_link":true,"address":"Paseo Antonio P\u00e9rez Goyena n\u00ba 1","city":"Pamplona - Iru\u00f1a","country":"Espa\u00f1a","province":"Navarra","zip":"31008","website":"https:\/\/csmn.educacion.navarra.es\/web1\/","stateprovince":"Navarra","global_id":"coraldecamaradenavarra.com?id=3074","global_id_lineage":["coraldecamaradenavarra.com?id=3074"]},"organizer":[{"id":946,"author":"1","date":"2015-09-16 08:59:37","date_utc":"2015-09-16 08:59:37","modified":"2018-10-29 19:16:04","modified_utc":"2018-10-29 19:16:04","url":"http:\/\/coraldecamaradenavarra.com\/?tribe_organizer=coral-de-camara-de-navarra","organizer":"Coral de C\u00e1mara de Navarra","global_id":"coraldecamaradenavarra.com?id=946","global_id_lineage":["coraldecamaradenavarra.com?id=946"]}]},{"id":3057,"global_id":"coraldecamaradenavarra.com?id=3057","global_id_lineage":["coraldecamaradenavarra.com?id=3057"],"author":"3","date":"2021-09-10 13:44:51","date_utc":"2021-09-10 13:44:51","modified":"2021-09-10 13:44:51","modified_utc":"2021-09-10 13:44:51","url":"http:\/\/coraldecamaradenavarra.com\/?tribe_events=un-navarro-entre-navarros-en-el-madrid-del-xix&lang=es","rest_url":"http:\/\/coraldecamaradenavarra.com\/index.php?rest_route=\/tribe\/events\/v1\/events\/3057","title":"UN NAVARRO ENTRE NAVARROS EN EL MADRID DEL XIX","description":"<div class=\"page\" title=\"Page 1\">\n<div class=\"section\">\n<div class=\"layoutArea\">\n<div class=\"column\">\n<p>EMILIO ARRIETA: UN NAVARRO ENTRE NAVARROS EN EL MADRID DEL XIX<\/p>\n<p>Conferencia con ejemplos musicales en vivo &#8211; Temporada Encantando Denboraldia<\/p>\n<p>Ponente: O\u0301scar Salvoch<\/p>\n<p>Soprano: Ariadna Marti\u0301nez<\/p>\n<p>Guitarra: Asier Pela\u0301ez<\/p>\n<p>Piano: Rinaldo Zhok<\/p>\n<p>Nuevo Casino,\u00a0Pamplona<br \/>\nEntrada libre hasta completar aforo.<\/p>\n<\/div>\n<\/div>\n<\/div>\n<\/div>","excerpt":"","image":{"url":"http:\/\/coraldecamaradenavarra.com\/wp-content\/uploads\/2021\/09\/Captura-de-pantalla-2021-09-10-a-las-15.36.48.png","id":3058,"extension":"png","width":538,"height":764,"sizes":{"medium":{"width":211,"height":300,"mime-type":"image\/png","url":"http:\/\/coraldecamaradenavarra.com\/wp-content\/uploads\/2021\/09\/Captura-de-pantalla-2021-09-10-a-las-15.36.48-211x300.png"},"thumbnail":{"width":150,"height":150,"mime-type":"image\/png","url":"http:\/\/coraldecamaradenavarra.com\/wp-content\/uploads\/2021\/09\/Captura-de-pantalla-2021-09-10-a-las-15.36.48-150x150.png"},"photoswipe_thumbnails":{"width":211,"height":300,"mime-type":"image\/png","url":"http:\/\/coraldecamaradenavarra.com\/wp-content\/uploads\/2021\/09\/Captura-de-pantalla-2021-09-10-a-las-15.36.48-211x300.png"},"noo-thumbnail-square":{"width":538,"height":450,"mime-type":"image\/png","url":"http:\/\/coraldecamaradenavarra.com\/wp-content\/uploads\/2021\/09\/Captura-de-pantalla-2021-09-10-a-las-15.36.48-538x450.png"},"noo-single-album":{"width":500,"height":700,"mime-type":"image\/png","url":"http:\/\/coraldecamaradenavarra.com\/wp-content\/uploads\/2021\/09\/Captura-de-pantalla-2021-09-10-a-las-15.36.48-500x700.png"},"noo-loop-album":{"width":500,"height":700,"mime-type":"image\/png","url":"http:\/\/coraldecamaradenavarra.com\/wp-content\/uploads\/2021\/09\/Captura-de-pantalla-2021-09-10-a-las-15.36.48-500x700.png"}}},"all_day":false,"start_date":"2021-09-15 19:30:00","start_date_details":{"year":"2021","month":"09","day":"15","hour":"19","minutes":"30","seconds":"00"},"end_date":"2021-09-15 20:45:00","end_date_details":{"year":"2021","month":"09","day":"15","hour":"20","minutes":"45","seconds":"00"},"utc_start_date":"2021-09-15 19:30:00","utc_start_date_details":{"year":"2021","month":"09","day":"15","hour":"19","minutes":"30","seconds":"00"},"utc_end_date":"2021-09-15 20:45:00","utc_end_date_details":{"year":"2021","month":"09","day":"15","hour":"20","minutes":"45","seconds":"00"},"timezone":"UTC+0","timezone_abbr":"","cost":"Gratuito","cost_details":{"currency_symbol":"","currency_position":"suffix","values":["0"]},"website":"","show_map":true,"show_map_link":true,"hide_from_listings":false,"sticky":false,"featured":false,"categories":[{"name":"CONCIERTOS","slug":"conciertos","taxonomy":"tribe_events_cat","description":"","parent":0,"count":81,"id":16,"url":"http:\/\/coraldecamaradenavarra.com\/?tribe_events_cat=conciertos"},{"name":"conciertos gratuitos","slug":"conciertos-gratuitos","taxonomy":"tribe_events_cat","description":"","parent":16,"count":32,"id":20,"url":"http:\/\/coraldecamaradenavarra.com\/?tribe_events_cat=conciertos-gratuitos"},{"name":"Temporada Encantando Denboraldia","slug":"temporada-encantando-denboraldia","taxonomy":"tribe_events_cat","description":"","parent":0,"count":32,"id":385,"url":"http:\/\/coraldecamaradenavarra.com\/?tribe_events_cat=temporada-encantando-denboraldia"}],"tags":[],"venue":{"id":3060,"author":"3","date":"2021-09-10 13:44:51","date_utc":"2021-09-10 13:44:51","modified":"2021-09-10 13:44:51","modified_utc":"2021-09-10 13:44:51","url":"http:\/\/coraldecamaradenavarra.com\/?tribe_venue=nuevo-casino","venue":"Nuevo Casino","show_map":true,"show_map_link":true,"address":"Plaza del Castillo, 44 bis - 1\u00aa planta","city":"Pamplona","country":"Espa\u00f1a","province":"Navarra","zip":"31001","website":"https:\/\/www.nuevocasino.es","stateprovince":"Navarra","global_id":"coraldecamaradenavarra.com?id=3060","global_id_lineage":["coraldecamaradenavarra.com?id=3060"]},"organizer":[{"id":946,"author":"1","date":"2015-09-16 08:59:37","date_utc":"2015-09-16 08:59:37","modified":"2018-10-29 19:16:04","modified_utc":"2018-10-29 19:16:04","url":"http:\/\/coraldecamaradenavarra.com\/?tribe_organizer=coral-de-camara-de-navarra","organizer":"Coral de C\u00e1mara de Navarra","global_id":"coraldecamaradenavarra.com?id=946","global_id_lineage":["coraldecamaradenavarra.com?id=946"]}]},{"id":3061,"global_id":"coraldecamaradenavarra.com?id=3061","global_id_lineage":["coraldecamaradenavarra.com?id=3061"],"author":"3","date":"2021-09-10 13:47:46","date_utc":"2021-09-10 13:47:46","modified":"2021-09-10 13:47:46","modified_utc":"2021-09-10 13:47:46","url":"http:\/\/coraldecamaradenavarra.com\/?tribe_events=cuatro-estrenos-absolutos-en-tiempos-modernos&lang=es","rest_url":"http:\/\/coraldecamaradenavarra.com\/index.php?rest_route=\/tribe\/events\/v1\/events\/3061","title":"CUATRO ESTRENOS ABSOLUTOS EN TIEMPOS MODERNOS","description":"<div class=\"page\" title=\"Page 1\">\n<div class=\"section\">\n<div class=\"layoutArea\">\n<div class=\"column\">\n<p>EMILIO ARRIETA, CUATRO ESTRENOS ABSOLUTOS EN TIEMPOS MODERNOS.CONCIERTO<\/p>\n<\/div>\n<div class=\"page\" title=\"Page 1\">\n<div class=\"section\">\n<div class=\"layoutArea\">\n<div class=\"column\">\n<p>Concierto &#8211; Temporada Encantando Denboraldia<\/p>\n<p>Soprano: Lola Elorza<\/p>\n<p>Tenor: Jose\u0301 Luis Sola<\/p>\n<p>Bari\u0301tono: Julia\u0301n Irulegui<\/p>\n<p>O\u0301rgano: Rinaldo Zhok<\/p>\n<p>Coral de Ca\u0301mara de Navarra<\/p>\n<p>Direccio\u0301n: David Guindano<\/p>\n<p>Parroquia de San Nicola\u0301s Pamplona<\/p>\n<p>Sa\u0301bado 18 de septiembre 20:00 h<\/p>\n<p>Entrada libre hasta completar aforo.<\/p>\n<\/div>\n<\/div>\n<\/div>\n<\/div>\n<\/div>\n<\/div>\n<\/div>","excerpt":"","image":{"url":"http:\/\/coraldecamaradenavarra.com\/wp-content\/uploads\/2021\/09\/Captura-de-pantalla-2021-09-10-a-las-15.36.48.png","id":3058,"extension":"png","width":538,"height":764,"sizes":{"medium":{"width":211,"height":300,"mime-type":"image\/png","url":"http:\/\/coraldecamaradenavarra.com\/wp-content\/uploads\/2021\/09\/Captura-de-pantalla-2021-09-10-a-las-15.36.48-211x300.png"},"thumbnail":{"width":150,"height":150,"mime-type":"image\/png","url":"http:\/\/coraldecamaradenavarra.com\/wp-content\/uploads\/2021\/09\/Captura-de-pantalla-2021-09-10-a-las-15.36.48-150x150.png"},"photoswipe_thumbnails":{"width":211,"height":300,"mime-type":"image\/png","url":"http:\/\/coraldecamaradenavarra.com\/wp-content\/uploads\/2021\/09\/Captura-de-pantalla-2021-09-10-a-las-15.36.48-211x300.png"},"noo-thumbnail-square":{"width":538,"height":450,"mime-type":"image\/png","url":"http:\/\/coraldecamaradenavarra.com\/wp-content\/uploads\/2021\/09\/Captura-de-pantalla-2021-09-10-a-las-15.36.48-538x450.png"},"noo-single-album":{"width":500,"height":700,"mime-type":"image\/png","url":"http:\/\/coraldecamaradenavarra.com\/wp-content\/uploads\/2021\/09\/Captura-de-pantalla-2021-09-10-a-las-15.36.48-500x700.png"},"noo-loop-album":{"width":500,"height":700,"mime-type":"image\/png","url":"http:\/\/coraldecamaradenavarra.com\/wp-content\/uploads\/2021\/09\/Captura-de-pantalla-2021-09-10-a-las-15.36.48-500x700.png"}}},"all_day":false,"start_date":"2021-09-18 20:00:00","start_date_details":{"year":"2021","month":"09","day":"18","hour":"20","minutes":"00","seconds":"00"},"end_date":"2021-09-18 21:00:00","end_date_details":{"year":"2021","month":"09","day":"18","hour":"21","minutes":"00","seconds":"00"},"utc_start_date":"2021-09-18 20:00:00","utc_start_date_details":{"year":"2021","month":"09","day":"18","hour":"20","minutes":"00","seconds":"00"},"utc_end_date":"2021-09-18 21:00:00","utc_end_date_details":{"year":"2021","month":"09","day":"18","hour":"21","minutes":"00","seconds":"00"},"timezone":"UTC+0","timezone_abbr":"","cost":"Gratuito","cost_details":{"currency_symbol":"","currency_position":"suffix","values":["0"]},"website":"","show_map":true,"show_map_link":true,"hide_from_listings":false,"sticky":false,"featured":false,"categories":[{"name":"CONCIERTOS","slug":"conciertos","taxonomy":"tribe_events_cat","description":"","parent":0,"count":81,"id":16,"url":"http:\/\/coraldecamaradenavarra.com\/?tribe_events_cat=conciertos"},{"name":"conciertos gratuitos","slug":"conciertos-gratuitos","taxonomy":"tribe_events_cat","description":"","parent":16,"count":32,"id":20,"url":"http:\/\/coraldecamaradenavarra.com\/?tribe_events_cat=conciertos-gratuitos"},{"name":"Temporada Encantando Denboraldia","slug":"temporada-encantando-denboraldia","taxonomy":"tribe_events_cat","description":"","parent":0,"count":32,"id":385,"url":"http:\/\/coraldecamaradenavarra.com\/?tribe_events_cat=temporada-encantando-denboraldia"}],"tags":[],"venue":{"id":2634,"author":"3","date":"2019-03-13 15:37:50","date_utc":"2019-03-13 15:37:50","modified":"2019-03-13 15:37:50","modified_utc":"2019-03-13 15:37:50","url":"http:\/\/coraldecamaradenavarra.com\/?tribe_venue=parroquia-de-san-nicolas-de-pamplona","venue":"Parroquia de San Nicol\u00e1s de Pamplona","show_map":true,"show_map_link":true,"address":"C\/ San Miguel, 15","city":"Pamplona - Iru\u00f1a","country":"Spain","province":"Navarra","zip":"31001","phone":"948 221 281","website":"http:\/\/www.parroquiasannicolas.es\/","stateprovince":"Navarra","global_id":"coraldecamaradenavarra.com?id=2634","global_id_lineage":["coraldecamaradenavarra.com?id=2634"]},"organizer":[{"id":946,"author":"1","date":"2015-09-16 08:59:37","date_utc":"2015-09-16 08:59:37","modified":"2018-10-29 19:16:04","modified_utc":"2018-10-29 19:16:04","url":"http:\/\/coraldecamaradenavarra.com\/?tribe_organizer=coral-de-camara-de-navarra","organizer":"Coral de C\u00e1mara de Navarra","global_id":"coraldecamaradenavarra.com?id=946","global_id_lineage":["coraldecamaradenavarra.com?id=946"]}]},{"id":3110,"global_id":"coraldecamaradenavarra.com?id=3110","global_id_lineage":["coraldecamaradenavarra.com?id=3110"],"author":"3","date":"2021-12-02 12:32:35","date_utc":"2021-12-02 12:32:35","modified":"2021-12-02 12:32:35","modified_utc":"2021-12-02 12:32:35","url":"http:\/\/coraldecamaradenavarra.com\/?tribe_events=philippus-rex-hispaniae-3&lang=es","rest_url":"http:\/\/coraldecamaradenavarra.com\/index.php?rest_route=\/tribe\/events\/v1\/events\/3110","title":"\u201cPHILIPPUS REX HISPANIAE\u201d","description":"<div class=\"page\" title=\"Page 1\">\n<div class=\"section\">\n<div class=\"layoutArea\">\n<div class=\"column\">\n<p><strong>\u201cPHILIPPUS\u00a0REX HISPANIAE\u201d<\/strong><\/p>\n<p>Mu\u0301sica de Josquin y su generacio\u0301n en las fuentes castellanas de la e\u0301poca<\/p>\n<p><em>En el 500 aniversario de la muerte del incomparable Josquin Desprez.<\/em><\/p>\n<p>CAPILLA RENACENTISTA MICHAEL NAVARRUS<\/p>\n<p>Direcci\u00f3n:\u00a0David Guindano Igarreta<\/p>\n<p>Iglesia de San Saturnino, Pamplona-Iru\u00f1a<\/p>\n<p>Entrada libre hasta completar aforo<\/p>\n<p>TEMPORADA ENCANTANDO DENBORALDIA<\/p>\n<\/div>\n<\/div>\n<\/div>\n<\/div>","excerpt":"","image":{"url":"http:\/\/coraldecamaradenavarra.com\/wp-content\/uploads\/2021\/12\/Josquin_Pamplona-baja.png","id":3111,"extension":"png","width":637,"height":897,"sizes":{"medium":{"width":213,"height":300,"mime-type":"image\/png","url":"http:\/\/coraldecamaradenavarra.com\/wp-content\/uploads\/2021\/12\/Josquin_Pamplona-baja-213x300.png"},"thumbnail":{"width":150,"height":150,"mime-type":"image\/png","url":"http:\/\/coraldecamaradenavarra.com\/wp-content\/uploads\/2021\/12\/Josquin_Pamplona-baja-150x150.png"},"photoswipe_thumbnails":{"width":213,"height":300,"mime-type":"image\/png","url":"http:\/\/coraldecamaradenavarra.com\/wp-content\/uploads\/2021\/12\/Josquin_Pamplona-baja-213x300.png"},"noo-thumbnail-square":{"width":600,"height":450,"mime-type":"image\/png","url":"http:\/\/coraldecamaradenavarra.com\/wp-content\/uploads\/2021\/12\/Josquin_Pamplona-baja-600x450.png"},"noo-single-album":{"width":500,"height":700,"mime-type":"image\/png","url":"http:\/\/coraldecamaradenavarra.com\/wp-content\/uploads\/2021\/12\/Josquin_Pamplona-baja-500x700.png"},"noo-loop-album":{"width":500,"height":700,"mime-type":"image\/png","url":"http:\/\/coraldecamaradenavarra.com\/wp-content\/uploads\/2021\/12\/Josquin_Pamplona-baja-500x700.png"}}},"all_day":false,"start_date":"2021-12-11 19:45:00","start_date_details":{"year":"2021","month":"12","day":"11","hour":"19","minutes":"45","seconds":"00"},"end_date":"2021-12-11 21:00:00","end_date_details":{"year":"2021","month":"12","day":"11","hour":"21","minutes":"00","seconds":"00"},"utc_start_date":"2021-12-11 19:45:00","utc_start_date_details":{"year":"2021","month":"12","day":"11","hour":"19","minutes":"45","seconds":"00"},"utc_end_date":"2021-12-11 21:00:00","utc_end_date_details":{"year":"2021","month":"12","day":"11","hour":"21","minutes":"00","seconds":"00"},"timezone":"UTC+0","timezone_abbr":"","cost":"Gratuito","cost_details":{"currency_symbol":"","currency_position":"suffix","values":["0"]},"website":"","show_map":true,"show_map_link":true,"hide_from_listings":false,"sticky":false,"featured":false,"categories":[{"name":"CONCIERTOS","slug":"conciertos","taxonomy":"tribe_events_cat","description":"","parent":0,"count":81,"id":16,"url":"http:\/\/coraldecamaradenavarra.com\/?tribe_events_cat=conciertos"},{"name":"conciertos gratuitos","slug":"conciertos-gratuitos","taxonomy":"tribe_events_cat","description":"","parent":16,"count":32,"id":20,"url":"http:\/\/coraldecamaradenavarra.com\/?tribe_events_cat=conciertos-gratuitos"},{"name":"Temporada Encantando Denboraldia","slug":"temporada-encantando-denboraldia","taxonomy":"tribe_events_cat","description":"","parent":0,"count":32,"id":385,"url":"http:\/\/coraldecamaradenavarra.com\/?tribe_events_cat=temporada-encantando-denboraldia"}],"tags":[],"venue":{"id":2714,"author":"3","date":"2019-11-06 17:16:47","date_utc":"2019-11-06 17:16:47","modified":"2019-11-06 17:16:47","modified_utc":"2019-11-06 17:16:47","url":"http:\/\/coraldecamaradenavarra.com\/?tribe_venue=iglesia-de-san-saturnino","venue":"Iglesia de San Saturnino","show_map":true,"show_map_link":true,"address":"Calle San Saturnino S\/N","city":"Pamplona - Iru\u00f1a","country":"Spain","province":"Navarra","zip":"31001","phone":"948 22 11 94","stateprovince":"Navarra","global_id":"coraldecamaradenavarra.com?id=2714","global_id_lineage":["coraldecamaradenavarra.com?id=2714"]},"organizer":[{"id":946,"author":"1","date":"2015-09-16 08:59:37","date_utc":"2015-09-16 08:59:37","modified":"2018-10-29 19:16:04","modified_utc":"2018-10-29 19:16:04","url":"http:\/\/coraldecamaradenavarra.com\/?tribe_organizer=coral-de-camara-de-navarra","organizer":"Coral de C\u00e1mara de Navarra","global_id":"coraldecamaradenavarra.com?id=946","global_id_lineage":["coraldecamaradenavarra.com?id=946"]}]},{"id":3106,"global_id":"coraldecamaradenavarra.com?id=3106","global_id_lineage":["coraldecamaradenavarra.com?id=3106"],"author":"3","date":"2021-11-10 11:06:49","date_utc":"2021-11-10 11:06:49","modified":"2021-11-10 11:07:33","modified_utc":"2021-11-10 11:07:33","url":"http:\/\/coraldecamaradenavarra.com\/?tribe_events=a-night-at-the-oscars-2&lang=es","rest_url":"http:\/\/coraldecamaradenavarra.com\/index.php?rest_route=\/tribe\/events\/v1\/events\/3106","title":"HOSANNA, KIRK FRANKLIN Y CL\u00c1SICOS DEL G\u00d3SPEL","description":"<p>HOSANNA, KIRK FRANKLIN Y CL\u00c1SICOS DEL G\u00d3SPEL<\/p>\n<p>Temporada Encantando Denboraldia 2021 &#8211;<\/p>\n<p>Jazzy Leap &amp; Jazzy Leap Band<\/p>\n<p>Piano, voz, arreglos y direcci\u00f3n: Andoni Arcilla<\/p>\n<p>Auditorio Baluarte &#8211; Pamplona\/Iru\u00f1a<\/p>\n<p>Entradas: 12\u20ac<\/p>","excerpt":"","image":{"url":"http:\/\/coraldecamaradenavarra.com\/wp-content\/uploads\/2021\/11\/Hosanna_bajaweb.png","id":3107,"extension":"png","width":613,"height":896,"sizes":{"medium":{"width":205,"height":300,"mime-type":"image\/png","url":"http:\/\/coraldecamaradenavarra.com\/wp-content\/uploads\/2021\/11\/Hosanna_bajaweb-205x300.png"},"thumbnail":{"width":150,"height":150,"mime-type":"image\/png","url":"http:\/\/coraldecamaradenavarra.com\/wp-content\/uploads\/2021\/11\/Hosanna_bajaweb-150x150.png"},"photoswipe_thumbnails":{"width":205,"height":300,"mime-type":"image\/png","url":"http:\/\/coraldecamaradenavarra.com\/wp-content\/uploads\/2021\/11\/Hosanna_bajaweb-205x300.png"},"noo-thumbnail-square":{"width":600,"height":450,"mime-type":"image\/png","url":"http:\/\/coraldecamaradenavarra.com\/wp-content\/uploads\/2021\/11\/Hosanna_bajaweb-600x450.png"},"noo-single-album":{"width":500,"height":700,"mime-type":"image\/png","url":"http:\/\/coraldecamaradenavarra.com\/wp-content\/uploads\/2021\/11\/Hosanna_bajaweb-500x700.png"},"noo-loop-album":{"width":500,"height":700,"mime-type":"image\/png","url":"http:\/\/coraldecamaradenavarra.com\/wp-content\/uploads\/2021\/11\/Hosanna_bajaweb-500x700.png"}}},"all_day":false,"start_date":"2021-12-19 19:00:00","start_date_details":{"year":"2021","month":"12","day":"19","hour":"19","minutes":"00","seconds":"00"},"end_date":"2021-12-19 20:20:00","end_date_details":{"year":"2021","month":"12","day":"19","hour":"20","minutes":"20","seconds":"00"},"utc_start_date":"2021-12-19 19:00:00","utc_start_date_details":{"year":"2021","month":"12","day":"19","hour":"19","minutes":"00","seconds":"00"},"utc_end_date":"2021-12-19 20:20:00","utc_end_date_details":{"year":"2021","month":"12","day":"19","hour":"20","minutes":"20","seconds":"00"},"timezone":"UTC+0","timezone_abbr":"","cost":"12\u20ac","cost_details":{"currency_symbol":"","currency_position":"suffix","values":["12"]},"website":"https:\/\/www.baluarte.com\/cas\/actualidad\/-\/el-domingo-19-de-diciembre-clasicos-del-gospel-en-el-concierto-hosanna-a-cargo-de-jazzy-leap","show_map":true,"show_map_link":true,"hide_from_listings":false,"sticky":false,"featured":false,"categories":[{"name":"CONCIERTOS","slug":"conciertos","taxonomy":"tribe_events_cat","description":"","parent":0,"count":81,"id":16,"url":"http:\/\/coraldecamaradenavarra.com\/?tribe_events_cat=conciertos"},{"name":"Encantando Baluarte","slug":"encantando-baluarte","taxonomy":"tribe_events_cat","description":"","parent":0,"count":12,"id":342,"url":"http:\/\/coraldecamaradenavarra.com\/?tribe_events_cat=encantando-baluarte"},{"name":"Temporada Encantando Denboraldia","slug":"temporada-encantando-denboraldia","taxonomy":"tribe_events_cat","description":"","parent":0,"count":32,"id":385,"url":"http:\/\/coraldecamaradenavarra.com\/?tribe_events_cat=temporada-encantando-denboraldia"}],"tags":[],"venue":{"id":2314,"author":"3","date":"2018-10-24 13:44:16","date_utc":"2018-10-24 13:44:16","modified":"2018-10-24 13:44:16","modified_utc":"2018-10-24 13:44:16","url":"http:\/\/coraldecamaradenavarra.com\/?tribe_venue=sala-de-camara-de-auditorio-baluarte","venue":"Sala de C\u00e1mara de Auditorio Baluarte","show_map":true,"show_map_link":true,"address":"Plaza Baluarte, sn","city":"Pamplona - Iru\u00f1a","country":"Spain","province":"Navarra","zip":"31001","phone":"948 066 060","website":"http:\/\/www.baluarte.com\/","stateprovince":"Navarra","global_id":"coraldecamaradenavarra.com?id=2314","global_id_lineage":["coraldecamaradenavarra.com?id=2314"]},"organizer":[{"id":946,"author":"1","date":"2015-09-16 08:59:37","date_utc":"2015-09-16 08:59:37","modified":"2018-10-29 19:16:04","modified_utc":"2018-10-29 19:16:04","url":"http:\/\/coraldecamaradenavarra.com\/?tribe_organizer=coral-de-camara-de-navarra","organizer":"Coral de C\u00e1mara de Navarra","global_id":"coraldecamaradenavarra.com?id=946","global_id_lineage":["coraldecamaradenavarra.com?id=946"]}]},{"id":3127,"global_id":"coraldecamaradenavarra.com?id=3127","global_id_lineage":["coraldecamaradenavarra.com?id=3127"],"author":"3","date":"2022-03-07 11:33:03","date_utc":"2022-03-07 11:33:03","modified":"2022-03-07 11:34:19","modified_utc":"2022-03-07 11:34:19","url":"http:\/\/coraldecamaradenavarra.com\/?tribe_events=hosanna-kirk-franklin-y-clasicos-del-gospel&lang=es","rest_url":"http:\/\/coraldecamaradenavarra.com\/index.php?rest_route=\/tribe\/events\/v1\/events\/3127","title":"HOSANNA, KIRK FRANKLIN Y CL\u00c1SICOS DEL G\u00d3SPEL","description":"<p>HOSANNA, KIRK FRANKLIN Y CL\u00c1SICOS DEL G\u00d3SPEL<\/p>\n<p>Temporada Encantando Denboraldia 2022 &#8211; Estaciones Sonoras<\/p>\n<p>Jazzy Leap &amp; Jazzy Leap Band<\/p>\n<p>Piano, voz, arreglos y direcci\u00f3n: Andoni Arcilla<\/p>\n<p>Centro Cultural Avenida &#8211; Cascante (Navarra)<\/p>\n<p>Entradas: 7\u20ac<\/p>","excerpt":"","image":{"url":"http:\/\/coraldecamaradenavarra.com\/wp-content\/uploads\/2022\/03\/Hosanna-Cascante-baja.png","id":3128,"extension":"png","width":615,"height":896,"sizes":{"medium":{"width":206,"height":300,"mime-type":"image\/png","url":"http:\/\/coraldecamaradenavarra.com\/wp-content\/uploads\/2022\/03\/Hosanna-Cascante-baja-206x300.png"},"thumbnail":{"width":150,"height":150,"mime-type":"image\/png","url":"http:\/\/coraldecamaradenavarra.com\/wp-content\/uploads\/2022\/03\/Hosanna-Cascante-baja-150x150.png"},"photoswipe_thumbnails":{"width":206,"height":300,"mime-type":"image\/png","url":"http:\/\/coraldecamaradenavarra.com\/wp-content\/uploads\/2022\/03\/Hosanna-Cascante-baja-206x300.png"},"noo-thumbnail-square":{"width":600,"height":450,"mime-type":"image\/png","url":"http:\/\/coraldecamaradenavarra.com\/wp-content\/uploads\/2022\/03\/Hosanna-Cascante-baja-600x450.png"},"noo-single-album":{"width":500,"height":700,"mime-type":"image\/png","url":"http:\/\/coraldecamaradenavarra.com\/wp-content\/uploads\/2022\/03\/Hosanna-Cascante-baja-500x700.png"},"noo-loop-album":{"width":500,"height":700,"mime-type":"image\/png","url":"http:\/\/coraldecamaradenavarra.com\/wp-content\/uploads\/2022\/03\/Hosanna-Cascante-baja-500x700.png"}}},"all_day":false,"start_date":"2022-04-10 19:00:00","start_date_details":{"year":"2022","month":"04","day":"10","hour":"19","minutes":"00","seconds":"00"},"end_date":"2022-04-10 20:20:00","end_date_details":{"year":"2022","month":"04","day":"10","hour":"20","minutes":"20","seconds":"00"},"utc_start_date":"2022-04-10 19:00:00","utc_start_date_details":{"year":"2022","month":"04","day":"10","hour":"19","minutes":"00","seconds":"00"},"utc_end_date":"2022-04-10 20:20:00","utc_end_date_details":{"year":"2022","month":"04","day":"10","hour":"20","minutes":"20","seconds":"00"},"timezone":"UTC+0","timezone_abbr":"","cost":"7\u20ac","cost_details":{"currency_symbol":"","currency_position":"suffix","values":["7"]},"website":"","show_map":true,"show_map_link":true,"hide_from_listings":false,"sticky":false,"featured":false,"categories":[{"name":"CONCIERTOS","slug":"conciertos","taxonomy":"tribe_events_cat","description":"","parent":0,"count":81,"id":16,"url":"http:\/\/coraldecamaradenavarra.com\/?tribe_events_cat=conciertos"},{"name":"Temporada Encantando Denboraldia","slug":"temporada-encantando-denboraldia","taxonomy":"tribe_events_cat","description":"","parent":0,"count":32,"id":385,"url":"http:\/\/coraldecamaradenavarra.com\/?tribe_events_cat=temporada-encantando-denboraldia"}],"tags":[],"venue":{"id":3130,"author":"3","date":"2022-03-07 11:33:03","date_utc":"2022-03-07 11:33:03","modified":"2022-12-15 13:38:48","modified_utc":"2022-12-15 13:38:48","url":"http:\/\/coraldecamaradenavarra.com\/?tribe_venue=centro-cultural-avenida","venue":"Centro Cultural Avenida","show_map":true,"show_map_link":true,"address":"Avda. Constituci\u00f3n, 6","city":"Cascante","country":"Espa\u00f1a","province":"Navarra","zip":"31520","website":"http:\/\/www.cascante.com\/tu-ciudad\/equipamiento\/culturales\/","stateprovince":"Navarra","global_id":"coraldecamaradenavarra.com?id=3130","global_id_lineage":["coraldecamaradenavarra.com?id=3130"]},"organizer":[{"id":946,"author":"1","date":"2015-09-16 08:59:37","date_utc":"2015-09-16 08:59:37","modified":"2018-10-29 19:16:04","modified_utc":"2018-10-29 19:16:04","url":"http:\/\/coraldecamaradenavarra.com\/?tribe_organizer=coral-de-camara-de-navarra","organizer":"Coral de C\u00e1mara de Navarra","global_id":"coraldecamaradenavarra.com?id=946","global_id_lineage":["coraldecamaradenavarra.com?id=946"]},{"id":3131,"author":"3","date":"2022-03-07 11:33:03","date_utc":"2022-03-07 11:33:03","modified":"2022-03-07 11:33:03","modified_utc":"2022-03-07 11:33:03","url":"http:\/\/coraldecamaradenavarra.com\/?tribe_organizer=estaciones-sonoras","organizer":"Estaciones Sonoras","website":"https:\/\/www.estacionessonoras.com","global_id":"coraldecamaradenavarra.com?id=3131","global_id_lineage":["coraldecamaradenavarra.com?id=3131"]}]},{"id":3153,"global_id":"coraldecamaradenavarra.com?id=3153","global_id_lineage":["coraldecamaradenavarra.com?id=3153"],"author":"3","date":"2022-05-02 11:48:17","date_utc":"2022-05-02 11:48:17","modified":"2022-05-02 11:48:17","modified_utc":"2022-05-02 11:48:17","url":"http:\/\/coraldecamaradenavarra.com\/?tribe_events=10-years-of-jazzy-leap&lang=es","rest_url":"http:\/\/coraldecamaradenavarra.com\/index.php?rest_route=\/tribe\/events\/v1\/events\/3153","title":"10 YEARS OF JAZZY LEAP","description":"<p>10 YEARS OF JAZZY LEAP<\/p>\n<p>Temporada Encantando Denboraldia 2022<\/p>\n<p>Jazzy Leap &amp; Jazzy Leap Band<\/p>\n<p>Piano, voz, arreglos y direcci\u00f3n: Andoni Arcilla<\/p>\n<p>Sala de C\u00e1mara &#8211; Auditorio Baluarte<\/p>\n<p>Entradas: 12\u20ac<\/p>","excerpt":"","image":{"url":"http:\/\/coraldecamaradenavarra.com\/wp-content\/uploads\/2022\/05\/X-Years-Jazzy-Leap_-Cartel-baja-web.jpg","id":3154,"extension":"jpg","width":1021,"height":1600,"sizes":{"medium":{"width":191,"height":300,"mime-type":"image\/jpeg","url":"http:\/\/coraldecamaradenavarra.com\/wp-content\/uploads\/2022\/05\/X-Years-Jazzy-Leap_-Cartel-baja-web-191x300.jpg"},"large":{"width":653,"height":1024,"mime-type":"image\/jpeg","url":"http:\/\/coraldecamaradenavarra.com\/wp-content\/uploads\/2022\/05\/X-Years-Jazzy-Leap_-Cartel-baja-web-653x1024.jpg"},"thumbnail":{"width":150,"height":150,"mime-type":"image\/jpeg","url":"http:\/\/coraldecamaradenavarra.com\/wp-content\/uploads\/2022\/05\/X-Years-Jazzy-Leap_-Cartel-baja-web-150x150.jpg"},"medium_large":{"width":768,"height":1204,"mime-type":"image\/jpeg","url":"http:\/\/coraldecamaradenavarra.com\/wp-content\/uploads\/2022\/05\/X-Years-Jazzy-Leap_-Cartel-baja-web-768x1204.jpg"},"photoswipe_thumbnails":{"width":191,"height":300,"mime-type":"image\/jpeg","url":"http:\/\/coraldecamaradenavarra.com\/wp-content\/uploads\/2022\/05\/X-Years-Jazzy-Leap_-Cartel-baja-web-191x300.jpg"},"1536x1536":{"width":980,"height":1536,"mime-type":"image\/jpeg","url":"http:\/\/coraldecamaradenavarra.com\/wp-content\/uploads\/2022\/05\/X-Years-Jazzy-Leap_-Cartel-baja-web-980x1536.jpg"},"noo-thumbnail-square":{"width":600,"height":450,"mime-type":"image\/jpeg","url":"http:\/\/coraldecamaradenavarra.com\/wp-content\/uploads\/2022\/05\/X-Years-Jazzy-Leap_-Cartel-baja-web-600x450.jpg"},"noo-single-album":{"width":500,"height":700,"mime-type":"image\/jpeg","url":"http:\/\/coraldecamaradenavarra.com\/wp-content\/uploads\/2022\/05\/X-Years-Jazzy-Leap_-Cartel-baja-web-500x700.jpg"},"noo-loop-album":{"width":500,"height":700,"mime-type":"image\/jpeg","url":"http:\/\/coraldecamaradenavarra.com\/wp-content\/uploads\/2022\/05\/X-Years-Jazzy-Leap_-Cartel-baja-web-500x700.jpg"}}},"all_day":false,"start_date":"2022-05-29 19:00:00","start_date_details":{"year":"2022","month":"05","day":"29","hour":"19","minutes":"00","seconds":"00"},"end_date":"2022-05-29 20:30:00","end_date_details":{"year":"2022","month":"05","day":"29","hour":"20","minutes":"30","seconds":"00"},"utc_start_date":"2022-05-29 19:00:00","utc_start_date_details":{"year":"2022","month":"05","day":"29","hour":"19","minutes":"00","seconds":"00"},"utc_end_date":"2022-05-29 20:30:00","utc_end_date_details":{"year":"2022","month":"05","day":"29","hour":"20","minutes":"30","seconds":"00"},"timezone":"UTC+0","timezone_abbr":"","cost":"12\u20ac","cost_details":{"currency_symbol":"","currency_position":"suffix","values":["12"]},"website":"https:\/\/www.bacantix.com\/Entradas\/WebForms\/Forms\/Venta.aspx?id=Baluarte&amp;codigo=000119002000609001574","show_map":true,"show_map_link":true,"hide_from_listings":false,"sticky":false,"featured":false,"categories":[{"name":"CONCIERTOS","slug":"conciertos","taxonomy":"tribe_events_cat","description":"","parent":0,"count":81,"id":16,"url":"http:\/\/coraldecamaradenavarra.com\/?tribe_events_cat=conciertos"},{"name":"Temporada Encantando Denboraldia","slug":"temporada-encantando-denboraldia","taxonomy":"tribe_events_cat","description":"","parent":0,"count":32,"id":385,"url":"http:\/\/coraldecamaradenavarra.com\/?tribe_events_cat=temporada-encantando-denboraldia"}],"tags":[],"venue":{"id":2314,"author":"3","date":"2018-10-24 13:44:16","date_utc":"2018-10-24 13:44:16","modified":"2018-10-24 13:44:16","modified_utc":"2018-10-24 13:44:16","url":"http:\/\/coraldecamaradenavarra.com\/?tribe_venue=sala-de-camara-de-auditorio-baluarte","venue":"Sala de C\u00e1mara de Auditorio Baluarte","show_map":true,"show_map_link":true,"address":"Plaza Baluarte, sn","city":"Pamplona - Iru\u00f1a","country":"Spain","province":"Navarra","zip":"31001","phone":"948 066 060","website":"http:\/\/www.baluarte.com\/","stateprovince":"Navarra","global_id":"coraldecamaradenavarra.com?id=2314","global_id_lineage":["coraldecamaradenavarra.com?id=2314"]},"organizer":[{"id":946,"author":"1","date":"2015-09-16 08:59:37","date_utc":"2015-09-16 08:59:37","modified":"2018-10-29 19:16:04","modified_utc":"2018-10-29 19:16:04","url":"http:\/\/coraldecamaradenavarra.com\/?tribe_organizer=coral-de-camara-de-navarra","organizer":"Coral de C\u00e1mara de Navarra","global_id":"coraldecamaradenavarra.com?id=946","global_id_lineage":["coraldecamaradenavarra.com?id=946"]}]},{"id":3193,"global_id":"coraldecamaradenavarra.com?id=3193","global_id_lineage":["coraldecamaradenavarra.com?id=3193"],"author":"3","date":"2022-10-01 17:05:58","date_utc":"2022-10-01 17:05:58","modified":"2022-10-11 17:06:57","modified_utc":"2022-10-11 17:06:57","url":"http:\/\/coraldecamaradenavarra.com\/?tribe_events=otras-mananas-the-mirror-balls&lang=es","rest_url":"http:\/\/coraldecamaradenavarra.com\/index.php?rest_route=\/tribe\/events\/v1\/events\/3193","title":"Otras ma\u00f1anas &#8211; The Mirror Balls","description":"<p>THE MIRROR BALLS<\/p>\n<p>Temporada Encantando Denboraldia 2022 &#8211;<\/p>\n<p>Otras ma\u00f1anas &#8211; Goiz Ezberdinak &#8211; Different mornings<\/p>\n<p>The Mirror Balls<\/p>\n<p>Entradas: 5 \u20ac con consumici\u00f3n<\/p>","excerpt":"","image":{"url":"http:\/\/coraldecamaradenavarra.com\/wp-content\/uploads\/2022\/10\/WhatsApp-Image-2022-10-11-at-7.05.12-PM.jpeg","id":3194,"extension":"jpeg","width":1131,"height":1600,"sizes":{"medium":{"width":212,"height":300,"mime-type":"image\/jpeg","url":"http:\/\/coraldecamaradenavarra.com\/wp-content\/uploads\/2022\/10\/WhatsApp-Image-2022-10-11-at-7.05.12-PM-212x300.jpeg"},"large":{"width":724,"height":1024,"mime-type":"image\/jpeg","url":"http:\/\/coraldecamaradenavarra.com\/wp-content\/uploads\/2022\/10\/WhatsApp-Image-2022-10-11-at-7.05.12-PM-724x1024.jpeg"},"thumbnail":{"width":150,"height":150,"mime-type":"image\/jpeg","url":"http:\/\/coraldecamaradenavarra.com\/wp-content\/uploads\/2022\/10\/WhatsApp-Image-2022-10-11-at-7.05.12-PM-150x150.jpeg"},"medium_large":{"width":768,"height":1086,"mime-type":"image\/jpeg","url":"http:\/\/coraldecamaradenavarra.com\/wp-content\/uploads\/2022\/10\/WhatsApp-Image-2022-10-11-at-7.05.12-PM-768x1086.jpeg"},"photoswipe_thumbnails":{"width":212,"height":300,"mime-type":"image\/jpeg","url":"http:\/\/coraldecamaradenavarra.com\/wp-content\/uploads\/2022\/10\/WhatsApp-Image-2022-10-11-at-7.05.12-PM-212x300.jpeg"},"1536x1536":{"width":1086,"height":1536,"mime-type":"image\/jpeg","url":"http:\/\/coraldecamaradenavarra.com\/wp-content\/uploads\/2022\/10\/WhatsApp-Image-2022-10-11-at-7.05.12-PM-1086x1536.jpeg"},"noo-thumbnail-square":{"width":600,"height":450,"mime-type":"image\/jpeg","url":"http:\/\/coraldecamaradenavarra.com\/wp-content\/uploads\/2022\/10\/WhatsApp-Image-2022-10-11-at-7.05.12-PM-600x450.jpeg"},"noo-single-album":{"width":500,"height":700,"mime-type":"image\/jpeg","url":"http:\/\/coraldecamaradenavarra.com\/wp-content\/uploads\/2022\/10\/WhatsApp-Image-2022-10-11-at-7.05.12-PM-500x700.jpeg"},"noo-loop-album":{"width":500,"height":700,"mime-type":"image\/jpeg","url":"http:\/\/coraldecamaradenavarra.com\/wp-content\/uploads\/2022\/10\/WhatsApp-Image-2022-10-11-at-7.05.12-PM-500x700.jpeg"}}},"all_day":false,"start_date":"2022-10-09 13:00:00","start_date_details":{"year":"2022","month":"10","day":"09","hour":"13","minutes":"00","seconds":"00"},"end_date":"2022-10-09 14:00:00","end_date_details":{"year":"2022","month":"10","day":"09","hour":"14","minutes":"00","seconds":"00"},"utc_start_date":"2022-10-09 13:00:00","utc_start_date_details":{"year":"2022","month":"10","day":"09","hour":"13","minutes":"00","seconds":"00"},"utc_end_date":"2022-10-09 14:00:00","utc_end_date_details":{"year":"2022","month":"10","day":"09","hour":"14","minutes":"00","seconds":"00"},"timezone":"UTC+0","timezone_abbr":"","cost":"5\u20ac","cost_details":{"currency_symbol":"","currency_position":"suffix","values":["5"]},"website":"","show_map":true,"show_map_link":true,"hide_from_listings":false,"sticky":false,"featured":false,"categories":[{"name":"CONCIERTOS","slug":"conciertos","taxonomy":"tribe_events_cat","description":"","parent":0,"count":81,"id":16,"url":"http:\/\/coraldecamaradenavarra.com\/?tribe_events_cat=conciertos"},{"name":"Temporada Encantando Denboraldia","slug":"temporada-encantando-denboraldia","taxonomy":"tribe_events_cat","description":"","parent":0,"count":32,"id":385,"url":"http:\/\/coraldecamaradenavarra.com\/?tribe_events_cat=temporada-encantando-denboraldia"}],"tags":[],"venue":{"id":3196,"author":"3","date":"2022-10-11 17:05:58","date_utc":"2022-10-11 17:05:58","modified":"2022-10-11 17:05:58","modified_utc":"2022-10-11 17:05:58","url":"http:\/\/coraldecamaradenavarra.com\/?tribe_venue=malie","venue":"Malie","show_map":true,"show_map_link":true,"address":"Calle Mayor, 50","city":"Pamplona - Iru\u00f1a","country":"Espa\u00f1a","province":"Navarra","zip":"31001","stateprovince":"Navarra","global_id":"coraldecamaradenavarra.com?id=3196","global_id_lineage":["coraldecamaradenavarra.com?id=3196"]},"organizer":[{"id":946,"author":"1","date":"2015-09-16 08:59:37","date_utc":"2015-09-16 08:59:37","modified":"2018-10-29 19:16:04","modified_utc":"2018-10-29 19:16:04","url":"http:\/\/coraldecamaradenavarra.com\/?tribe_organizer=coral-de-camara-de-navarra","organizer":"Coral de C\u00e1mara de Navarra","global_id":"coraldecamaradenavarra.com?id=946","global_id_lineage":["coraldecamaradenavarra.com?id=946"]}]},{"id":3186,"global_id":"coraldecamaradenavarra.com?id=3186","global_id_lineage":["coraldecamaradenavarra.com?id=3186"],"author":"3","date":"2022-10-11 16:56:20","date_utc":"2022-10-11 16:56:20","modified":"2022-10-11 16:56:20","modified_utc":"2022-10-11 16:56:20","url":"http:\/\/coraldecamaradenavarra.com\/?tribe_events=a-night-at-the-oscars-3&lang=es","rest_url":"http:\/\/coraldecamaradenavarra.com\/index.php?rest_route=\/tribe\/events\/v1\/events\/3186","title":"A NIGHT AT THE OSCARS","description":"<p>A NIGHT AT THE OSCARS<\/p>\n<p>Encantando On Tour 2022 &#8211;<\/p>\n<p>Jazzy Leap &amp; Jazzy Leap Band<\/p>\n<p>Piano, voz, arreglos y direcci\u00f3n: Andoni Arcilla<\/p>\n<p>Centro Cultural Tafalla Kulturgunea &#8211; Tafalla<\/p>\n<p>Entradas: 8\u20ac<\/p>","excerpt":"","image":{"url":"http:\/\/coraldecamaradenavarra.com\/wp-content\/uploads\/2022\/10\/Captura-de-pantalla-2022-10-11-a-las-18.54.43.png","id":3188,"extension":"png","width":502,"height":757,"sizes":{"medium":{"width":199,"height":300,"mime-type":"image\/png","url":"http:\/\/coraldecamaradenavarra.com\/wp-content\/uploads\/2022\/10\/Captura-de-pantalla-2022-10-11-a-las-18.54.43-199x300.png"},"thumbnail":{"width":150,"height":150,"mime-type":"image\/png","url":"http:\/\/coraldecamaradenavarra.com\/wp-content\/uploads\/2022\/10\/Captura-de-pantalla-2022-10-11-a-las-18.54.43-150x150.png"},"photoswipe_thumbnails":{"width":199,"height":300,"mime-type":"image\/png","url":"http:\/\/coraldecamaradenavarra.com\/wp-content\/uploads\/2022\/10\/Captura-de-pantalla-2022-10-11-a-las-18.54.43-199x300.png"},"noo-thumbnail-square":{"width":502,"height":450,"mime-type":"image\/png","url":"http:\/\/coraldecamaradenavarra.com\/wp-content\/uploads\/2022\/10\/Captura-de-pantalla-2022-10-11-a-las-18.54.43-502x450.png"},"noo-single-album":{"width":500,"height":700,"mime-type":"image\/png","url":"http:\/\/coraldecamaradenavarra.com\/wp-content\/uploads\/2022\/10\/Captura-de-pantalla-2022-10-11-a-las-18.54.43-500x700.png"},"noo-loop-album":{"width":500,"height":700,"mime-type":"image\/png","url":"http:\/\/coraldecamaradenavarra.com\/wp-content\/uploads\/2022\/10\/Captura-de-pantalla-2022-10-11-a-las-18.54.43-500x700.png"}}},"all_day":false,"start_date":"2022-10-14 20:30:00","start_date_details":{"year":"2022","month":"10","day":"14","hour":"20","minutes":"30","seconds":"00"},"end_date":"2022-10-14 21:45:00","end_date_details":{"year":"2022","month":"10","day":"14","hour":"21","minutes":"45","seconds":"00"},"utc_start_date":"2022-10-14 20:30:00","utc_start_date_details":{"year":"2022","month":"10","day":"14","hour":"20","minutes":"30","seconds":"00"},"utc_end_date":"2022-10-14 21:45:00","utc_end_date_details":{"year":"2022","month":"10","day":"14","hour":"21","minutes":"45","seconds":"00"},"timezone":"UTC+0","timezone_abbr":"","cost":"8\u20ac","cost_details":{"currency_symbol":"","currency_position":"suffix","values":["8"]},"website":"https:\/\/es.patronbase.com\/_Tafalla\/Seats\/ChooseMyOwn?prod_id=526&amp;perf_id=1&amp;section_id=M&amp;action=&amp;seat_type_id=BUT","show_map":true,"show_map_link":true,"hide_from_listings":false,"sticky":false,"featured":false,"categories":[{"name":"CONCIERTOS","slug":"conciertos","taxonomy":"tribe_events_cat","description":"","parent":0,"count":81,"id":16,"url":"http:\/\/coraldecamaradenavarra.com\/?tribe_events_cat=conciertos"},{"name":"Temporada Encantando Denboraldia","slug":"temporada-encantando-denboraldia","taxonomy":"tribe_events_cat","description":"","parent":0,"count":32,"id":385,"url":"http:\/\/coraldecamaradenavarra.com\/?tribe_events_cat=temporada-encantando-denboraldia"}],"tags":[],"venue":{"id":2585,"author":"3","date":"2019-02-01 10:29:50","date_utc":"2019-02-01 10:29:50","modified":"2019-02-01 10:29:50","modified_utc":"2019-02-01 10:29:50","url":"http:\/\/coraldecamaradenavarra.com\/?tribe_venue=centro-cultural-tafalla-kulturgunea","venue":"Centro Cultural Tafalla Kulturgunea","show_map":true,"show_map_link":true,"city":"Tafalla","country":"Spain","province":"Navarra","website":"https:\/\/es.patronbase.com\/_Tafalla\/Productions","stateprovince":"Navarra","global_id":"coraldecamaradenavarra.com?id=2585","global_id_lineage":["coraldecamaradenavarra.com?id=2585"]},"organizer":[{"id":946,"author":"1","date":"2015-09-16 08:59:37","date_utc":"2015-09-16 08:59:37","modified":"2018-10-29 19:16:04","modified_utc":"2018-10-29 19:16:04","url":"http:\/\/coraldecamaradenavarra.com\/?tribe_organizer=coral-de-camara-de-navarra","organizer":"Coral de C\u00e1mara de Navarra","global_id":"coraldecamaradenavarra.com?id=946","global_id_lineage":["coraldecamaradenavarra.com?id=946"]}]},{"id":3197,"global_id":"coraldecamaradenavarra.com?id=3197","global_id_lineage":["coraldecamaradenavarra.com?id=3197"],"author":"3","date":"2022-10-12 20:57:22","date_utc":"2022-10-12 20:57:22","modified":"2022-10-13 15:20:07","modified_utc":"2022-10-13 15:20:07","url":"http:\/\/coraldecamaradenavarra.com\/?tribe_events=otras-mananas-when-gospel-meets-jazz&lang=es","rest_url":"http:\/\/coraldecamaradenavarra.com\/index.php?rest_route=\/tribe\/events\/v1\/events\/3197","title":"Otras ma\u00f1anas &#8211; When Gospel meets Jazz","description":"<p>WHEN GOSPEL MEETS JAZZ<\/p>\n<p>Temporada Encantando Denboraldia 2022 &#8211;<\/p>\n<p>Otras ma\u00f1anas &#8211; Goiz Ezberdinak &#8211; Different mornings<\/p>\n<p>Andoni Arcilla Group<\/p>\n<p>Entradas: 5 \u20ac con consumici\u00f3n<\/p>","excerpt":"","image":{"url":"http:\/\/coraldecamaradenavarra.com\/wp-content\/uploads\/2022\/10\/WhatsApp-Image-2022-10-13-at-4.39.45-PM.jpeg","id":3198,"extension":"jpeg","width":1080,"height":1582,"sizes":{"medium":{"width":205,"height":300,"mime-type":"image\/jpeg","url":"http:\/\/coraldecamaradenavarra.com\/wp-content\/uploads\/2022\/10\/WhatsApp-Image-2022-10-13-at-4.39.45-PM-205x300.jpeg"},"large":{"width":699,"height":1024,"mime-type":"image\/jpeg","url":"http:\/\/coraldecamaradenavarra.com\/wp-content\/uploads\/2022\/10\/WhatsApp-Image-2022-10-13-at-4.39.45-PM-699x1024.jpeg"},"thumbnail":{"width":150,"height":150,"mime-type":"image\/jpeg","url":"http:\/\/coraldecamaradenavarra.com\/wp-content\/uploads\/2022\/10\/WhatsApp-Image-2022-10-13-at-4.39.45-PM-150x150.jpeg"},"medium_large":{"width":768,"height":1125,"mime-type":"image\/jpeg","url":"http:\/\/coraldecamaradenavarra.com\/wp-content\/uploads\/2022\/10\/WhatsApp-Image-2022-10-13-at-4.39.45-PM-768x1125.jpeg"},"photoswipe_thumbnails":{"width":205,"height":300,"mime-type":"image\/jpeg","url":"http:\/\/coraldecamaradenavarra.com\/wp-content\/uploads\/2022\/10\/WhatsApp-Image-2022-10-13-at-4.39.45-PM-205x300.jpeg"},"1536x1536":{"width":1049,"height":1536,"mime-type":"image\/jpeg","url":"http:\/\/coraldecamaradenavarra.com\/wp-content\/uploads\/2022\/10\/WhatsApp-Image-2022-10-13-at-4.39.45-PM-1049x1536.jpeg"},"noo-thumbnail-square":{"width":600,"height":450,"mime-type":"image\/jpeg","url":"http:\/\/coraldecamaradenavarra.com\/wp-content\/uploads\/2022\/10\/WhatsApp-Image-2022-10-13-at-4.39.45-PM-600x450.jpeg"},"noo-single-album":{"width":500,"height":700,"mime-type":"image\/jpeg","url":"http:\/\/coraldecamaradenavarra.com\/wp-content\/uploads\/2022\/10\/WhatsApp-Image-2022-10-13-at-4.39.45-PM-500x700.jpeg"},"noo-loop-album":{"width":500,"height":700,"mime-type":"image\/jpeg","url":"http:\/\/coraldecamaradenavarra.com\/wp-content\/uploads\/2022\/10\/WhatsApp-Image-2022-10-13-at-4.39.45-PM-500x700.jpeg"}}},"all_day":false,"start_date":"2022-10-16 13:00:00","start_date_details":{"year":"2022","month":"10","day":"16","hour":"13","minutes":"00","seconds":"00"},"end_date":"2022-10-16 14:00:00","end_date_details":{"year":"2022","month":"10","day":"16","hour":"14","minutes":"00","seconds":"00"},"utc_start_date":"2022-10-16 13:00:00","utc_start_date_details":{"year":"2022","month":"10","day":"16","hour":"13","minutes":"00","seconds":"00"},"utc_end_date":"2022-10-16 14:00:00","utc_end_date_details":{"year":"2022","month":"10","day":"16","hour":"14","minutes":"00","seconds":"00"},"timezone":"UTC+0","timezone_abbr":"","cost":"5\u20ac","cost_details":{"currency_symbol":"","currency_position":"suffix","values":["5"]},"website":"","show_map":true,"show_map_link":true,"hide_from_listings":false,"sticky":false,"featured":false,"categories":[{"name":"CONCIERTOS","slug":"conciertos","taxonomy":"tribe_events_cat","description":"","parent":0,"count":81,"id":16,"url":"http:\/\/coraldecamaradenavarra.com\/?tribe_events_cat=conciertos"},{"name":"Temporada Encantando Denboraldia","slug":"temporada-encantando-denboraldia","taxonomy":"tribe_events_cat","description":"","parent":0,"count":32,"id":385,"url":"http:\/\/coraldecamaradenavarra.com\/?tribe_events_cat=temporada-encantando-denboraldia"}],"tags":[],"venue":{"id":3196,"author":"3","date":"2022-10-11 17:05:58","date_utc":"2022-10-11 17:05:58","modified":"2022-10-11 17:05:58","modified_utc":"2022-10-11 17:05:58","url":"http:\/\/coraldecamaradenavarra.com\/?tribe_venue=malie","venue":"Malie","show_map":true,"show_map_link":true,"address":"Calle Mayor, 50","city":"Pamplona - Iru\u00f1a","country":"Espa\u00f1a","province":"Navarra","zip":"31001","stateprovince":"Navarra","global_id":"coraldecamaradenavarra.com?id=3196","global_id_lineage":["coraldecamaradenavarra.com?id=3196"]},"organizer":[{"id":946,"author":"1","date":"2015-09-16 08:59:37","date_utc":"2015-09-16 08:59:37","modified":"2018-10-29 19:16:04","modified_utc":"2018-10-29 19:16:04","url":"http:\/\/coraldecamaradenavarra.com\/?tribe_organizer=coral-de-camara-de-navarra","organizer":"Coral de C\u00e1mara de Navarra","global_id":"coraldecamaradenavarra.com?id=946","global_id_lineage":["coraldecamaradenavarra.com?id=946"]}]}],"rest_url":"http:\/\/coraldecamaradenavarra.com\/index.php?rest_route=\/tribe\/events\/v1\/events\/","next_rest_url":"http:\/\/coraldecamaradenavarra.com\/index.php?rest_route=%2Ftribe%2Fevents%2Fv1%2Fevents%2F&page=2","total":32,"total_pages":4}