{"events":[{"id":2242,"global_id":"coraldecamaradenavarra.com?id=2242","global_id_lineage":["coraldecamaradenavarra.com?id=2242"],"author":"3","date":"2018-10-22 16:50:32","date_utc":"2018-10-22 16:50:32","modified":"2018-10-22 16:56:04","modified_utc":"2018-10-22 16:56:04","url":"http:\/\/coraldecamaradenavarra.com\/?tribe_events=bendigo-tu-presencia&lang=es","rest_url":"http:\/\/coraldecamaradenavarra.com\/index.php?rest_route=\/tribe\/events\/v1\/events\/2242","title":"BENDIGO TU PRESENCIA","description":"<p class=\"western\" style=\"text-align: left;\" align=\"center\"><span style=\"font-family: Times New roman, serif;\"><span style=\"font-size: medium;\"><u><b>Viernes 5 de octubre de 2018<\/b><\/u><\/span><\/span><\/p>\n<p class=\"western\" style=\"text-align: left;\" align=\"center\"><span style=\"font-family: Times New roman, serif;\"><span style=\"font-size: medium;\"><b>20:00 horas Concierto. <\/b><\/span><\/span><span style=\"font-family: Times New roman, serif;\"><span style=\"font-size: medium;\">\u201cBendigo tu presencia\u201d<\/span><\/span><\/p>\n<p class=\"western\" style=\"text-align: left;\" align=\"center\">Monogr\u00e1fico de obras del \u00abPadre Goicoechea\u00bb<\/p>\n<p class=\"western\" style=\"text-align: left;\" align=\"center\"><span style=\"font-family: Times New roman, serif;\"><span style=\"font-size: medium;\">Bas\u00edlica de Santa Mar\u00eda del Coro de San Sebasti\u00e1n &#8211; Donostia<\/span><\/span><\/p>\n<p class=\"western\" style=\"text-align: left;\" align=\"center\"><span style=\"font-family: Times New roman, serif;\"><span style=\"font-size: medium;\">Formaci\u00f3n Cl\u00e1sica de la Coral de C\u00e1mara de Navarra<\/span><\/span><\/p>\n<p class=\"western\" style=\"text-align: left;\" align=\"center\"><span style=\"font-family: Times New roman, serif;\"><span style=\"font-size: medium;\">Ra\u00fal del Toro, \u00f3rgano<\/span><\/span><\/p>\n<p class=\"western\" style=\"text-align: left;\" align=\"center\"><span style=\"font-family: Times New roman, serif;\"><span style=\"font-size: medium;\">Direcci\u00f3n: David Guindano Igarreta<\/span><\/span><\/p>\n<p class=\"western\" style=\"text-align: left;\" align=\"center\">Encantando On Tour 2018\/2019<\/p>","excerpt":"","image":{"url":"http:\/\/coraldecamaradenavarra.com\/wp-content\/uploads\/2018\/10\/btp.png","id":2243,"extension":"png","width":452,"height":630,"sizes":{"thumbnail":{"width":150,"height":150,"mime-type":"image\/png","url":"http:\/\/coraldecamaradenavarra.com\/wp-content\/uploads\/2018\/10\/btp-150x150.png"},"medium":{"width":215,"height":300,"mime-type":"image\/png","url":"http:\/\/coraldecamaradenavarra.com\/wp-content\/uploads\/2018\/10\/btp-215x300.png"},"photoswipe_thumbnails":{"width":215,"height":300,"mime-type":"image\/png","url":"http:\/\/coraldecamaradenavarra.com\/wp-content\/uploads\/2018\/10\/btp-215x300.png"},"noo-thumbnail-square":{"width":452,"height":450,"mime-type":"image\/png","url":"http:\/\/coraldecamaradenavarra.com\/wp-content\/uploads\/2018\/10\/btp-452x450.png"}}},"all_day":false,"start_date":"2018-10-05 20:00:00","start_date_details":{"year":"2018","month":"10","day":"05","hour":"20","minutes":"00","seconds":"00"},"end_date":"2018-10-05 21:00:00","end_date_details":{"year":"2018","month":"10","day":"05","hour":"21","minutes":"00","seconds":"00"},"utc_start_date":"2018-10-05 20:00:00","utc_start_date_details":{"year":"2018","month":"10","day":"05","hour":"20","minutes":"00","seconds":"00"},"utc_end_date":"2018-10-05 21:00:00","utc_end_date_details":{"year":"2018","month":"10","day":"05","hour":"21","minutes":"00","seconds":"00"},"timezone":"UTC+0","timezone_abbr":"","cost":"Gratuito","cost_details":{"currency_symbol":"","currency_position":"suffix","values":["0"]},"website":"","show_map":true,"show_map_link":true,"hide_from_listings":false,"sticky":false,"featured":false,"categories":[{"name":"CONCIERTOS","slug":"conciertos","taxonomy":"tribe_events_cat","description":"","parent":0,"count":81,"id":16,"url":"http:\/\/coraldecamaradenavarra.com\/?tribe_events_cat=conciertos"},{"name":"conciertos gratuitos","slug":"conciertos-gratuitos","taxonomy":"tribe_events_cat","description":"","parent":16,"count":32,"id":20,"url":"http:\/\/coraldecamaradenavarra.com\/?tribe_events_cat=conciertos-gratuitos"},{"name":"Encantando On Tour 18\/19","slug":"encantando-on-tour-1819","taxonomy":"tribe_events_cat","description":"","parent":0,"count":12,"id":341,"url":"http:\/\/coraldecamaradenavarra.com\/?tribe_events_cat=encantando-on-tour-1819"}],"tags":[],"venue":{"id":2245,"author":"3","date":"2018-10-22 16:50:33","date_utc":"2018-10-22 16:50:33","modified":"2018-10-22 16:50:33","modified_utc":"2018-10-22 16:50:33","url":"http:\/\/coraldecamaradenavarra.com\/?tribe_venue=basilica-santa-maria-del-coro","venue":"Bas\u00edlica Santa Mar\u00eda del Coro","show_map":true,"show_map_link":true,"address":"31 de agosto, 43","city":"San Sebasti\u00e1n \/ Donostia","country":"Spain","province":"Guipuzcoa","zip":"20003","stateprovince":"Guipuzcoa","global_id":"coraldecamaradenavarra.com?id=2245","global_id_lineage":["coraldecamaradenavarra.com?id=2245"]},"organizer":[]},{"id":2246,"global_id":"coraldecamaradenavarra.com?id=2246","global_id_lineage":["coraldecamaradenavarra.com?id=2246"],"author":"3","date":"2018-10-22 16:54:52","date_utc":"2018-10-22 16:54:52","modified":"2018-10-22 16:56:40","modified_utc":"2018-10-22 16:56:40","url":"http:\/\/coraldecamaradenavarra.com\/?tribe_events=bendigo-tu-presencia-2&lang=es","rest_url":"http:\/\/coraldecamaradenavarra.com\/index.php?rest_route=\/tribe\/events\/v1\/events\/2246","title":"BENDIGO TU PRESENCIA","description":"<p class=\"western\" style=\"text-align: left;\" align=\"center\"><span style=\"font-family: Times New roman, serif;\"><span style=\"font-size: medium;\"><u><b>S\u00e1bado 6 de octubre de 2018<\/b><\/u><\/span><\/span><\/p>\n<p class=\"western\" style=\"text-align: left;\" align=\"center\"><span style=\"font-family: Times New roman, serif;\"><span style=\"font-size: medium;\"><b>12:00 horas Concierto. <\/b><\/span><\/span><span style=\"font-family: Times New roman, serif;\"><span style=\"font-size: medium;\">\u201cBendigo tu presencia\u201d<\/span><\/span><\/p>\n<p class=\"western\" style=\"text-align: left;\" align=\"center\">Monogr\u00e1fico de obras del \u00abPadre Goicoechea\u00bb<\/p>\n<p class=\"western\" style=\"text-align: left;\" align=\"center\"><span style=\"font-family: Times New roman, serif;\"><span style=\"font-size: medium;\">Parroquia de San Esteban de Bera<br \/>\n<\/span><\/span><\/p>\n<p class=\"western\" style=\"text-align: left;\" align=\"center\"><span style=\"font-family: Times New roman, serif;\"><span style=\"font-size: medium;\">Formaci\u00f3n Cl\u00e1sica de la Coral de C\u00e1mara de Navarra<\/span><\/span><\/p>\n<p class=\"western\" style=\"text-align: left;\" align=\"center\"><span style=\"font-family: Times New roman, serif;\"><span style=\"font-size: medium;\">Ra\u00fal del Toro, \u00f3rgano<\/span><\/span><\/p>\n<p class=\"western\" style=\"text-align: left;\" align=\"center\"><span style=\"font-family: Times New roman, serif;\"><span style=\"font-size: medium;\">Direcci\u00f3n: David Guindano Igarreta<\/span><\/span><\/p>\n<p class=\"western\" style=\"text-align: left;\" align=\"center\">Encantando On Tour 2018\/2019<\/p>","excerpt":"","image":{"url":"http:\/\/coraldecamaradenavarra.com\/wp-content\/uploads\/2018\/10\/btp.png","id":2243,"extension":"png","width":452,"height":630,"sizes":{"thumbnail":{"width":150,"height":150,"mime-type":"image\/png","url":"http:\/\/coraldecamaradenavarra.com\/wp-content\/uploads\/2018\/10\/btp-150x150.png"},"medium":{"width":215,"height":300,"mime-type":"image\/png","url":"http:\/\/coraldecamaradenavarra.com\/wp-content\/uploads\/2018\/10\/btp-215x300.png"},"photoswipe_thumbnails":{"width":215,"height":300,"mime-type":"image\/png","url":"http:\/\/coraldecamaradenavarra.com\/wp-content\/uploads\/2018\/10\/btp-215x300.png"},"noo-thumbnail-square":{"width":452,"height":450,"mime-type":"image\/png","url":"http:\/\/coraldecamaradenavarra.com\/wp-content\/uploads\/2018\/10\/btp-452x450.png"}}},"all_day":false,"start_date":"2018-10-06 12:00:00","start_date_details":{"year":"2018","month":"10","day":"06","hour":"12","minutes":"00","seconds":"00"},"end_date":"2018-10-06 13:00:00","end_date_details":{"year":"2018","month":"10","day":"06","hour":"13","minutes":"00","seconds":"00"},"utc_start_date":"2018-10-06 12:00:00","utc_start_date_details":{"year":"2018","month":"10","day":"06","hour":"12","minutes":"00","seconds":"00"},"utc_end_date":"2018-10-06 13:00:00","utc_end_date_details":{"year":"2018","month":"10","day":"06","hour":"13","minutes":"00","seconds":"00"},"timezone":"UTC+0","timezone_abbr":"","cost":"Gratuito","cost_details":{"currency_symbol":"","currency_position":"suffix","values":["0"]},"website":"","show_map":true,"show_map_link":true,"hide_from_listings":false,"sticky":false,"featured":false,"categories":[{"name":"CONCIERTOS","slug":"conciertos","taxonomy":"tribe_events_cat","description":"","parent":0,"count":81,"id":16,"url":"http:\/\/coraldecamaradenavarra.com\/?tribe_events_cat=conciertos"},{"name":"conciertos gratuitos","slug":"conciertos-gratuitos","taxonomy":"tribe_events_cat","description":"","parent":16,"count":32,"id":20,"url":"http:\/\/coraldecamaradenavarra.com\/?tribe_events_cat=conciertos-gratuitos"},{"name":"Encantando On Tour 18\/19","slug":"encantando-on-tour-1819","taxonomy":"tribe_events_cat","description":"","parent":0,"count":12,"id":341,"url":"http:\/\/coraldecamaradenavarra.com\/?tribe_events_cat=encantando-on-tour-1819"}],"tags":[],"venue":{"id":2248,"author":"3","date":"2018-10-22 16:54:52","date_utc":"2018-10-22 16:54:52","modified":"2018-10-22 16:54:52","modified_utc":"2018-10-22 16:54:52","url":"http:\/\/coraldecamaradenavarra.com\/?tribe_venue=parroquia-de-san-esteban","venue":"Parroquia de San Esteban","show_map":true,"show_map_link":true,"city":"Bera","country":"Spain","province":"Navarra","stateprovince":"Navarra","global_id":"coraldecamaradenavarra.com?id=2248","global_id_lineage":["coraldecamaradenavarra.com?id=2248"]},"organizer":[]},{"id":2249,"global_id":"coraldecamaradenavarra.com?id=2249","global_id_lineage":["coraldecamaradenavarra.com?id=2249"],"author":"3","date":"2018-10-22 17:04:37","date_utc":"2018-10-22 17:04:37","modified":"2018-10-25 18:13:50","modified_utc":"2018-10-25 18:13:50","url":"http:\/\/coraldecamaradenavarra.com\/?tribe_events=bendigo-tu-presencia-3&lang=es","rest_url":"http:\/\/coraldecamaradenavarra.com\/index.php?rest_route=\/tribe\/events\/v1\/events\/2249","title":"BENDIGO TU PRESENCIA","description":"<p class=\"western\" style=\"text-align: left;\" align=\"center\"><span style=\"font-family: Times New roman, serif;\"><span style=\"font-size: medium;\"><u><b>S\u00e1bado 6 de octubre de 2018<\/b><\/u><\/span><\/span><\/p>\n<p class=\"western\" style=\"text-align: left;\" align=\"center\"><span style=\"font-family: Times New roman, serif;\"><span style=\"font-size: medium;\"><b>19:30 horas Concierto. <\/b><\/span><\/span><span style=\"font-family: Times New roman, serif;\"><span style=\"font-size: medium;\">\u201cBendigo tu presencia\u201d<\/span><\/span><\/p>\n<p class=\"western\" style=\"text-align: left;\" align=\"center\">Monogr\u00e1fico de obras del \u00abPadre Goicoechea\u00bb<\/p>\n<p class=\"western\" style=\"text-align: left;\" align=\"center\"><span style=\"font-family: Times New roman, serif;\"><span style=\"font-size: medium;\">Parroquia de San Ignacio de Pamplona-Iru\u00f1a<br \/>\n<\/span><\/span><\/p>\n<p class=\"western\" style=\"text-align: left;\" align=\"center\"><span style=\"font-family: Times New roman, serif;\"><span style=\"font-size: medium;\">Formaci\u00f3n Cl\u00e1sica de la Coral de C\u00e1mara de Navarra<\/span><\/span><\/p>\n<p class=\"western\" style=\"text-align: left;\" align=\"center\"><span style=\"font-family: Times New roman, serif;\"><span style=\"font-size: medium;\">Ra\u00fal del Toro, \u00f3rgano<\/span><\/span><\/p>\n<p class=\"western\" style=\"text-align: left;\" align=\"center\"><span style=\"font-family: Times New roman, serif;\"><span style=\"font-size: medium;\">Direcci\u00f3n: David Guindano Igarreta<\/span><\/span><\/p>\n<p class=\"western\" style=\"text-align: left;\" align=\"center\">Encantando On Tour 2018\/2019<\/p>","excerpt":"","image":{"url":"http:\/\/coraldecamaradenavarra.com\/wp-content\/uploads\/2018\/10\/btp.png","id":2243,"extension":"png","width":452,"height":630,"sizes":{"thumbnail":{"width":150,"height":150,"mime-type":"image\/png","url":"http:\/\/coraldecamaradenavarra.com\/wp-content\/uploads\/2018\/10\/btp-150x150.png"},"medium":{"width":215,"height":300,"mime-type":"image\/png","url":"http:\/\/coraldecamaradenavarra.com\/wp-content\/uploads\/2018\/10\/btp-215x300.png"},"photoswipe_thumbnails":{"width":215,"height":300,"mime-type":"image\/png","url":"http:\/\/coraldecamaradenavarra.com\/wp-content\/uploads\/2018\/10\/btp-215x300.png"},"noo-thumbnail-square":{"width":452,"height":450,"mime-type":"image\/png","url":"http:\/\/coraldecamaradenavarra.com\/wp-content\/uploads\/2018\/10\/btp-452x450.png"}}},"all_day":false,"start_date":"2018-10-06 19:30:00","start_date_details":{"year":"2018","month":"10","day":"06","hour":"19","minutes":"30","seconds":"00"},"end_date":"2018-10-06 20:45:00","end_date_details":{"year":"2018","month":"10","day":"06","hour":"20","minutes":"45","seconds":"00"},"utc_start_date":"2018-10-06 19:30:00","utc_start_date_details":{"year":"2018","month":"10","day":"06","hour":"19","minutes":"30","seconds":"00"},"utc_end_date":"2018-10-06 20:45:00","utc_end_date_details":{"year":"2018","month":"10","day":"06","hour":"20","minutes":"45","seconds":"00"},"timezone":"UTC+0","timezone_abbr":"","cost":"","cost_details":{"currency_symbol":"","currency_position":"suffix","values":[]},"website":"","show_map":true,"show_map_link":true,"hide_from_listings":false,"sticky":false,"featured":false,"categories":[{"name":"CONCIERTOS","slug":"conciertos","taxonomy":"tribe_events_cat","description":"","parent":0,"count":81,"id":16,"url":"http:\/\/coraldecamaradenavarra.com\/?tribe_events_cat=conciertos"},{"name":"conciertos gratuitos","slug":"conciertos-gratuitos","taxonomy":"tribe_events_cat","description":"","parent":16,"count":32,"id":20,"url":"http:\/\/coraldecamaradenavarra.com\/?tribe_events_cat=conciertos-gratuitos"},{"name":"Encantando On Tour 18\/19","slug":"encantando-on-tour-1819","taxonomy":"tribe_events_cat","description":"","parent":0,"count":12,"id":341,"url":"http:\/\/coraldecamaradenavarra.com\/?tribe_events_cat=encantando-on-tour-1819"}],"tags":[],"venue":{"id":2251,"author":"3","date":"2018-10-22 17:04:37","date_utc":"2018-10-22 17:04:37","modified":"2018-10-22 17:04:37","modified_utc":"2018-10-22 17:04:37","url":"http:\/\/coraldecamaradenavarra.com\/?tribe_venue=parroquia-de-san-ignacio","venue":"Parroquia de San Ignacio","show_map":true,"show_map_link":true,"city":"Pamplona - Iru\u00f1a","country":"Spain","zip":"31001","global_id":"coraldecamaradenavarra.com?id=2251","global_id_lineage":["coraldecamaradenavarra.com?id=2251"]},"organizer":[]},{"id":2252,"global_id":"coraldecamaradenavarra.com?id=2252","global_id_lineage":["coraldecamaradenavarra.com?id=2252"],"author":"3","date":"2018-10-22 17:09:30","date_utc":"2018-10-22 17:09:30","modified":"2018-10-22 17:09:30","modified_utc":"2018-10-22 17:09:30","url":"http:\/\/coraldecamaradenavarra.com\/?tribe_events=jazzy-leap-sings-duke-ellington&lang=es","rest_url":"http:\/\/coraldecamaradenavarra.com\/index.php?rest_route=\/tribe\/events\/v1\/events\/2252","title":"JAZZY LEAP SINGS DUKE ELLINGTON","description":"<p class=\"western\" style=\"text-align: left;\" align=\"center\"><span style=\"font-family: Times New roman, serif;\"><span style=\"font-size: large;\"><b>JAZZY LEAP SINGS DUKE ELLINGTON<\/b><\/span><\/span><\/p>\n<p class=\"western\" style=\"text-align: left;\" align=\"center\"><span style=\"font-family: Times New roman, serif;\"><span style=\"font-size: large;\"><b>Jazzy Leap &amp; Jazzy Leap Band<\/b><\/span><\/span><\/p>\n<p class=\"western\" style=\"text-align: left;\" align=\"center\"><span style=\"font-family: Times New roman, serif;\"><span style=\"font-size: large;\">S\u00e1bado 13 de octubre \u2013 20:00 h<\/span><\/span><\/p>\n<p class=\"western\" style=\"text-align: left;\" align=\"center\"><span style=\"font-family: Times New roman, serif;\"><span style=\"font-size: large;\">Auditorio Casa de Cultura &#8211; Peralta<\/span><\/span><\/p>\n<p class=\"western\" style=\"text-align: left;\" align=\"center\"><span style=\"font-family: Times New roman, serif;\"><span style=\"font-size: large;\">Entrada: 5 euros<\/span><\/span><\/p>\n<p class=\"western\" style=\"text-align: left;\" align=\"center\">Encantando On Tour 18\/19<\/p>\n<p class=\"western\" style=\"text-align: left;\" align=\"center\"><span style=\"font-family: Times New roman, serif;\"><span style=\"font-size: medium;\">A la venta desde 30 minutos antes del concierto<\/span><\/span><\/p>","excerpt":"","image":{"url":"http:\/\/coraldecamaradenavarra.com\/wp-content\/uploads\/2018\/10\/jlsde.png","id":2253,"extension":"png","width":452,"height":626,"sizes":{"thumbnail":{"width":150,"height":150,"mime-type":"image\/png","url":"http:\/\/coraldecamaradenavarra.com\/wp-content\/uploads\/2018\/10\/jlsde-150x150.png"},"medium":{"width":217,"height":300,"mime-type":"image\/png","url":"http:\/\/coraldecamaradenavarra.com\/wp-content\/uploads\/2018\/10\/jlsde-217x300.png"},"photoswipe_thumbnails":{"width":217,"height":300,"mime-type":"image\/png","url":"http:\/\/coraldecamaradenavarra.com\/wp-content\/uploads\/2018\/10\/jlsde-217x300.png"},"noo-thumbnail-square":{"width":452,"height":450,"mime-type":"image\/png","url":"http:\/\/coraldecamaradenavarra.com\/wp-content\/uploads\/2018\/10\/jlsde-452x450.png"}}},"all_day":false,"start_date":"2018-10-13 20:00:00","start_date_details":{"year":"2018","month":"10","day":"13","hour":"20","minutes":"00","seconds":"00"},"end_date":"2018-10-13 21:00:00","end_date_details":{"year":"2018","month":"10","day":"13","hour":"21","minutes":"00","seconds":"00"},"utc_start_date":"2018-10-13 20:00:00","utc_start_date_details":{"year":"2018","month":"10","day":"13","hour":"20","minutes":"00","seconds":"00"},"utc_end_date":"2018-10-13 21:00:00","utc_end_date_details":{"year":"2018","month":"10","day":"13","hour":"21","minutes":"00","seconds":"00"},"timezone":"UTC+0","timezone_abbr":"","cost":"5\u20ac","cost_details":{"currency_symbol":"","currency_position":"suffix","values":["5"]},"website":"","show_map":true,"show_map_link":true,"hide_from_listings":false,"sticky":false,"featured":false,"categories":[{"name":"CONCIERTOS","slug":"conciertos","taxonomy":"tribe_events_cat","description":"","parent":0,"count":81,"id":16,"url":"http:\/\/coraldecamaradenavarra.com\/?tribe_events_cat=conciertos"},{"name":"Encantando On Tour 18\/19","slug":"encantando-on-tour-1819","taxonomy":"tribe_events_cat","description":"","parent":0,"count":12,"id":341,"url":"http:\/\/coraldecamaradenavarra.com\/?tribe_events_cat=encantando-on-tour-1819"}],"tags":[],"venue":{"id":2255,"author":"3","date":"2018-10-22 17:09:30","date_utc":"2018-10-22 17:09:30","modified":"2018-10-22 17:09:30","modified_utc":"2018-10-22 17:09:30","url":"http:\/\/coraldecamaradenavarra.com\/?tribe_venue=auditorio-casa-de-cultura-peralta","venue":"Auditorio Casa de Cultura Peralta","show_map":true,"show_map_link":true,"address":"Pablo Sarasate, 4","city":"Peralta - Azkoien","country":"Spain","province":"Navarra","zip":"31350","stateprovince":"Navarra","global_id":"coraldecamaradenavarra.com?id=2255","global_id_lineage":["coraldecamaradenavarra.com?id=2255"]},"organizer":[]},{"id":2259,"global_id":"coraldecamaradenavarra.com?id=2259","global_id_lineage":["coraldecamaradenavarra.com?id=2259"],"author":"3","date":"2018-10-22 17:38:25","date_utc":"2018-10-22 17:38:25","modified":"2018-10-22 17:38:25","modified_utc":"2018-10-22 17:38:25","url":"http:\/\/coraldecamaradenavarra.com\/?tribe_events=first-leap&lang=es","rest_url":"http:\/\/coraldecamaradenavarra.com\/index.php?rest_route=\/tribe\/events\/v1\/events\/2259","title":"FIRST LEAP","description":"<p class=\"western\" style=\"text-align: left;\" align=\"center\"><span style=\"font-family: Times New roman, serif;\"><span style=\"font-size: large;\"><b>FIRST LEAP<br \/>\n<\/b><\/span><\/span><\/p>\n<p class=\"western\" style=\"text-align: left;\" align=\"center\"><span style=\"font-family: Times New roman, serif;\"><span style=\"font-size: large;\"><b>Jazzy Leap &amp; Jazzy Leap Band<\/b><\/span><\/span><\/p>\n<p class=\"western\" style=\"text-align: left;\" align=\"center\"><span style=\"font-family: Times New roman, serif;\"><span style=\"font-size: large;\">Viernes 16 de noviembre \u2013 20:00 h<\/span><\/span><\/p>\n<p class=\"western\" style=\"text-align: left;\" align=\"center\"><span style=\"font-family: Times New roman, serif;\"><span style=\"font-size: large;\">Itsas etxea auditoriuma &#8211; Hondarribi<\/span><\/span><\/p>\n<p class=\"western\" style=\"text-align: left;\" align=\"center\">Encantando On Tour<\/p>\n<p class=\"western\" style=\"text-align: left;\" align=\"center\"><span style=\"font-family: Times New roman, serif;\"><span style=\"font-size: large;\">Entrada: 5 euros<\/span><\/span><\/p>\n<p class=\"western\" style=\"text-align: left;\" align=\"center\"><span style=\"font-family: Times New roman, serif;\"><span style=\"font-size: medium;\">\u00a0<\/span><\/span><\/p>","excerpt":"","image":{"url":"http:\/\/coraldecamaradenavarra.com\/wp-content\/uploads\/2018\/10\/jlhodarribi.png","id":2260,"extension":"png","width":483,"height":616,"sizes":{"thumbnail":{"width":150,"height":150,"mime-type":"image\/png","url":"http:\/\/coraldecamaradenavarra.com\/wp-content\/uploads\/2018\/10\/jlhodarribi-150x150.png"},"medium":{"width":235,"height":300,"mime-type":"image\/png","url":"http:\/\/coraldecamaradenavarra.com\/wp-content\/uploads\/2018\/10\/jlhodarribi-235x300.png"},"photoswipe_thumbnails":{"width":235,"height":300,"mime-type":"image\/png","url":"http:\/\/coraldecamaradenavarra.com\/wp-content\/uploads\/2018\/10\/jlhodarribi-235x300.png"},"noo-thumbnail-square":{"width":483,"height":450,"mime-type":"image\/png","url":"http:\/\/coraldecamaradenavarra.com\/wp-content\/uploads\/2018\/10\/jlhodarribi-483x450.png"}}},"all_day":false,"start_date":"2018-11-16 20:00:00","start_date_details":{"year":"2018","month":"11","day":"16","hour":"20","minutes":"00","seconds":"00"},"end_date":"2018-11-16 21:30:00","end_date_details":{"year":"2018","month":"11","day":"16","hour":"21","minutes":"30","seconds":"00"},"utc_start_date":"2018-11-16 20:00:00","utc_start_date_details":{"year":"2018","month":"11","day":"16","hour":"20","minutes":"00","seconds":"00"},"utc_end_date":"2018-11-16 21:30:00","utc_end_date_details":{"year":"2018","month":"11","day":"16","hour":"21","minutes":"30","seconds":"00"},"timezone":"UTC+0","timezone_abbr":"","cost":"5\u20ac","cost_details":{"currency_symbol":"","currency_position":"suffix","values":["5"]},"website":"","show_map":true,"show_map_link":true,"hide_from_listings":false,"sticky":false,"featured":false,"categories":[{"name":"CONCIERTOS","slug":"conciertos","taxonomy":"tribe_events_cat","description":"","parent":0,"count":81,"id":16,"url":"http:\/\/coraldecamaradenavarra.com\/?tribe_events_cat=conciertos"},{"name":"Encantando On Tour 18\/19","slug":"encantando-on-tour-1819","taxonomy":"tribe_events_cat","description":"","parent":0,"count":12,"id":341,"url":"http:\/\/coraldecamaradenavarra.com\/?tribe_events_cat=encantando-on-tour-1819"}],"tags":[],"venue":{"id":2262,"author":"3","date":"2018-10-22 17:38:25","date_utc":"2018-10-22 17:38:25","modified":"2018-10-22 17:38:25","modified_utc":"2018-10-22 17:38:25","url":"http:\/\/coraldecamaradenavarra.com\/?tribe_venue=itsas-etxea-auditoriuma","venue":"Itsas Etxea Auditoriuma","show_map":true,"show_map_link":true,"address":"Matxin Arzu Kalea, 1","city":"Hondarribi","country":"Spain","province":"Guipuzcoa","zip":"20280","phone":"943 11 12 83","website":"http:\/\/www.hondarribia.eus\/es\/inicio","stateprovince":"Guipuzcoa","global_id":"coraldecamaradenavarra.com?id=2262","global_id_lineage":["coraldecamaradenavarra.com?id=2262"]},"organizer":[]},{"id":2501,"global_id":"coraldecamaradenavarra.com?id=2501","global_id_lineage":["coraldecamaradenavarra.com?id=2501"],"author":"3","date":"2018-11-14 08:20:45","date_utc":"2018-11-14 08:20:45","modified":"2018-11-14 08:55:15","modified_utc":"2018-11-14 08:55:15","url":"http:\/\/coraldecamaradenavarra.com\/?tribe_events=first-leap-3&lang=es","rest_url":"http:\/\/coraldecamaradenavarra.com\/index.php?rest_route=\/tribe\/events\/v1\/events\/2501","title":"FIRST LEAP","description":"<p class=\"western\" style=\"text-align: left;\" align=\"center\"><span style=\"font-family: Times New roman, serif;\"><span style=\"font-size: large;\"><b>FIRST LEAP<br \/>\n<\/b><\/span><\/span><\/p>\n<p class=\"western\" style=\"text-align: left;\" align=\"center\"><span style=\"font-family: Times New roman, serif;\"><span style=\"font-size: large;\"><b>Jazzy Leap &amp; Jazzy Leap Band<\/b><\/span><\/span><\/p>\n<p class=\"western\" style=\"text-align: left;\" align=\"center\"><span style=\"font-family: Times New roman, serif;\"><span style=\"font-size: large;\">S\u00e1bado 17 de noviembre \u2013 20:00 h<\/span><\/span><\/p>\n<p class=\"western\" style=\"text-align: left;\" align=\"center\"><span style=\"font-family: Times New roman, serif;\"><span style=\"font-size: large;\">Sal\u00f3n de Actos Casa de Cultura &#8211; Tauste (Arag\u00f3n)<br \/>\n<\/span><\/span><\/p>\n<p class=\"western\" style=\"text-align: left;\" align=\"center\">Encantando On Tour<\/p>\n<p class=\"western\" style=\"text-align: left;\" align=\"center\"><span style=\"font-family: Times New roman, serif;\"><span style=\"font-size: large;\">Entrada: Libre hasta completar aforo<br \/>\n<\/span><\/span><\/p>","excerpt":"","image":{"url":"http:\/\/coraldecamaradenavarra.com\/wp-content\/uploads\/2018\/11\/tauste.png","id":2502,"extension":"png","width":438,"height":616,"sizes":{"thumbnail":{"width":150,"height":150,"mime-type":"image\/png","url":"http:\/\/coraldecamaradenavarra.com\/wp-content\/uploads\/2018\/11\/tauste-150x150.png"},"medium":{"width":213,"height":300,"mime-type":"image\/png","url":"http:\/\/coraldecamaradenavarra.com\/wp-content\/uploads\/2018\/11\/tauste-213x300.png"},"photoswipe_thumbnails":{"width":213,"height":300,"mime-type":"image\/png","url":"http:\/\/coraldecamaradenavarra.com\/wp-content\/uploads\/2018\/11\/tauste-213x300.png"},"noo-thumbnail-square":{"width":438,"height":450,"mime-type":"image\/png","url":"http:\/\/coraldecamaradenavarra.com\/wp-content\/uploads\/2018\/11\/tauste-438x450.png"}}},"all_day":false,"start_date":"2018-11-17 20:00:00","start_date_details":{"year":"2018","month":"11","day":"17","hour":"20","minutes":"00","seconds":"00"},"end_date":"2018-11-17 21:30:00","end_date_details":{"year":"2018","month":"11","day":"17","hour":"21","minutes":"30","seconds":"00"},"utc_start_date":"2018-11-17 20:00:00","utc_start_date_details":{"year":"2018","month":"11","day":"17","hour":"20","minutes":"00","seconds":"00"},"utc_end_date":"2018-11-17 21:30:00","utc_end_date_details":{"year":"2018","month":"11","day":"17","hour":"21","minutes":"30","seconds":"00"},"timezone":"UTC+0","timezone_abbr":"","cost":"","cost_details":{"currency_symbol":"","currency_position":"suffix","values":[]},"website":"","show_map":true,"show_map_link":true,"hide_from_listings":false,"sticky":false,"featured":false,"categories":[{"name":"conciertos gratuitos","slug":"conciertos-gratuitos","taxonomy":"tribe_events_cat","description":"","parent":16,"count":32,"id":20,"url":"http:\/\/coraldecamaradenavarra.com\/?tribe_events_cat=conciertos-gratuitos"},{"name":"Encantando On Tour 18\/19","slug":"encantando-on-tour-1819","taxonomy":"tribe_events_cat","description":"","parent":0,"count":12,"id":341,"url":"http:\/\/coraldecamaradenavarra.com\/?tribe_events_cat=encantando-on-tour-1819"}],"tags":[],"venue":{"id":2504,"author":"3","date":"2018-11-14 08:20:45","date_utc":"2018-11-14 08:20:45","modified":"2018-11-14 08:20:45","modified_utc":"2018-11-14 08:20:45","url":"http:\/\/coraldecamaradenavarra.com\/?tribe_venue=salon-de-actos-casa-de-cultura-de-tauste","venue":"Sal\u00f3n de Actos Casa de Cultura de Tauste","show_map":true,"show_map_link":true,"address":"Plaza de Arag\u00f3n, 0","city":"Tauste","country":"Spain","province":"Arag\u00f3n","zip":"50660","stateprovince":"Arag\u00f3n","global_id":"coraldecamaradenavarra.com?id=2504","global_id_lineage":["coraldecamaradenavarra.com?id=2504"]},"organizer":[]},{"id":2449,"global_id":"coraldecamaradenavarra.com?id=2449","global_id_lineage":["coraldecamaradenavarra.com?id=2449"],"author":"3","date":"2018-11-08 19:51:19","date_utc":"2018-11-08 19:51:19","modified":"2018-11-08 19:51:19","modified_utc":"2018-11-08 19:51:19","url":"http:\/\/coraldecamaradenavarra.com\/?tribe_events=first-leap-2&lang=es","rest_url":"http:\/\/coraldecamaradenavarra.com\/index.php?rest_route=\/tribe\/events\/v1\/events\/2449","title":"FIRST LEAP","description":"<p class=\"western\" style=\"text-align: left;\" align=\"center\"><span style=\"font-family: Times New roman, serif;\"><span style=\"font-size: large;\"><b>FIRST LEAP<br \/>\n<\/b><\/span><\/span><\/p>\n<p class=\"western\" style=\"text-align: left;\" align=\"center\"><span style=\"font-family: Times New roman, serif;\"><span style=\"font-size: large;\"><b>Jazzy Leap &amp; Jazzy Leap Band<\/b><\/span><\/span><\/p>\n<p class=\"western\" style=\"text-align: left;\" align=\"center\"><span style=\"font-family: Times New roman, serif;\"><span style=\"font-size: large;\">Domingo 18 de noviembre \u2013 19:00 h<\/span><\/span><\/p>\n<p class=\"western\" style=\"text-align: left;\" align=\"center\"><span style=\"font-family: Times New roman, serif;\"><span style=\"font-size: large;\">Real Teatro de Ezcaray &#8211; Ezcaray (La Rioja)<br \/>\n<\/span><\/span><\/p>\n<p class=\"western\" style=\"text-align: left;\" align=\"center\">Encantando On Tour<\/p>\n<p class=\"western\" style=\"text-align: left;\" align=\"center\"><span style=\"font-family: Times New roman, serif;\"><span style=\"font-size: large;\">Entrada: 3 euros<\/span><\/span><\/p>","excerpt":"","image":{"url":"http:\/\/coraldecamaradenavarra.com\/wp-content\/uploads\/2018\/11\/ezcaray.png","id":2450,"extension":"png","width":427,"height":597,"sizes":{"thumbnail":{"width":150,"height":150,"mime-type":"image\/png","url":"http:\/\/coraldecamaradenavarra.com\/wp-content\/uploads\/2018\/11\/ezcaray-150x150.png"},"medium":{"width":215,"height":300,"mime-type":"image\/png","url":"http:\/\/coraldecamaradenavarra.com\/wp-content\/uploads\/2018\/11\/ezcaray-215x300.png"},"photoswipe_thumbnails":{"width":215,"height":300,"mime-type":"image\/png","url":"http:\/\/coraldecamaradenavarra.com\/wp-content\/uploads\/2018\/11\/ezcaray-215x300.png"},"noo-thumbnail-square":{"width":427,"height":450,"mime-type":"image\/png","url":"http:\/\/coraldecamaradenavarra.com\/wp-content\/uploads\/2018\/11\/ezcaray-427x450.png"}}},"all_day":false,"start_date":"2018-11-18 19:00:00","start_date_details":{"year":"2018","month":"11","day":"18","hour":"19","minutes":"00","seconds":"00"},"end_date":"2018-11-18 20:30:00","end_date_details":{"year":"2018","month":"11","day":"18","hour":"20","minutes":"30","seconds":"00"},"utc_start_date":"2018-11-18 19:00:00","utc_start_date_details":{"year":"2018","month":"11","day":"18","hour":"19","minutes":"00","seconds":"00"},"utc_end_date":"2018-11-18 20:30:00","utc_end_date_details":{"year":"2018","month":"11","day":"18","hour":"20","minutes":"30","seconds":"00"},"timezone":"UTC+0","timezone_abbr":"","cost":"3\u20ac","cost_details":{"currency_symbol":"","currency_position":"suffix","values":["3"]},"website":"","show_map":true,"show_map_link":true,"hide_from_listings":false,"sticky":false,"featured":false,"categories":[{"name":"CONCIERTOS","slug":"conciertos","taxonomy":"tribe_events_cat","description":"","parent":0,"count":81,"id":16,"url":"http:\/\/coraldecamaradenavarra.com\/?tribe_events_cat=conciertos"},{"name":"Encantando On Tour 18\/19","slug":"encantando-on-tour-1819","taxonomy":"tribe_events_cat","description":"","parent":0,"count":12,"id":341,"url":"http:\/\/coraldecamaradenavarra.com\/?tribe_events_cat=encantando-on-tour-1819"}],"tags":[],"venue":{"id":2452,"author":"3","date":"2018-11-08 19:51:19","date_utc":"2018-11-08 19:51:19","modified":"2018-11-08 19:51:19","modified_utc":"2018-11-08 19:51:19","url":"http:\/\/coraldecamaradenavarra.com\/?tribe_venue=real-teatro-de-ezcaray","venue":"Real Teatro de Ezcaray","show_map":true,"show_map_link":true,"address":"Plaza de la Constitucion, 1","city":"Ezcaray","country":"Spain","province":"La Rioja","zip":"26280","phone":"941 35 41 91","stateprovince":"La Rioja","global_id":"coraldecamaradenavarra.com?id=2452","global_id_lineage":["coraldecamaradenavarra.com?id=2452"]},"organizer":[{"id":946,"author":"1","date":"2015-09-16 08:59:37","date_utc":"2015-09-16 08:59:37","modified":"2018-10-29 19:16:04","modified_utc":"2018-10-29 19:16:04","url":"http:\/\/coraldecamaradenavarra.com\/?tribe_organizer=coral-de-camara-de-navarra","organizer":"Coral de C\u00e1mara de Navarra","global_id":"coraldecamaradenavarra.com?id=946","global_id_lineage":["coraldecamaradenavarra.com?id=946"]}]},{"id":2393,"global_id":"coraldecamaradenavarra.com?id=2393","global_id_lineage":["coraldecamaradenavarra.com?id=2393"],"author":"3","date":"2018-10-29 19:22:28","date_utc":"2018-10-29 19:22:28","modified":"2018-11-06 18:46:09","modified_utc":"2018-11-06 18:46:09","url":"http:\/\/coraldecamaradenavarra.com\/?tribe_events=wolcum-yule&lang=es","rest_url":"http:\/\/coraldecamaradenavarra.com\/index.php?rest_route=\/tribe\/events\/v1\/events\/2393","title":"WOLCUM YULE","description":"<p class=\"western\" style=\"text-align: left;\" align=\"center\"><span style=\"font-family: Times New roman, serif;\"><span style=\"font-size: medium;\"><u><b>Domingo 25 de noviembre de 2018<\/b><\/u><\/span><\/span><\/p>\n<p class=\"western\" style=\"text-align: left;\" align=\"center\"><span style=\"font-family: Times New roman, serif;\"><span style=\"font-size: medium;\"><b>19:00 horas Concierto. \u00ab<\/b><\/span><\/span><span style=\"font-family: Times New roman, serif;\"><span style=\"font-size: medium;\">Wolcum Yule\u00bb<br \/>\n<\/span><\/span><\/p>\n<p class=\"western\" style=\"text-align: left;\" align=\"center\">M\u00fasica para mujeres y arpa de Britten y Holst para recibir al solsticio de invierno.<\/p>\n<p class=\"western\" style=\"text-align: left;\" align=\"center\"><span style=\"font-family: Times New roman, serif;\"><span style=\"font-size: medium;\">Heptamer\u00f3n, coro de voces iguales femeninas<br \/>\n<\/span><\/span><\/p>\n<p class=\"western\" style=\"text-align: left;\" align=\"center\"><span style=\"font-family: Times New roman, serif;\"><span style=\"font-size: medium;\">Alicia Griffiths Turrillas, arpa<br \/>\n<\/span><\/span><\/p>\n<p class=\"western\" style=\"text-align: left;\" align=\"center\"><span style=\"font-family: Times New roman, serif;\"><span style=\"font-size: medium;\">Direcci\u00f3n: Beatriz Aguirre<br \/>\n<\/span><\/span><\/p>\n<p class=\"western\" style=\"text-align: left;\" align=\"center\"><span style=\"font-family: Times New roman, serif;\"><span style=\"font-size: medium;\">Sala de C\u00e1mara de Auditorio Baluarte<\/span><\/span><\/p>\n<p class=\"western\" style=\"text-align: left;\" align=\"center\">Entradas: Ya a la venta en los canales habituales de Auditorio Baluarte<\/p>\n<p class=\"western\" style=\"text-align: left;\" align=\"center\">Temporada Encantando Encantando 2018\/2019<\/p>","excerpt":"","image":{"url":"http:\/\/coraldecamaradenavarra.com\/wp-content\/uploads\/2018\/10\/wolcumyule.png","id":2395,"extension":"png","width":443,"height":619,"sizes":{"thumbnail":{"width":150,"height":150,"mime-type":"image\/png","url":"http:\/\/coraldecamaradenavarra.com\/wp-content\/uploads\/2018\/10\/wolcumyule-150x150.png"},"medium":{"width":215,"height":300,"mime-type":"image\/png","url":"http:\/\/coraldecamaradenavarra.com\/wp-content\/uploads\/2018\/10\/wolcumyule-215x300.png"},"photoswipe_thumbnails":{"width":215,"height":300,"mime-type":"image\/png","url":"http:\/\/coraldecamaradenavarra.com\/wp-content\/uploads\/2018\/10\/wolcumyule-215x300.png"},"noo-thumbnail-square":{"width":443,"height":450,"mime-type":"image\/png","url":"http:\/\/coraldecamaradenavarra.com\/wp-content\/uploads\/2018\/10\/wolcumyule-443x450.png"}}},"all_day":false,"start_date":"2018-11-25 19:00:00","start_date_details":{"year":"2018","month":"11","day":"25","hour":"19","minutes":"00","seconds":"00"},"end_date":"2018-11-25 20:00:00","end_date_details":{"year":"2018","month":"11","day":"25","hour":"20","minutes":"00","seconds":"00"},"utc_start_date":"2018-11-25 19:00:00","utc_start_date_details":{"year":"2018","month":"11","day":"25","hour":"19","minutes":"00","seconds":"00"},"utc_end_date":"2018-11-25 20:00:00","utc_end_date_details":{"year":"2018","month":"11","day":"25","hour":"20","minutes":"00","seconds":"00"},"timezone":"UTC+0","timezone_abbr":"","cost":"6\u20ac","cost_details":{"currency_symbol":"","currency_position":"suffix","values":["6"]},"website":"https:\/\/www.bacantix.com\/Entradas\/WebForms\/Forms\/Venta.aspx?id=Baluarte&amp;codigo=000119002000332000885","show_map":true,"show_map_link":true,"hide_from_listings":false,"sticky":false,"featured":false,"categories":[{"name":"Encantando On Tour 18\/19","slug":"encantando-on-tour-1819","taxonomy":"tribe_events_cat","description":"","parent":0,"count":12,"id":341,"url":"http:\/\/coraldecamaradenavarra.com\/?tribe_events_cat=encantando-on-tour-1819"}],"tags":[],"venue":{"id":2258,"author":"3","date":"2018-10-22 17:13:52","date_utc":"2018-10-22 17:13:52","modified":"2018-10-22 17:13:52","modified_utc":"2018-10-22 17:13:52","url":"http:\/\/coraldecamaradenavarra.com\/?tribe_venue=auditorio-baluarte","venue":"Auditorio Baluarte","show_map":true,"show_map_link":true,"address":"Plaza Baluarte, sn","city":"Pamplona - Iru\u00f1a","country":"Spain","province":"Navarra","zip":"31002","phone":"948 066 060","website":"http:\/\/www.baluarte.com\/","stateprovince":"Navarra","global_id":"coraldecamaradenavarra.com?id=2258","global_id_lineage":["coraldecamaradenavarra.com?id=2258"]},"organizer":[{"id":946,"author":"1","date":"2015-09-16 08:59:37","date_utc":"2015-09-16 08:59:37","modified":"2018-10-29 19:16:04","modified_utc":"2018-10-29 19:16:04","url":"http:\/\/coraldecamaradenavarra.com\/?tribe_organizer=coral-de-camara-de-navarra","organizer":"Coral de C\u00e1mara de Navarra","global_id":"coraldecamaradenavarra.com?id=946","global_id_lineage":["coraldecamaradenavarra.com?id=946"]}]},{"id":2532,"global_id":"coraldecamaradenavarra.com?id=2532","global_id_lineage":["coraldecamaradenavarra.com?id=2532"],"author":"3","date":"2018-11-29 19:50:15","date_utc":"2018-11-29 19:50:15","modified":"2018-11-29 19:50:15","modified_utc":"2018-11-29 19:50:15","url":"http:\/\/coraldecamaradenavarra.com\/?tribe_events=gospel-christmas-songs&lang=es","rest_url":"http:\/\/coraldecamaradenavarra.com\/index.php?rest_route=\/tribe\/events\/v1\/events\/2532","title":"GOSPEL &#038; CHRISTMAS SONGS","description":"<p class=\"western\" style=\"text-align: left;\" align=\"center\"><span style=\"font-family: Times New roman, serif;\"><span style=\"font-size: medium;\"><u><b>Viernes 21 de diciembre de 2018<\/b><\/u><\/span><\/span><\/p>\n<p class=\"western\" style=\"text-align: left;\" align=\"center\"><span style=\"font-family: Times New roman, serif;\"><span style=\"font-size: medium;\"><b>20:00 horas Concierto. <\/b><\/span><\/span><\/p>\n<p class=\"western\" style=\"text-align: left;\" align=\"center\"><span style=\"font-family: Times New roman, serif;\"><span style=\"font-size: medium;\"><b>\u00ab<\/b><\/span><\/span><span style=\"font-family: Times New roman, serif;\"><span style=\"font-size: medium;\">\u00abGospel &amp; Christmas songs\u00bb<br \/>\n<\/span><\/span><\/p>\n<p class=\"western\" style=\"text-align: left;\" align=\"center\"><span style=\"font-family: Times New roman, serif;\"><span style=\"font-size: medium;\">Jazzy Leap &amp; Jazzy Leap Band<br \/>\n<\/span><\/span><\/p>\n<p class=\"western\" style=\"text-align: left;\" align=\"center\"><span style=\"font-family: Times New roman, serif;\"><span style=\"font-size: medium;\">Direcci\u00f3n: Andoni Arcilla<br \/>\n<\/span><\/span><\/p>\n<p class=\"western\" style=\"text-align: left;\" align=\"center\"><span style=\"font-family: Times New roman, serif;\"><span style=\"font-size: medium;\">Centro C\u00edvico \u00abPedro Iturralde\u00bb<\/span><\/span><\/p>\n<p class=\"western\" style=\"text-align: left;\" align=\"center\">Encantando On Tour 2018\/2019<\/p>","excerpt":"","image":{"url":"http:\/\/coraldecamaradenavarra.com\/wp-content\/uploads\/2018\/11\/gospelcs.png","id":2533,"extension":"png","width":451,"height":632,"sizes":{"thumbnail":{"width":150,"height":150,"mime-type":"image\/png","url":"http:\/\/coraldecamaradenavarra.com\/wp-content\/uploads\/2018\/11\/gospelcs-150x150.png"},"medium":{"width":214,"height":300,"mime-type":"image\/png","url":"http:\/\/coraldecamaradenavarra.com\/wp-content\/uploads\/2018\/11\/gospelcs-214x300.png"},"photoswipe_thumbnails":{"width":214,"height":300,"mime-type":"image\/png","url":"http:\/\/coraldecamaradenavarra.com\/wp-content\/uploads\/2018\/11\/gospelcs-214x300.png"},"noo-thumbnail-square":{"width":451,"height":450,"mime-type":"image\/png","url":"http:\/\/coraldecamaradenavarra.com\/wp-content\/uploads\/2018\/11\/gospelcs-451x450.png"}}},"all_day":false,"start_date":"2018-12-21 20:00:00","start_date_details":{"year":"2018","month":"12","day":"21","hour":"20","minutes":"00","seconds":"00"},"end_date":"2018-12-21 21:30:00","end_date_details":{"year":"2018","month":"12","day":"21","hour":"21","minutes":"30","seconds":"00"},"utc_start_date":"2018-12-21 20:00:00","utc_start_date_details":{"year":"2018","month":"12","day":"21","hour":"20","minutes":"00","seconds":"00"},"utc_end_date":"2018-12-21 21:30:00","utc_end_date_details":{"year":"2018","month":"12","day":"21","hour":"21","minutes":"30","seconds":"00"},"timezone":"UTC+0","timezone_abbr":"","cost":"5\u20ac","cost_details":{"currency_symbol":"","currency_position":"suffix","values":["5"]},"website":"","show_map":true,"show_map_link":true,"hide_from_listings":false,"sticky":false,"featured":false,"categories":[{"name":"CONCIERTOS","slug":"conciertos","taxonomy":"tribe_events_cat","description":"","parent":0,"count":81,"id":16,"url":"http:\/\/coraldecamaradenavarra.com\/?tribe_events_cat=conciertos"},{"name":"Encantando On Tour 18\/19","slug":"encantando-on-tour-1819","taxonomy":"tribe_events_cat","description":"","parent":0,"count":12,"id":341,"url":"http:\/\/coraldecamaradenavarra.com\/?tribe_events_cat=encantando-on-tour-1819"}],"tags":[],"venue":{"id":2535,"author":"3","date":"2018-11-29 19:50:15","date_utc":"2018-11-29 19:50:15","modified":"2018-11-29 19:50:15","modified_utc":"2018-11-29 19:50:15","url":"http:\/\/coraldecamaradenavarra.com\/?tribe_venue=centro-civico-pedro-iturralde","venue":"Centro C\u00edvico \u00abPedro Iturralde\u00bb","show_map":true,"show_map_link":true,"address":"C\/ Ram\u00f3n y Cajal s\/n","city":"Falces","country":"Spain","province":"Navarra","zip":"31261","phone":"948 73 40 72","stateprovince":"Navarra","global_id":"coraldecamaradenavarra.com?id=2535","global_id_lineage":["coraldecamaradenavarra.com?id=2535"]},"organizer":[{"id":946,"author":"1","date":"2015-09-16 08:59:37","date_utc":"2015-09-16 08:59:37","modified":"2018-10-29 19:16:04","modified_utc":"2018-10-29 19:16:04","url":"http:\/\/coraldecamaradenavarra.com\/?tribe_organizer=coral-de-camara-de-navarra","organizer":"Coral de C\u00e1mara de Navarra","global_id":"coraldecamaradenavarra.com?id=946","global_id_lineage":["coraldecamaradenavarra.com?id=946"]}]},{"id":2569,"global_id":"coraldecamaradenavarra.com?id=2569","global_id_lineage":["coraldecamaradenavarra.com?id=2569"],"author":"3","date":"2019-01-30 14:57:37","date_utc":"2019-01-30 14:57:37","modified":"2019-01-30 14:58:19","modified_utc":"2019-01-30 14:58:19","url":"http:\/\/coraldecamaradenavarra.com\/?tribe_events=first-leap-4&lang=es","rest_url":"http:\/\/coraldecamaradenavarra.com\/index.php?rest_route=\/tribe\/events\/v1\/events\/2569","title":"FIRST LEAP","description":"<p class=\"western\" style=\"text-align: left;\" align=\"center\"><span style=\"font-family: Times New roman, serif;\"><span style=\"font-size: large;\"><b>FIRST LEAP<br \/>\n<\/b><\/span><\/span><\/p>\n<p class=\"western\" style=\"text-align: left;\" align=\"center\"><span style=\"font-family: Times New roman, serif;\"><span style=\"font-size: large;\"><b>Jazzy Leap &amp; Jazzy Leap Band<\/b><\/span><\/span><\/p>\n<p class=\"western\" style=\"text-align: left;\" align=\"center\"><span style=\"font-family: Times New roman, serif;\"><span style=\"font-size: large;\">Viernes 8 de febrero \u2013 20:15 h<\/span><\/span><\/p>\n<p class=\"western\" style=\"text-align: left;\" align=\"center\"><span style=\"font-family: Times New roman, serif;\"><span style=\"font-size: large;\">Auditorio \u00abJuan Antonio Ducun\u00bb &#8211; Ribaforada (Navarra)<br \/>\n<\/span><\/span><\/p>\n<p class=\"western\" style=\"text-align: left;\" align=\"center\">Encantando On Tour<\/p>\n<p class=\"western\" style=\"text-align: left;\" align=\"center\"><span style=\"font-family: Times New roman, serif;\"><span style=\"font-size: large;\">Entrada: 6 euros<\/span><\/span><\/p>\n<p class=\"western\" style=\"text-align: left;\" align=\"center\">Ya a la venta online: <a href=\"https:\/\/es.patronbase.com\/_Ribaforada\/Seats\/ChooseMyOwn?prod_id=0074&amp;perf_id=1&amp;section_id=M&amp;action=&amp;seat_type_id=BUT\">pinchando aqu\u00ed<\/a><\/p>\n<p>De lunes a viernes, de 16.00h a 21.00h en la Casa de Cultura de Ribaforada<\/p>\n<p>TAQUILLA: El mismo d\u00eda, 30 minutos antes, si quedan entradas.<\/p>","excerpt":"","image":{"url":"http:\/\/coraldecamaradenavarra.com\/wp-content\/uploads\/2019\/01\/Jazzy-Leap_Ribaforada.jpg","id":2570,"extension":"jpg","width":1650,"height":2366,"sizes":{"thumbnail":{"width":150,"height":150,"mime-type":"image\/jpeg","url":"http:\/\/coraldecamaradenavarra.com\/wp-content\/uploads\/2019\/01\/Jazzy-Leap_Ribaforada-150x150.jpg"},"medium":{"width":209,"height":300,"mime-type":"image\/jpeg","url":"http:\/\/coraldecamaradenavarra.com\/wp-content\/uploads\/2019\/01\/Jazzy-Leap_Ribaforada-209x300.jpg"},"large":{"width":714,"height":1024,"mime-type":"image\/jpeg","url":"http:\/\/coraldecamaradenavarra.com\/wp-content\/uploads\/2019\/01\/Jazzy-Leap_Ribaforada-714x1024.jpg"},"photoswipe_thumbnails":{"width":209,"height":300,"mime-type":"image\/jpeg","url":"http:\/\/coraldecamaradenavarra.com\/wp-content\/uploads\/2019\/01\/Jazzy-Leap_Ribaforada-209x300.jpg"},"noo-thumbnail-square":{"width":600,"height":450,"mime-type":"image\/jpeg","url":"http:\/\/coraldecamaradenavarra.com\/wp-content\/uploads\/2019\/01\/Jazzy-Leap_Ribaforada-600x450.jpg"},"noo-single-album":{"width":500,"height":700,"mime-type":"image\/jpeg","url":"http:\/\/coraldecamaradenavarra.com\/wp-content\/uploads\/2019\/01\/Jazzy-Leap_Ribaforada-500x700.jpg"},"noo-loop-album":{"width":500,"height":700,"mime-type":"image\/jpeg","url":"http:\/\/coraldecamaradenavarra.com\/wp-content\/uploads\/2019\/01\/Jazzy-Leap_Ribaforada-500x700.jpg"}}},"all_day":false,"start_date":"2019-02-08 20:15:00","start_date_details":{"year":"2019","month":"02","day":"08","hour":"20","minutes":"15","seconds":"00"},"end_date":"2019-02-08 21:30:00","end_date_details":{"year":"2019","month":"02","day":"08","hour":"21","minutes":"30","seconds":"00"},"utc_start_date":"2019-02-08 20:15:00","utc_start_date_details":{"year":"2019","month":"02","day":"08","hour":"20","minutes":"15","seconds":"00"},"utc_end_date":"2019-02-08 21:30:00","utc_end_date_details":{"year":"2019","month":"02","day":"08","hour":"21","minutes":"30","seconds":"00"},"timezone":"UTC+0","timezone_abbr":"","cost":"6\u20ac","cost_details":{"currency_symbol":"","currency_position":"suffix","values":["6"]},"website":"https:\/\/es.patronbase.com\/_Ribaforada\/Seats\/ChooseMyOwn?prod_id=0074&amp;perf_id=1&amp;section_id=M&amp;action=&amp;seat_type_id=BUT","show_map":true,"show_map_link":true,"hide_from_listings":false,"sticky":false,"featured":false,"categories":[{"name":"CONCIERTOS","slug":"conciertos","taxonomy":"tribe_events_cat","description":"","parent":0,"count":81,"id":16,"url":"http:\/\/coraldecamaradenavarra.com\/?tribe_events_cat=conciertos"},{"name":"Encantando On Tour 18\/19","slug":"encantando-on-tour-1819","taxonomy":"tribe_events_cat","description":"","parent":0,"count":12,"id":341,"url":"http:\/\/coraldecamaradenavarra.com\/?tribe_events_cat=encantando-on-tour-1819"}],"tags":[],"venue":{"id":2572,"author":"3","date":"2019-01-30 14:57:37","date_utc":"2019-01-30 14:57:37","modified":"2019-01-30 14:57:37","modified_utc":"2019-01-30 14:57:37","url":"http:\/\/coraldecamaradenavarra.com\/?tribe_venue=auditorio-juan-antonio-ducun-de-ribaforada","venue":"Auditorio \u201cJuan Antonio Ducun\u201d de Ribaforada","show_map":true,"show_map_link":true,"country":"Spain","province":"Navarra","zip":"31550","stateprovince":"Navarra","global_id":"coraldecamaradenavarra.com?id=2572","global_id_lineage":["coraldecamaradenavarra.com?id=2572"]},"organizer":[{"id":946,"author":"1","date":"2015-09-16 08:59:37","date_utc":"2015-09-16 08:59:37","modified":"2018-10-29 19:16:04","modified_utc":"2018-10-29 19:16:04","url":"http:\/\/coraldecamaradenavarra.com\/?tribe_organizer=coral-de-camara-de-navarra","organizer":"Coral de C\u00e1mara de Navarra","global_id":"coraldecamaradenavarra.com?id=946","global_id_lineage":["coraldecamaradenavarra.com?id=946"]}]}],"rest_url":"http:\/\/coraldecamaradenavarra.com\/index.php?rest_route=\/tribe\/events\/v1\/events\/","next_rest_url":"http:\/\/coraldecamaradenavarra.com\/index.php?rest_route=%2Ftribe%2Fevents%2Fv1%2Fevents%2F&page=2","total":12,"total_pages":2}