{"events":[{"id":2256,"global_id":"coraldecamaradenavarra.com?id=2256","global_id_lineage":["coraldecamaradenavarra.com?id=2256"],"author":"3","date":"2018-10-22 17:14:32","date_utc":"2018-10-22 17:14:32","modified":"2018-10-22 17:15:28","modified_utc":"2018-10-22 17:15:28","url":"http:\/\/coraldecamaradenavarra.com\/?tribe_events=jazzy-leap-sings-duke-ellington-2&lang=es","rest_url":"http:\/\/coraldecamaradenavarra.com\/index.php?rest_route=\/tribe\/events\/v1\/events\/2256","title":"JAZZY LEAP SINGS DUKE ELLINGTON","description":"<p class=\"western\" style=\"text-align: left;\" align=\"center\"><span style=\"font-family: Times New roman, serif;\"><span style=\"font-size: large;\"><b>JAZZY LEAP SINGS DUKE ELLINGTON<\/b><\/span><\/span><\/p>\n<p class=\"western\" style=\"text-align: left;\" align=\"center\"><span style=\"font-family: Times New roman, serif;\"><span style=\"font-size: large;\"><b>Jazzy Leap &amp; Jazzy Leap Band<\/b><\/span><\/span><\/p>\n<p class=\"western\" style=\"text-align: left;\" align=\"center\"><span style=\"font-family: Times New roman, serif;\"><span style=\"font-size: large;\">Domingo 14 de octubre \u2013 19:00 h<\/span><\/span><\/p>\n<p class=\"western\" style=\"text-align: left;\" align=\"center\"><span style=\"font-family: Times New roman, serif;\"><span style=\"font-size: large;\">Sala de C\u00e1mara de Auditorio Baluarte <\/span><\/span><\/p>\n<p class=\"western\" style=\"text-align: left;\" align=\"center\"><span style=\"font-family: Times New roman, serif;\"><span style=\"font-size: large;\">Entrada: 10 euros. <\/span><\/span><\/p>\n<p class=\"western\" style=\"text-align: left;\" align=\"center\"><span style=\"font-family: Times New roman, serif;\"><span style=\"font-size: medium;\">A la venta en canales habituales de Auditorio Baluarte; Taquilla, Tel\u00e9fono y p\u00e1gina web.<\/span><\/span><\/p>\n<p class=\"western\" style=\"text-align: left;\" align=\"center\"><span style=\"color: #000080;\"><span lang=\"zxx\"><u><a href=\"https:\/\/www.bacantix.com\/Entradas\/WebForms\/Forms\/Venta.aspx?id=Baluarte&amp;codigo=000119002000331000883\"><span style=\"font-family: Times New roman, serif;\"><span style=\"font-size: medium;\">https:\/\/www.bacantix.com\/Entradas\/WebForms\/Forms\/Venta.aspx?id=Baluarte&amp;codigo=000119002000331000883<\/span><\/span><\/a><\/u><\/span><\/span><\/p>","excerpt":"","image":{"url":"http:\/\/coraldecamaradenavarra.com\/wp-content\/uploads\/2018\/10\/jlsde.png","id":2253,"extension":"png","width":452,"height":626,"sizes":{"thumbnail":{"width":150,"height":150,"mime-type":"image\/png","url":"http:\/\/coraldecamaradenavarra.com\/wp-content\/uploads\/2018\/10\/jlsde-150x150.png"},"medium":{"width":217,"height":300,"mime-type":"image\/png","url":"http:\/\/coraldecamaradenavarra.com\/wp-content\/uploads\/2018\/10\/jlsde-217x300.png"},"photoswipe_thumbnails":{"width":217,"height":300,"mime-type":"image\/png","url":"http:\/\/coraldecamaradenavarra.com\/wp-content\/uploads\/2018\/10\/jlsde-217x300.png"},"noo-thumbnail-square":{"width":452,"height":450,"mime-type":"image\/png","url":"http:\/\/coraldecamaradenavarra.com\/wp-content\/uploads\/2018\/10\/jlsde-452x450.png"}}},"all_day":false,"start_date":"2018-10-14 19:00:00","start_date_details":{"year":"2018","month":"10","day":"14","hour":"19","minutes":"00","seconds":"00"},"end_date":"2018-10-14 20:30:00","end_date_details":{"year":"2018","month":"10","day":"14","hour":"20","minutes":"30","seconds":"00"},"utc_start_date":"2018-10-14 19:00:00","utc_start_date_details":{"year":"2018","month":"10","day":"14","hour":"19","minutes":"00","seconds":"00"},"utc_end_date":"2018-10-14 20:30:00","utc_end_date_details":{"year":"2018","month":"10","day":"14","hour":"20","minutes":"30","seconds":"00"},"timezone":"UTC+0","timezone_abbr":"","cost":"10\u20ac","cost_details":{"currency_symbol":"","currency_position":"suffix","values":["10"]},"website":"","show_map":true,"show_map_link":true,"hide_from_listings":false,"sticky":false,"featured":false,"categories":[{"name":"CONCIERTOS","slug":"conciertos","taxonomy":"tribe_events_cat","description":"","parent":0,"count":81,"id":16,"url":"http:\/\/coraldecamaradenavarra.com\/?tribe_events_cat=conciertos"},{"name":"Encantando Baluarte","slug":"encantando-baluarte","taxonomy":"tribe_events_cat","description":"","parent":0,"count":12,"id":342,"url":"http:\/\/coraldecamaradenavarra.com\/?tribe_events_cat=encantando-baluarte"}],"tags":[],"venue":{"id":2258,"author":"3","date":"2018-10-22 17:13:52","date_utc":"2018-10-22 17:13:52","modified":"2018-10-22 17:13:52","modified_utc":"2018-10-22 17:13:52","url":"http:\/\/coraldecamaradenavarra.com\/?tribe_venue=auditorio-baluarte","venue":"Auditorio Baluarte","show_map":true,"show_map_link":true,"address":"Plaza Baluarte, sn","city":"Pamplona - Iru\u00f1a","country":"Spain","province":"Navarra","zip":"31002","phone":"948 066 060","website":"http:\/\/www.baluarte.com\/","stateprovince":"Navarra","global_id":"coraldecamaradenavarra.com?id=2258","global_id_lineage":["coraldecamaradenavarra.com?id=2258"]},"organizer":[]},{"id":2537,"global_id":"coraldecamaradenavarra.com?id=2537","global_id_lineage":["coraldecamaradenavarra.com?id=2537"],"author":"3","date":"2018-11-29 19:52:30","date_utc":"2018-11-29 19:52:30","modified":"2018-11-29 19:52:30","modified_utc":"2018-11-29 19:52:30","url":"http:\/\/coraldecamaradenavarra.com\/?tribe_events=gospel-christmas-songs-2&lang=es","rest_url":"http:\/\/coraldecamaradenavarra.com\/index.php?rest_route=\/tribe\/events\/v1\/events\/2537","title":"GOSPEL &#038; CHRISTMAS SONGS","description":"<p class=\"western\" style=\"text-align: left;\" align=\"center\"><span style=\"font-family: Times New roman, serif;\"><span style=\"font-size: medium;\"><u><b>S\u00e1bado 22 de diciembre de 2018<\/b><\/u><\/span><\/span><\/p>\n<p class=\"western\" style=\"text-align: left;\" align=\"center\"><span style=\"font-family: Times New roman, serif;\"><span style=\"font-size: medium;\"><b>20:00 horas Concierto. <\/b><\/span><\/span><\/p>\n<p class=\"western\" style=\"text-align: left;\" align=\"center\"><span style=\"font-family: Times New roman, serif;\"><span style=\"font-size: medium;\"><b>\u00ab<\/b><\/span><\/span><span style=\"font-family: Times New roman, serif;\"><span style=\"font-size: medium;\">\u00abGospel &amp; Christmas songs\u00bb<br \/>\n<\/span><\/span><\/p>\n<p class=\"western\" style=\"text-align: left;\" align=\"center\"><span style=\"font-family: Times New roman, serif;\"><span style=\"font-size: medium;\">Jazzy Leap &amp; Jazzy Leap Band<br \/>\n<\/span><\/span><\/p>\n<p class=\"western\" style=\"text-align: left;\" align=\"center\"><span style=\"font-family: Times New roman, serif;\"><span style=\"font-size: medium;\">Direcci\u00f3n: Andoni Arcilla<br \/>\n<\/span><\/span><\/p>\n<p class=\"western\" style=\"text-align: left;\" align=\"center\"><span style=\"font-family: Times New roman, serif;\"><span style=\"font-size: medium;\">Sala de C\u00e1mara de Auditorio Baluarte<br \/>\n<\/span><\/span><\/p>\n<p class=\"western\" style=\"text-align: left;\" align=\"center\">Temporada Encantando Denboraldia 2018\/2019<\/p>","excerpt":"","image":{"url":"http:\/\/coraldecamaradenavarra.com\/wp-content\/uploads\/2018\/11\/gospelcs.png","id":2533,"extension":"png","width":451,"height":632,"sizes":{"thumbnail":{"width":150,"height":150,"mime-type":"image\/png","url":"http:\/\/coraldecamaradenavarra.com\/wp-content\/uploads\/2018\/11\/gospelcs-150x150.png"},"medium":{"width":214,"height":300,"mime-type":"image\/png","url":"http:\/\/coraldecamaradenavarra.com\/wp-content\/uploads\/2018\/11\/gospelcs-214x300.png"},"photoswipe_thumbnails":{"width":214,"height":300,"mime-type":"image\/png","url":"http:\/\/coraldecamaradenavarra.com\/wp-content\/uploads\/2018\/11\/gospelcs-214x300.png"},"noo-thumbnail-square":{"width":451,"height":450,"mime-type":"image\/png","url":"http:\/\/coraldecamaradenavarra.com\/wp-content\/uploads\/2018\/11\/gospelcs-451x450.png"}}},"all_day":false,"start_date":"2018-12-22 20:00:00","start_date_details":{"year":"2018","month":"12","day":"22","hour":"20","minutes":"00","seconds":"00"},"end_date":"2018-12-22 21:30:00","end_date_details":{"year":"2018","month":"12","day":"22","hour":"21","minutes":"30","seconds":"00"},"utc_start_date":"2018-12-22 20:00:00","utc_start_date_details":{"year":"2018","month":"12","day":"22","hour":"20","minutes":"00","seconds":"00"},"utc_end_date":"2018-12-22 21:30:00","utc_end_date_details":{"year":"2018","month":"12","day":"22","hour":"21","minutes":"30","seconds":"00"},"timezone":"UTC+0","timezone_abbr":"","cost":"10\u20ac","cost_details":{"currency_symbol":"","currency_position":"suffix","values":["10"]},"website":"https:\/\/www.bacantix.com\/Entradas\/WebForms\/Forms\/Venta.aspx?id=Baluarte&amp;codigo=000119002000333000886","show_map":true,"show_map_link":true,"hide_from_listings":false,"sticky":false,"featured":false,"categories":[{"name":"CONCIERTOS","slug":"conciertos","taxonomy":"tribe_events_cat","description":"","parent":0,"count":81,"id":16,"url":"http:\/\/coraldecamaradenavarra.com\/?tribe_events_cat=conciertos"},{"name":"Encantando Baluarte","slug":"encantando-baluarte","taxonomy":"tribe_events_cat","description":"","parent":0,"count":12,"id":342,"url":"http:\/\/coraldecamaradenavarra.com\/?tribe_events_cat=encantando-baluarte"}],"tags":[],"venue":{"id":2258,"author":"3","date":"2018-10-22 17:13:52","date_utc":"2018-10-22 17:13:52","modified":"2018-10-22 17:13:52","modified_utc":"2018-10-22 17:13:52","url":"http:\/\/coraldecamaradenavarra.com\/?tribe_venue=auditorio-baluarte","venue":"Auditorio Baluarte","show_map":true,"show_map_link":true,"address":"Plaza Baluarte, sn","city":"Pamplona - Iru\u00f1a","country":"Spain","province":"Navarra","zip":"31002","phone":"948 066 060","website":"http:\/\/www.baluarte.com\/","stateprovince":"Navarra","global_id":"coraldecamaradenavarra.com?id=2258","global_id_lineage":["coraldecamaradenavarra.com?id=2258"]},"organizer":[{"id":946,"author":"1","date":"2015-09-16 08:59:37","date_utc":"2015-09-16 08:59:37","modified":"2018-10-29 19:16:04","modified_utc":"2018-10-29 19:16:04","url":"http:\/\/coraldecamaradenavarra.com\/?tribe_organizer=coral-de-camara-de-navarra","organizer":"Coral de C\u00e1mara de Navarra","global_id":"coraldecamaradenavarra.com?id=946","global_id_lineage":["coraldecamaradenavarra.com?id=946"]}]},{"id":2579,"global_id":"coraldecamaradenavarra.com?id=2579","global_id_lineage":["coraldecamaradenavarra.com?id=2579"],"author":"3","date":"2019-02-01 10:32:22","date_utc":"2019-02-01 10:32:22","modified":"2019-02-14 09:33:37","modified_utc":"2019-02-14 09:33:37","url":"http:\/\/coraldecamaradenavarra.com\/?tribe_events=zarzuela-y-mujer-si-las-muejeres-mandaran&lang=es","rest_url":"http:\/\/coraldecamaradenavarra.com\/index.php?rest_route=\/tribe\/events\/v1\/events\/2579","title":"ZARZUELA Y MUJER &#8211; Si las muejeres mandaran&#8230;","description":"<p class=\"western\" style=\"text-align: left;\" align=\"center\"><span style=\"font-family: Times New roman, serif;\"><span style=\"font-size: medium;\"><u><b>Viernes 22 de febrero de 2019<\/b><\/u><\/span><\/span><\/p>\n<p class=\"western\" style=\"text-align: left;\" align=\"center\"><span style=\"font-family: Times New roman, serif;\"><span style=\"font-size: medium;\"><b>20:00 horas Concierto. <\/b><\/span><\/span><\/p>\n<p class=\"western\" style=\"text-align: left;\" align=\"center\"><span style=\"font-family: Times New roman, serif;\"><span style=\"font-size: medium;\"><b>Zarzuela y mujer &#8211; Si las mujeres mandaran&#8230;<\/b><\/span><\/span><span style=\"font-family: Times New roman, serif;\"><span style=\"font-size: medium;\"><br \/>\n<\/span><\/span><\/p>\n<p>Coro y solistas de la Formaci\u00f3n Cl\u00e1sica de la CCNNGA<\/p>\n<p>Ensemble instrumental del Conservatorio Superior de M\u00fasica de Navarra<\/p>\n<p>Piano: Irune Liberal<\/p>\n<p>Actriz: Virginia Cervera<\/p>\n<p>Direcci\u00f3n de escena: Mercedes Casta\u00f1o<\/p>\n<p class=\"western\" style=\"text-align: left;\" align=\"center\"><span style=\"font-family: Times New roman, serif;\"><span style=\"font-size: medium;\">Direcci\u00f3n: David Guindano Igarreta<br \/>\n<\/span><\/span><\/p>\n<p class=\"western\" style=\"text-align: left;\" align=\"center\"><span style=\"font-family: Times New roman, serif;\"><span style=\"font-size: medium;\">Sala de C\u00e1mara de Auditorio Baluarte<\/span><\/span><\/p>\n<p class=\"western\" style=\"text-align: left;\" align=\"center\">Entradas: 10 euros. Pr\u00f3ximamente a la venta en los canales habituales de Auditorio Baluarte<\/p>\n<p class=\"western\" style=\"text-align: left;\" align=\"center\">Temporada Encantando Denboraldia 2018\/2019<\/p>","excerpt":"","image":{"url":"http:\/\/coraldecamaradenavarra.com\/wp-content\/uploads\/2019\/02\/Si-las-mujeres...-Baluarte.jpg","id":2580,"extension":"jpg","width":1669,"height":2383,"sizes":{"thumbnail":{"width":150,"height":150,"mime-type":"image\/jpeg","url":"http:\/\/coraldecamaradenavarra.com\/wp-content\/uploads\/2019\/02\/Si-las-mujeres...-Baluarte-150x150.jpg"},"medium":{"width":210,"height":300,"mime-type":"image\/jpeg","url":"http:\/\/coraldecamaradenavarra.com\/wp-content\/uploads\/2019\/02\/Si-las-mujeres...-Baluarte-210x300.jpg"},"large":{"width":717,"height":1024,"mime-type":"image\/jpeg","url":"http:\/\/coraldecamaradenavarra.com\/wp-content\/uploads\/2019\/02\/Si-las-mujeres...-Baluarte-717x1024.jpg"},"photoswipe_thumbnails":{"width":210,"height":300,"mime-type":"image\/jpeg","url":"http:\/\/coraldecamaradenavarra.com\/wp-content\/uploads\/2019\/02\/Si-las-mujeres...-Baluarte-210x300.jpg"},"noo-thumbnail-square":{"width":600,"height":450,"mime-type":"image\/jpeg","url":"http:\/\/coraldecamaradenavarra.com\/wp-content\/uploads\/2019\/02\/Si-las-mujeres...-Baluarte-600x450.jpg"},"noo-single-album":{"width":500,"height":700,"mime-type":"image\/jpeg","url":"http:\/\/coraldecamaradenavarra.com\/wp-content\/uploads\/2019\/02\/Si-las-mujeres...-Baluarte-500x700.jpg"},"noo-loop-album":{"width":500,"height":700,"mime-type":"image\/jpeg","url":"http:\/\/coraldecamaradenavarra.com\/wp-content\/uploads\/2019\/02\/Si-las-mujeres...-Baluarte-500x700.jpg"}}},"all_day":false,"start_date":"2019-02-22 20:00:00","start_date_details":{"year":"2019","month":"02","day":"22","hour":"20","minutes":"00","seconds":"00"},"end_date":"2019-02-22 21:20:00","end_date_details":{"year":"2019","month":"02","day":"22","hour":"21","minutes":"20","seconds":"00"},"utc_start_date":"2019-02-22 20:00:00","utc_start_date_details":{"year":"2019","month":"02","day":"22","hour":"20","minutes":"00","seconds":"00"},"utc_end_date":"2019-02-22 21:20:00","utc_end_date_details":{"year":"2019","month":"02","day":"22","hour":"21","minutes":"20","seconds":"00"},"timezone":"UTC+0","timezone_abbr":"","cost":"10\u20ac","cost_details":{"currency_symbol":"","currency_position":"suffix","values":["10"]},"website":"https:\/\/www.bacantix.com\/Entradas\/WebForms\/Forms\/Venta.aspx?id=Baluarte&amp;codigo=000119002000334000887","show_map":true,"show_map_link":true,"hide_from_listings":false,"sticky":false,"featured":false,"categories":[{"name":"CONCIERTOS","slug":"conciertos","taxonomy":"tribe_events_cat","description":"","parent":0,"count":81,"id":16,"url":"http:\/\/coraldecamaradenavarra.com\/?tribe_events_cat=conciertos"},{"name":"Encantando Baluarte","slug":"encantando-baluarte","taxonomy":"tribe_events_cat","description":"","parent":0,"count":12,"id":342,"url":"http:\/\/coraldecamaradenavarra.com\/?tribe_events_cat=encantando-baluarte"}],"tags":[],"venue":{"id":2258,"author":"3","date":"2018-10-22 17:13:52","date_utc":"2018-10-22 17:13:52","modified":"2018-10-22 17:13:52","modified_utc":"2018-10-22 17:13:52","url":"http:\/\/coraldecamaradenavarra.com\/?tribe_venue=auditorio-baluarte","venue":"Auditorio Baluarte","show_map":true,"show_map_link":true,"address":"Plaza Baluarte, sn","city":"Pamplona - Iru\u00f1a","country":"Spain","province":"Navarra","zip":"31002","phone":"948 066 060","website":"http:\/\/www.baluarte.com\/","stateprovince":"Navarra","global_id":"coraldecamaradenavarra.com?id=2258","global_id_lineage":["coraldecamaradenavarra.com?id=2258"]},"organizer":[{"id":946,"author":"1","date":"2015-09-16 08:59:37","date_utc":"2015-09-16 08:59:37","modified":"2018-10-29 19:16:04","modified_utc":"2018-10-29 19:16:04","url":"http:\/\/coraldecamaradenavarra.com\/?tribe_organizer=coral-de-camara-de-navarra","organizer":"Coral de C\u00e1mara de Navarra","global_id":"coraldecamaradenavarra.com?id=946","global_id_lineage":["coraldecamaradenavarra.com?id=946"]}]},{"id":2573,"global_id":"coraldecamaradenavarra.com?id=2573","global_id_lineage":["coraldecamaradenavarra.com?id=2573"],"author":"3","date":"2019-02-01 10:34:11","date_utc":"2019-02-01 10:34:11","modified":"2019-02-04 12:31:01","modified_utc":"2019-02-04 12:31:01","url":"http:\/\/coraldecamaradenavarra.com\/?tribe_events=euskal-kantak-kalakan-jazzy-leap&lang=es","rest_url":"http:\/\/coraldecamaradenavarra.com\/index.php?rest_route=\/tribe\/events\/v1\/events\/2573","title":"EUSKAL KANTAK &#8211; KALAKAN &#038; JAZZY LEAP","description":"<p class=\"western\" style=\"text-align: left;\" align=\"center\"><span style=\"font-family: Times New roman, serif;\"><span style=\"font-size: large;\"><b>EUSKAL KANTAK<br \/>\n<\/b><\/span><\/span><\/p>\n<p class=\"western\" style=\"text-align: left;\" align=\"center\"><span style=\"font-family: Times New roman, serif;\"><span style=\"font-size: large;\"><b>KALAKAN &amp; JAZZY LEAP &amp; JAZZY LEAP BAND<br \/>\n<\/b><\/span><\/span><\/p>\n<p class=\"western\" style=\"text-align: left;\" align=\"center\"><span style=\"font-family: Times New roman, serif;\"><span style=\"font-size: large;\">Domingo 14 de abril \u2013 19:00 h<\/span><\/span><\/p>\n<p class=\"western\" style=\"text-align: left;\" align=\"center\"><span style=\"font-family: Times New roman, serif;\"><span style=\"font-size: large;\">Sala principal Auditorio Baluarte\u00a0 (Pamplona &#8211; Iru\u00f1a)<br \/>\n<\/span><\/span><\/p>\n<p class=\"western\" style=\"text-align: left;\" align=\"center\">Temporada Encantando Denboraldia 2018\/2019<\/p>\n<p class=\"western\" style=\"text-align: left;\" align=\"center\"><span style=\"font-family: Times New roman, serif;\"><span style=\"font-size: large;\">Entrada: 15\/20 euros<\/span><\/span><\/p>\n<p class=\"western\" style=\"text-align: left;\" align=\"center\">A la venta en taquillas de Auditorio Baluarte, por tel\u00e9fono y en su <a href=\"https:\/\/www.bacantix.com\/Entradas\/WebForms\/Forms\/Venta.aspx?id=Baluarte&amp;codigo=000119001000647000888\">p\u00e1gina web<\/a>.<\/p>\n<p class=\"western\" style=\"text-align: left;\" align=\"center\">","excerpt":"","image":{"url":"http:\/\/coraldecamaradenavarra.com\/wp-content\/uploads\/2019\/02\/Euskal-Kantak_KalakanJazzyLeap.jpg","id":2594,"extension":"jpg","width":1679,"height":2356,"sizes":{"thumbnail":{"width":150,"height":150,"mime-type":"image\/jpeg","url":"http:\/\/coraldecamaradenavarra.com\/wp-content\/uploads\/2019\/02\/Euskal-Kantak_KalakanJazzyLeap-150x150.jpg"},"medium":{"width":214,"height":300,"mime-type":"image\/jpeg","url":"http:\/\/coraldecamaradenavarra.com\/wp-content\/uploads\/2019\/02\/Euskal-Kantak_KalakanJazzyLeap-214x300.jpg"},"large":{"width":730,"height":1024,"mime-type":"image\/jpeg","url":"http:\/\/coraldecamaradenavarra.com\/wp-content\/uploads\/2019\/02\/Euskal-Kantak_KalakanJazzyLeap-730x1024.jpg"},"photoswipe_thumbnails":{"width":214,"height":300,"mime-type":"image\/jpeg","url":"http:\/\/coraldecamaradenavarra.com\/wp-content\/uploads\/2019\/02\/Euskal-Kantak_KalakanJazzyLeap-214x300.jpg"},"noo-thumbnail-square":{"width":600,"height":450,"mime-type":"image\/jpeg","url":"http:\/\/coraldecamaradenavarra.com\/wp-content\/uploads\/2019\/02\/Euskal-Kantak_KalakanJazzyLeap-600x450.jpg"},"noo-single-album":{"width":500,"height":700,"mime-type":"image\/jpeg","url":"http:\/\/coraldecamaradenavarra.com\/wp-content\/uploads\/2019\/02\/Euskal-Kantak_KalakanJazzyLeap-500x700.jpg"},"noo-loop-album":{"width":500,"height":700,"mime-type":"image\/jpeg","url":"http:\/\/coraldecamaradenavarra.com\/wp-content\/uploads\/2019\/02\/Euskal-Kantak_KalakanJazzyLeap-500x700.jpg"}}},"all_day":false,"start_date":"2019-04-14 19:00:00","start_date_details":{"year":"2019","month":"04","day":"14","hour":"19","minutes":"00","seconds":"00"},"end_date":"2019-04-14 20:15:00","end_date_details":{"year":"2019","month":"04","day":"14","hour":"20","minutes":"15","seconds":"00"},"utc_start_date":"2019-04-14 19:00:00","utc_start_date_details":{"year":"2019","month":"04","day":"14","hour":"19","minutes":"00","seconds":"00"},"utc_end_date":"2019-04-14 20:15:00","utc_end_date_details":{"year":"2019","month":"04","day":"14","hour":"20","minutes":"15","seconds":"00"},"timezone":"UTC+0","timezone_abbr":"","cost":"15\u20ac - 20\u20ac","cost_details":{"currency_symbol":"Desde","currency_position":"prefix","values":["15","20"]},"website":"https:\/\/www.bacantix.com\/Entradas\/WebForms\/Forms\/Venta.aspx?id=Baluarte&amp;codigo=000119001000647000888","show_map":true,"show_map_link":true,"hide_from_listings":false,"sticky":false,"featured":false,"categories":[{"name":"CONCIERTOS","slug":"conciertos","taxonomy":"tribe_events_cat","description":"","parent":0,"count":81,"id":16,"url":"http:\/\/coraldecamaradenavarra.com\/?tribe_events_cat=conciertos"},{"name":"Encantando Baluarte","slug":"encantando-baluarte","taxonomy":"tribe_events_cat","description":"","parent":0,"count":12,"id":342,"url":"http:\/\/coraldecamaradenavarra.com\/?tribe_events_cat=encantando-baluarte"}],"tags":[],"venue":{"id":2258,"author":"3","date":"2018-10-22 17:13:52","date_utc":"2018-10-22 17:13:52","modified":"2018-10-22 17:13:52","modified_utc":"2018-10-22 17:13:52","url":"http:\/\/coraldecamaradenavarra.com\/?tribe_venue=auditorio-baluarte","venue":"Auditorio Baluarte","show_map":true,"show_map_link":true,"address":"Plaza Baluarte, sn","city":"Pamplona - Iru\u00f1a","country":"Spain","province":"Navarra","zip":"31002","phone":"948 066 060","website":"http:\/\/www.baluarte.com\/","stateprovince":"Navarra","global_id":"coraldecamaradenavarra.com?id=2258","global_id_lineage":["coraldecamaradenavarra.com?id=2258"]},"organizer":[{"id":946,"author":"1","date":"2015-09-16 08:59:37","date_utc":"2015-09-16 08:59:37","modified":"2018-10-29 19:16:04","modified_utc":"2018-10-29 19:16:04","url":"http:\/\/coraldecamaradenavarra.com\/?tribe_organizer=coral-de-camara-de-navarra","organizer":"Coral de C\u00e1mara de Navarra","global_id":"coraldecamaradenavarra.com?id=946","global_id_lineage":["coraldecamaradenavarra.com?id=946"]}]},{"id":2643,"global_id":"coraldecamaradenavarra.com?id=2643","global_id_lineage":["coraldecamaradenavarra.com?id=2643"],"author":"3","date":"2019-05-09 15:50:21","date_utc":"2019-05-09 15:50:21","modified":"2019-05-09 15:50:21","modified_utc":"2019-05-09 15:50:21","url":"http:\/\/coraldecamaradenavarra.com\/?tribe_events=tempus-in-templo&lang=es","rest_url":"http:\/\/coraldecamaradenavarra.com\/index.php?rest_route=\/tribe\/events\/v1\/events\/2643","title":"TEMPUS IN TEMPLO","description":"<p class=\"western\" style=\"text-align: left;\" align=\"center\"><span style=\"font-family: Times New roman, serif;\"><span style=\"font-size: large;\"><b>TEMPUS IN TEMPLO<br \/>\n<\/b><\/span><\/span><\/p>\n<p class=\"western\" style=\"text-align: left;\" align=\"center\"><span style=\"font-family: Times New roman, serif;\"><span style=\"font-size: large;\"><b>KON MOCI\u00d3N COMPA\u00d1\u00cdA DE DANZA &amp; CAPILLA RENACENTISTA MICHAEL NAVARRUS<br \/>\n<\/b><\/span><\/span><\/p>\n<p class=\"western\" style=\"text-align: left;\" align=\"center\"><span style=\"font-family: Times New roman, serif;\"><span style=\"font-size: large;\">S\u00e1bado 25 de mayo \u2013 20:00 h &#8211; Sala de la Muralla Auditorio Baluarte\u00a0 (Pamplona &#8211; Iru\u00f1a)<br \/>\n<\/span><\/span><\/p>\n<p class=\"western\" style=\"text-align: left;\" align=\"center\">Direcci\u00f3n de escena y coreograf\u00eda: Becky Siegel<\/p>\n<p class=\"western\" style=\"text-align: left;\" align=\"center\">Direcci\u00f3n musical: David Guindano Igarreta<\/p>\n<p class=\"western\" style=\"text-align: left;\" align=\"center\">Temporada Encantando Denboraldia 2018\/2019<\/p>\n<p class=\"western\" style=\"text-align: left;\" align=\"center\"><span style=\"font-family: Times New roman, serif;\"><span style=\"font-size: large;\">Entrada: 15 euros<br \/>\n<\/span><\/span><\/p>\n<p class=\"western\" style=\"text-align: left;\" align=\"center\">A la venta en taquillas de Auditorio Baluarte, por tel\u00e9fono y en su <a href=\"https:\/\/www.bacantix.com\/Entradas\/WebForms\/Forms\/Venta.aspx?id=Baluarte&amp;codigo=000119003000027000889\">p\u00e1gina web<\/a>.<a href=\"https:\/\/www.bacantix.com\/Entradas\/WebForms\/Forms\/Venta.aspx?id=Baluarte&amp;codigo=000119001000647000888\"><br \/>\n<\/a><\/p>","excerpt":"","image":{"url":"http:\/\/coraldecamaradenavarra.com\/wp-content\/uploads\/2019\/05\/Tempus-in-templo.jpg","id":2644,"extension":"jpg","width":1754,"height":2453,"sizes":{"thumbnail":{"width":150,"height":150,"mime-type":"image\/jpeg","url":"http:\/\/coraldecamaradenavarra.com\/wp-content\/uploads\/2019\/05\/Tempus-in-templo-150x150.jpg"},"medium":{"width":215,"height":300,"mime-type":"image\/jpeg","url":"http:\/\/coraldecamaradenavarra.com\/wp-content\/uploads\/2019\/05\/Tempus-in-templo-215x300.jpg"},"large":{"width":732,"height":1024,"mime-type":"image\/jpeg","url":"http:\/\/coraldecamaradenavarra.com\/wp-content\/uploads\/2019\/05\/Tempus-in-templo-732x1024.jpg"},"photoswipe_thumbnails":{"width":215,"height":300,"mime-type":"image\/jpeg","url":"http:\/\/coraldecamaradenavarra.com\/wp-content\/uploads\/2019\/05\/Tempus-in-templo-215x300.jpg"},"photoswipe_full":{"width":1716,"height":2400,"mime-type":"image\/jpeg","url":"http:\/\/coraldecamaradenavarra.com\/wp-content\/uploads\/2019\/05\/Tempus-in-templo-1716x2400.jpg"},"noo-thumbnail-square":{"width":600,"height":450,"mime-type":"image\/jpeg","url":"http:\/\/coraldecamaradenavarra.com\/wp-content\/uploads\/2019\/05\/Tempus-in-templo-600x450.jpg"},"noo-single-album":{"width":500,"height":700,"mime-type":"image\/jpeg","url":"http:\/\/coraldecamaradenavarra.com\/wp-content\/uploads\/2019\/05\/Tempus-in-templo-500x700.jpg"},"noo-loop-album":{"width":500,"height":700,"mime-type":"image\/jpeg","url":"http:\/\/coraldecamaradenavarra.com\/wp-content\/uploads\/2019\/05\/Tempus-in-templo-500x700.jpg"}}},"all_day":false,"start_date":"2019-05-25 20:00:00","start_date_details":{"year":"2019","month":"05","day":"25","hour":"20","minutes":"00","seconds":"00"},"end_date":"2019-05-25 21:15:00","end_date_details":{"year":"2019","month":"05","day":"25","hour":"21","minutes":"15","seconds":"00"},"utc_start_date":"2019-05-25 20:00:00","utc_start_date_details":{"year":"2019","month":"05","day":"25","hour":"20","minutes":"00","seconds":"00"},"utc_end_date":"2019-05-25 21:15:00","utc_end_date_details":{"year":"2019","month":"05","day":"25","hour":"21","minutes":"15","seconds":"00"},"timezone":"UTC+0","timezone_abbr":"","cost":"15\u20ac","cost_details":{"currency_symbol":"","currency_position":"suffix","values":["15"]},"website":"http:\/\/www.baluarte.com\/cas\/espectaculos-y-conciertos\/calendario-de-espectaculos\/tempus-in-templo\/fecha=2019-5","show_map":true,"show_map_link":true,"hide_from_listings":false,"sticky":false,"featured":false,"categories":[{"name":"CONCIERTOS","slug":"conciertos","taxonomy":"tribe_events_cat","description":"","parent":0,"count":81,"id":16,"url":"http:\/\/coraldecamaradenavarra.com\/?tribe_events_cat=conciertos"},{"name":"Encantando Baluarte","slug":"encantando-baluarte","taxonomy":"tribe_events_cat","description":"","parent":0,"count":12,"id":342,"url":"http:\/\/coraldecamaradenavarra.com\/?tribe_events_cat=encantando-baluarte"}],"tags":[],"venue":{"id":1539,"author":"1","date":"2015-09-23 10:55:29","date_utc":"2015-09-23 10:55:29","modified":"2018-03-12 16:33:43","modified_utc":"2018-03-12 16:33:43","url":"http:\/\/coraldecamaradenavarra.com\/?tribe_venue=sala-de-camara-de-baluarte","venue":"Sala de la Muralla de Auditorio Baluarte","show_map":true,"show_map_link":true,"city":"Pamplona","zip":"31001","global_id":"coraldecamaradenavarra.com?id=1539","global_id_lineage":["coraldecamaradenavarra.com?id=1539"]},"organizer":[{"id":1833,"author":"1","date":"2016-03-22 09:35:55","date_utc":"2016-03-22 09:35:55","modified":"2016-03-22 09:35:55","modified_utc":"2016-03-22 09:35:55","url":"http:\/\/coraldecamaradenavarra.com\/?tribe_organizer=capilla-renancentista-michael-navarrus","organizer":"Capilla Renancentista \u00abMichael Navarrus\u00bb","global_id":"coraldecamaradenavarra.com?id=1833","global_id_lineage":["coraldecamaradenavarra.com?id=1833"]}]},{"id":2746,"global_id":"coraldecamaradenavarra.com?id=2746","global_id_lineage":["coraldecamaradenavarra.com?id=2746"],"author":"3","date":"2019-11-28 12:04:48","date_utc":"2019-11-28 12:04:48","modified":"2019-11-28 12:04:48","modified_utc":"2019-11-28 12:04:48","url":"http:\/\/coraldecamaradenavarra.com\/?tribe_events=christmas-in-harlem&lang=es","rest_url":"http:\/\/coraldecamaradenavarra.com\/index.php?rest_route=\/tribe\/events\/v1\/events\/2746","title":"CHRISTMAS IN HARLEM","description":"<p class=\"western\" style=\"text-align: left;\" align=\"center\"><span style=\"font-family: Times New roman, serif;\"><span style=\"font-size: large;\"><b>CHRISTMAS IN HARLEM<br \/>\n<\/b><\/span><\/span><\/p>\n<p class=\"western\" style=\"text-align: left;\" align=\"center\"><span style=\"font-family: Times New roman, serif;\"><span style=\"font-size: large;\"><b>Jazzy Leap &amp; Jazzy Leap Band<\/b><\/span><\/span><\/p>\n<p>Coro y solistas de Jazzy Leap<br \/>\nSaxof\u00f3n; Alberto Arteta<br \/>\nGuitarra: Alejandro Mingot<br \/>\nBajo: \u00d3scar Mu\u00f1oz<br \/>\nBater\u00eda: Juanma Urriza<br \/>\nVoz, piano, arreglos y direcci\u00f3n: <strong>Andoni Arcilla<\/strong><\/p>\n<p class=\"western\" style=\"text-align: left;\" align=\"center\"><strong><span style=\"font-family: Times New roman, serif;\"><span style=\"font-size: large;\">Domingo 22 de diciembre \u2013 19:00 h<\/span><\/span><\/strong><\/p>\n<p class=\"western\" style=\"text-align: left;\" align=\"center\"><span style=\"font-family: Times New roman, serif;\"><span style=\"font-size: large;\"><strong>Sala de C\u00e1mara de Auditorio Baluarte<\/strong><br \/>\n<\/span><\/span><\/p>\n<p class=\"western\" style=\"text-align: left;\" align=\"center\">Encantando On Tour 2019\/2020<\/p>\n<p class=\"western\" style=\"text-align: left;\" align=\"center\"><span style=\"font-family: Times New roman, serif;\"><span style=\"font-size: large;\">Entrada: 10 euros<br \/>\n<\/span><\/span><\/p>","excerpt":"","image":{"url":"http:\/\/coraldecamaradenavarra.com\/wp-content\/uploads\/2019\/11\/CHRISTMAS_HARLEM-min.jpg","id":2748,"extension":"jpg","width":1754,"height":2481,"sizes":{"thumbnail":{"width":150,"height":150,"mime-type":"image\/jpeg","url":"http:\/\/coraldecamaradenavarra.com\/wp-content\/uploads\/2019\/11\/CHRISTMAS_HARLEM-min-150x150.jpg"},"medium":{"width":212,"height":300,"mime-type":"image\/jpeg","url":"http:\/\/coraldecamaradenavarra.com\/wp-content\/uploads\/2019\/11\/CHRISTMAS_HARLEM-min-212x300.jpg"},"large":{"width":724,"height":1024,"mime-type":"image\/jpeg","url":"http:\/\/coraldecamaradenavarra.com\/wp-content\/uploads\/2019\/11\/CHRISTMAS_HARLEM-min-724x1024.jpg"},"photoswipe_thumbnails":{"width":212,"height":300,"mime-type":"image\/jpeg","url":"http:\/\/coraldecamaradenavarra.com\/wp-content\/uploads\/2019\/11\/CHRISTMAS_HARLEM-min-212x300.jpg"},"photoswipe_full":{"width":1697,"height":2400,"mime-type":"image\/jpeg","url":"http:\/\/coraldecamaradenavarra.com\/wp-content\/uploads\/2019\/11\/CHRISTMAS_HARLEM-min-1697x2400.jpg"},"noo-thumbnail-square":{"width":600,"height":450,"mime-type":"image\/jpeg","url":"http:\/\/coraldecamaradenavarra.com\/wp-content\/uploads\/2019\/11\/CHRISTMAS_HARLEM-min-600x450.jpg"},"noo-single-album":{"width":500,"height":700,"mime-type":"image\/jpeg","url":"http:\/\/coraldecamaradenavarra.com\/wp-content\/uploads\/2019\/11\/CHRISTMAS_HARLEM-min-500x700.jpg"},"noo-loop-album":{"width":500,"height":700,"mime-type":"image\/jpeg","url":"http:\/\/coraldecamaradenavarra.com\/wp-content\/uploads\/2019\/11\/CHRISTMAS_HARLEM-min-500x700.jpg"}}},"all_day":false,"start_date":"2019-12-22 19:00:00","start_date_details":{"year":"2019","month":"12","day":"22","hour":"19","minutes":"00","seconds":"00"},"end_date":"2019-12-22 20:15:00","end_date_details":{"year":"2019","month":"12","day":"22","hour":"20","minutes":"15","seconds":"00"},"utc_start_date":"2019-12-22 19:00:00","utc_start_date_details":{"year":"2019","month":"12","day":"22","hour":"19","minutes":"00","seconds":"00"},"utc_end_date":"2019-12-22 20:15:00","utc_end_date_details":{"year":"2019","month":"12","day":"22","hour":"20","minutes":"15","seconds":"00"},"timezone":"UTC+0","timezone_abbr":"","cost":"10\u20ac","cost_details":{"currency_symbol":"","currency_position":"suffix","values":["10"]},"website":"http:\/\/www.baluarte.com\/cas\/actualidad\/-\/concierto-navideno-christmas-in-harlem-a-cargo-de-jazzy-leap-el-domingo-22-de-diciembre","show_map":true,"show_map_link":true,"hide_from_listings":false,"sticky":false,"featured":false,"categories":[{"name":"CONCIERTOS","slug":"conciertos","taxonomy":"tribe_events_cat","description":"","parent":0,"count":81,"id":16,"url":"http:\/\/coraldecamaradenavarra.com\/?tribe_events_cat=conciertos"},{"name":"Encantando Baluarte","slug":"encantando-baluarte","taxonomy":"tribe_events_cat","description":"","parent":0,"count":12,"id":342,"url":"http:\/\/coraldecamaradenavarra.com\/?tribe_events_cat=encantando-baluarte"}],"tags":[],"venue":{"id":2314,"author":"3","date":"2018-10-24 13:44:16","date_utc":"2018-10-24 13:44:16","modified":"2018-10-24 13:44:16","modified_utc":"2018-10-24 13:44:16","url":"http:\/\/coraldecamaradenavarra.com\/?tribe_venue=sala-de-camara-de-auditorio-baluarte","venue":"Sala de C\u00e1mara de Auditorio Baluarte","show_map":true,"show_map_link":true,"address":"Plaza Baluarte, sn","city":"Pamplona - Iru\u00f1a","country":"Spain","province":"Navarra","zip":"31001","phone":"948 066 060","website":"http:\/\/www.baluarte.com\/","stateprovince":"Navarra","global_id":"coraldecamaradenavarra.com?id=2314","global_id_lineage":["coraldecamaradenavarra.com?id=2314"]},"organizer":[{"id":946,"author":"1","date":"2015-09-16 08:59:37","date_utc":"2015-09-16 08:59:37","modified":"2018-10-29 19:16:04","modified_utc":"2018-10-29 19:16:04","url":"http:\/\/coraldecamaradenavarra.com\/?tribe_organizer=coral-de-camara-de-navarra","organizer":"Coral de C\u00e1mara de Navarra","global_id":"coraldecamaradenavarra.com?id=946","global_id_lineage":["coraldecamaradenavarra.com?id=946"]}]},{"id":2728,"global_id":"coraldecamaradenavarra.com?id=2728","global_id_lineage":["coraldecamaradenavarra.com?id=2728"],"author":"3","date":"2019-11-27 16:28:38","date_utc":"2019-11-27 16:28:38","modified":"2019-12-23 15:00:05","modified_utc":"2019-12-23 15:00:05","url":"http:\/\/coraldecamaradenavarra.com\/?tribe_events=jazzy-leap-pamplona-negra&lang=es","rest_url":"http:\/\/coraldecamaradenavarra.com\/index.php?rest_route=\/tribe\/events\/v1\/events\/2728","title":"JAZZY BLACK MASK &#8211; Pamplona Negra","description":"<p class=\"western\" style=\"text-align: left;\" align=\"center\"><span style=\"font-family: Times New roman, serif;\"><span style=\"font-size: large;\"><b>JAZZY LEAP &amp; PAMPLONA NEGRA<br \/>\n<\/b><\/span><\/span><\/p>\n<p class=\"western\" style=\"text-align: left;\" align=\"center\"><span style=\"font-family: Times New roman, serif;\"><span style=\"font-size: large;\"><b>Jazzy Leap &amp; Jazzy Leap Band<\/b><\/span><\/span><\/p>\n<p class=\"western\" style=\"text-align: left;\" align=\"center\">FESTIVAL PAMPLONA NEGRA<\/p>\n<p>Coro y solistas de Jazzy Leap<br \/>\nSaxof\u00f3n; Alberto Arteta<br \/>\nGuitarra: Alejandro Mingot<br \/>\nBajo: \u00d3scar Mu\u00f1oz<br \/>\nBater\u00eda: Juanma Urriza<br \/>\nVoz, piano, arreglos y direcci\u00f3n: <strong>Andoni Arcilla<\/strong><\/p>\n<p class=\"western\" style=\"text-align: left;\" align=\"center\"><strong><span style=\"font-family: Times New roman, serif;\"><span style=\"font-size: large;\">S\u00e1bado 18 de enero \u2013 20:00 h<\/span><\/span><\/strong><\/p>\n<p class=\"western\" style=\"text-align: left;\" align=\"center\"><span style=\"font-family: Times New roman, serif;\"><span style=\"font-size: large;\"><strong>Sala de C\u00e1mara de Baluarte<\/strong><br \/>\n<\/span><\/span><\/p>\n<p class=\"western\" style=\"text-align: left;\" align=\"center\">Encantando On Tour 2019\/2020<\/p>\n<p class=\"western\" style=\"text-align: left;\" align=\"center\"><span style=\"font-family: Times New roman, serif;\"><span style=\"font-size: large;\">Entrada: 10 euros<br \/>\n<\/span><\/span><\/p>","excerpt":"","image":{"url":"http:\/\/coraldecamaradenavarra.com\/wp-content\/uploads\/2019\/11\/IMG_2534web.jpg","id":2776,"extension":"jpg","width":614,"height":650,"sizes":{"thumbnail":{"width":150,"height":150,"mime-type":"image\/jpeg","url":"http:\/\/coraldecamaradenavarra.com\/wp-content\/uploads\/2019\/11\/IMG_2534web-150x150.jpg"},"medium":{"width":283,"height":300,"mime-type":"image\/jpeg","url":"http:\/\/coraldecamaradenavarra.com\/wp-content\/uploads\/2019\/11\/IMG_2534web-283x300.jpg"},"photoswipe_thumbnails":{"width":283,"height":300,"mime-type":"image\/jpeg","url":"http:\/\/coraldecamaradenavarra.com\/wp-content\/uploads\/2019\/11\/IMG_2534web-283x300.jpg"},"noo-thumbnail-square":{"width":600,"height":450,"mime-type":"image\/jpeg","url":"http:\/\/coraldecamaradenavarra.com\/wp-content\/uploads\/2019\/11\/IMG_2534web-600x450.jpg"},"noo-single-album":{"width":500,"height":650,"mime-type":"image\/jpeg","url":"http:\/\/coraldecamaradenavarra.com\/wp-content\/uploads\/2019\/11\/IMG_2534web-500x650.jpg"},"noo-loop-album":{"width":500,"height":650,"mime-type":"image\/jpeg","url":"http:\/\/coraldecamaradenavarra.com\/wp-content\/uploads\/2019\/11\/IMG_2534web-500x650.jpg"}}},"all_day":false,"start_date":"2020-01-18 20:00:00","start_date_details":{"year":"2020","month":"01","day":"18","hour":"20","minutes":"00","seconds":"00"},"end_date":"2020-01-18 21:15:00","end_date_details":{"year":"2020","month":"01","day":"18","hour":"21","minutes":"15","seconds":"00"},"utc_start_date":"2020-01-18 20:00:00","utc_start_date_details":{"year":"2020","month":"01","day":"18","hour":"20","minutes":"00","seconds":"00"},"utc_end_date":"2020-01-18 21:15:00","utc_end_date_details":{"year":"2020","month":"01","day":"18","hour":"21","minutes":"15","seconds":"00"},"timezone":"UTC+0","timezone_abbr":"","cost":"10\u20ac","cost_details":{"currency_symbol":"","currency_position":"suffix","values":["10"]},"website":"http:\/\/www.baluarte.com\/cas\/espectaculos-y-conciertos\/calendario-de-espectaculos\/jazzy-leap-pamplona-negra\/fecha=2020-1","show_map":true,"show_map_link":true,"hide_from_listings":false,"sticky":false,"featured":false,"categories":[{"name":"Encantando Baluarte","slug":"encantando-baluarte","taxonomy":"tribe_events_cat","description":"","parent":0,"count":12,"id":342,"url":"http:\/\/coraldecamaradenavarra.com\/?tribe_events_cat=encantando-baluarte"}],"tags":[],"venue":{"id":2314,"author":"3","date":"2018-10-24 13:44:16","date_utc":"2018-10-24 13:44:16","modified":"2018-10-24 13:44:16","modified_utc":"2018-10-24 13:44:16","url":"http:\/\/coraldecamaradenavarra.com\/?tribe_venue=sala-de-camara-de-auditorio-baluarte","venue":"Sala de C\u00e1mara de Auditorio Baluarte","show_map":true,"show_map_link":true,"address":"Plaza Baluarte, sn","city":"Pamplona - Iru\u00f1a","country":"Spain","province":"Navarra","zip":"31001","phone":"948 066 060","website":"http:\/\/www.baluarte.com\/","stateprovince":"Navarra","global_id":"coraldecamaradenavarra.com?id=2314","global_id_lineage":["coraldecamaradenavarra.com?id=2314"]},"organizer":[{"id":946,"author":"1","date":"2015-09-16 08:59:37","date_utc":"2015-09-16 08:59:37","modified":"2018-10-29 19:16:04","modified_utc":"2018-10-29 19:16:04","url":"http:\/\/coraldecamaradenavarra.com\/?tribe_organizer=coral-de-camara-de-navarra","organizer":"Coral de C\u00e1mara de Navarra","global_id":"coraldecamaradenavarra.com?id=946","global_id_lineage":["coraldecamaradenavarra.com?id=946"]},{"id":2731,"author":"3","date":"2019-11-27 16:28:38","date_utc":"2019-11-27 16:28:38","modified":"2019-11-27 16:28:38","modified_utc":"2019-11-27 16:28:38","url":"http:\/\/coraldecamaradenavarra.com\/?tribe_organizer=festival-pamplona-negra","organizer":"Festival Pamplona Negra","website":"http:\/\/pamplonanegra.com\/es\/","global_id":"coraldecamaradenavarra.com?id=2731","global_id_lineage":["coraldecamaradenavarra.com?id=2731"]}]},{"id":2855,"global_id":"coraldecamaradenavarra.com?id=2855","global_id_lineage":["coraldecamaradenavarra.com?id=2855"],"author":"3","date":"2020-10-12 09:19:09","date_utc":"2020-10-12 09:19:09","modified":"2020-10-12 09:19:09","modified_utc":"2020-10-12 09:19:09","url":"http:\/\/coraldecamaradenavarra.com\/?tribe_events=our-favorite-jazz-standards&lang=es","rest_url":"http:\/\/coraldecamaradenavarra.com\/index.php?rest_route=\/tribe\/events\/v1\/events\/2855","title":"OUR  FAVORITE JAZZ STANDARDS","description":"<p>OUR FAVORITE JAZZ STANDARDS<\/p>\n<p>Jazzy Leap &amp; Jazzy Leap Band<\/p>\n<p>Piano, voz, arreglos y direcci\u00f3n: Andoni Arcilla<\/p>\n<p>Sala de C\u00e1mara &#8211; Auditorio Baluarte (Pamplona-Iru\u00f1a)<\/p>\n<p>Entrada: 10 euros<\/p>","excerpt":"","image":{"url":"http:\/\/coraldecamaradenavarra.com\/wp-content\/uploads\/2020\/07\/Captura-de-pantalla-2020-10-12-a-las-11.18.21.png","id":2891,"extension":"png","width":532,"height":743,"sizes":{"medium":{"width":215,"height":300,"mime-type":"image\/png","url":"http:\/\/coraldecamaradenavarra.com\/wp-content\/uploads\/2020\/07\/Captura-de-pantalla-2020-10-12-a-las-11.18.21-215x300.png"},"thumbnail":{"width":150,"height":150,"mime-type":"image\/png","url":"http:\/\/coraldecamaradenavarra.com\/wp-content\/uploads\/2020\/07\/Captura-de-pantalla-2020-10-12-a-las-11.18.21-150x150.png"},"photoswipe_thumbnails":{"width":215,"height":300,"mime-type":"image\/png","url":"http:\/\/coraldecamaradenavarra.com\/wp-content\/uploads\/2020\/07\/Captura-de-pantalla-2020-10-12-a-las-11.18.21-215x300.png"},"noo-thumbnail-square":{"width":532,"height":450,"mime-type":"image\/png","url":"http:\/\/coraldecamaradenavarra.com\/wp-content\/uploads\/2020\/07\/Captura-de-pantalla-2020-10-12-a-las-11.18.21-532x450.png"},"noo-single-album":{"width":500,"height":700,"mime-type":"image\/png","url":"http:\/\/coraldecamaradenavarra.com\/wp-content\/uploads\/2020\/07\/Captura-de-pantalla-2020-10-12-a-las-11.18.21-500x700.png"},"noo-loop-album":{"width":500,"height":700,"mime-type":"image\/png","url":"http:\/\/coraldecamaradenavarra.com\/wp-content\/uploads\/2020\/07\/Captura-de-pantalla-2020-10-12-a-las-11.18.21-500x700.png"}}},"all_day":false,"start_date":"2020-10-25 19:00:00","start_date_details":{"year":"2020","month":"10","day":"25","hour":"19","minutes":"00","seconds":"00"},"end_date":"2020-10-25 20:15:00","end_date_details":{"year":"2020","month":"10","day":"25","hour":"20","minutes":"15","seconds":"00"},"utc_start_date":"2020-10-25 19:00:00","utc_start_date_details":{"year":"2020","month":"10","day":"25","hour":"19","minutes":"00","seconds":"00"},"utc_end_date":"2020-10-25 20:15:00","utc_end_date_details":{"year":"2020","month":"10","day":"25","hour":"20","minutes":"15","seconds":"00"},"timezone":"UTC+0","timezone_abbr":"","cost":"10\u20ac","cost_details":{"currency_symbol":"","currency_position":"suffix","values":["10"]},"website":"","show_map":true,"show_map_link":true,"hide_from_listings":false,"sticky":false,"featured":false,"categories":[{"name":"CONCIERTOS","slug":"conciertos","taxonomy":"tribe_events_cat","description":"","parent":0,"count":81,"id":16,"url":"http:\/\/coraldecamaradenavarra.com\/?tribe_events_cat=conciertos"},{"name":"Encantando Baluarte","slug":"encantando-baluarte","taxonomy":"tribe_events_cat","description":"","parent":0,"count":12,"id":342,"url":"http:\/\/coraldecamaradenavarra.com\/?tribe_events_cat=encantando-baluarte"}],"tags":[],"venue":{"id":2314,"author":"3","date":"2018-10-24 13:44:16","date_utc":"2018-10-24 13:44:16","modified":"2018-10-24 13:44:16","modified_utc":"2018-10-24 13:44:16","url":"http:\/\/coraldecamaradenavarra.com\/?tribe_venue=sala-de-camara-de-auditorio-baluarte","venue":"Sala de C\u00e1mara de Auditorio Baluarte","show_map":true,"show_map_link":true,"address":"Plaza Baluarte, sn","city":"Pamplona - Iru\u00f1a","country":"Spain","province":"Navarra","zip":"31001","phone":"948 066 060","website":"http:\/\/www.baluarte.com\/","stateprovince":"Navarra","global_id":"coraldecamaradenavarra.com?id=2314","global_id_lineage":["coraldecamaradenavarra.com?id=2314"]},"organizer":[{"id":946,"author":"1","date":"2015-09-16 08:59:37","date_utc":"2015-09-16 08:59:37","modified":"2018-10-29 19:16:04","modified_utc":"2018-10-29 19:16:04","url":"http:\/\/coraldecamaradenavarra.com\/?tribe_organizer=coral-de-camara-de-navarra","organizer":"Coral de C\u00e1mara de Navarra","global_id":"coraldecamaradenavarra.com?id=946","global_id_lineage":["coraldecamaradenavarra.com?id=946"]}]},{"id":2930,"global_id":"coraldecamaradenavarra.com?id=2930","global_id_lineage":["coraldecamaradenavarra.com?id=2930"],"author":"3","date":"2020-12-03 18:17:54","date_utc":"2020-12-03 18:17:54","modified":"2020-12-03 18:17:54","modified_utc":"2020-12-03 18:17:54","url":"http:\/\/coraldecamaradenavarra.com\/?tribe_events=christmas-gospel-2&lang=es","rest_url":"http:\/\/coraldecamaradenavarra.com\/index.php?rest_route=\/tribe\/events\/v1\/events\/2930","title":"CHRISTMAS &#038; GOSPEL","description":"<p>CHRISTMAS &amp; GOSPEL<\/p>\n<p>Jazzy Leap &amp; Jazzy Leap Band<\/p>\n<p>Piano, voz, arreglos y direcci\u00f3n: Andoni Arcilla<\/p>\n<p>Sala de C\u00e1mara de Baluarte &#8211; Pamplona\/Iru\u00f1a<\/p>\n<p>Entrada: 10 euros<\/p>","excerpt":"","image":{"url":"http:\/\/coraldecamaradenavarra.com\/wp-content\/uploads\/2020\/12\/Captura-de-pantalla-2020-12-03-a-las-19.16.00.png","id":2931,"extension":"png","width":589,"height":899,"sizes":{"medium":{"width":197,"height":300,"mime-type":"image\/png","url":"http:\/\/coraldecamaradenavarra.com\/wp-content\/uploads\/2020\/12\/Captura-de-pantalla-2020-12-03-a-las-19.16.00-197x300.png"},"thumbnail":{"width":150,"height":150,"mime-type":"image\/png","url":"http:\/\/coraldecamaradenavarra.com\/wp-content\/uploads\/2020\/12\/Captura-de-pantalla-2020-12-03-a-las-19.16.00-150x150.png"},"photoswipe_thumbnails":{"width":197,"height":300,"mime-type":"image\/png","url":"http:\/\/coraldecamaradenavarra.com\/wp-content\/uploads\/2020\/12\/Captura-de-pantalla-2020-12-03-a-las-19.16.00-197x300.png"},"noo-thumbnail-square":{"width":589,"height":450,"mime-type":"image\/png","url":"http:\/\/coraldecamaradenavarra.com\/wp-content\/uploads\/2020\/12\/Captura-de-pantalla-2020-12-03-a-las-19.16.00-589x450.png"},"noo-single-album":{"width":500,"height":700,"mime-type":"image\/png","url":"http:\/\/coraldecamaradenavarra.com\/wp-content\/uploads\/2020\/12\/Captura-de-pantalla-2020-12-03-a-las-19.16.00-500x700.png"},"noo-loop-album":{"width":500,"height":700,"mime-type":"image\/png","url":"http:\/\/coraldecamaradenavarra.com\/wp-content\/uploads\/2020\/12\/Captura-de-pantalla-2020-12-03-a-las-19.16.00-500x700.png"}}},"all_day":false,"start_date":"2020-12-20 19:00:00","start_date_details":{"year":"2020","month":"12","day":"20","hour":"19","minutes":"00","seconds":"00"},"end_date":"2020-12-20 20:15:00","end_date_details":{"year":"2020","month":"12","day":"20","hour":"20","minutes":"15","seconds":"00"},"utc_start_date":"2020-12-20 19:00:00","utc_start_date_details":{"year":"2020","month":"12","day":"20","hour":"19","minutes":"00","seconds":"00"},"utc_end_date":"2020-12-20 20:15:00","utc_end_date_details":{"year":"2020","month":"12","day":"20","hour":"20","minutes":"15","seconds":"00"},"timezone":"UTC+0","timezone_abbr":"","cost":"10\u20ac","cost_details":{"currency_symbol":"","currency_position":"suffix","values":["10"]},"website":"https:\/\/www.bacantix.com\/Entradas\/WebForms\/Forms\/Venta.aspx?id=Baluarte&amp;codigo=000119002000493001290","show_map":true,"show_map_link":true,"hide_from_listings":false,"sticky":false,"featured":false,"categories":[{"name":"CONCIERTOS","slug":"conciertos","taxonomy":"tribe_events_cat","description":"","parent":0,"count":81,"id":16,"url":"http:\/\/coraldecamaradenavarra.com\/?tribe_events_cat=conciertos"},{"name":"Encantando Baluarte","slug":"encantando-baluarte","taxonomy":"tribe_events_cat","description":"","parent":0,"count":12,"id":342,"url":"http:\/\/coraldecamaradenavarra.com\/?tribe_events_cat=encantando-baluarte"}],"tags":[],"venue":{"id":2314,"author":"3","date":"2018-10-24 13:44:16","date_utc":"2018-10-24 13:44:16","modified":"2018-10-24 13:44:16","modified_utc":"2018-10-24 13:44:16","url":"http:\/\/coraldecamaradenavarra.com\/?tribe_venue=sala-de-camara-de-auditorio-baluarte","venue":"Sala de C\u00e1mara de Auditorio Baluarte","show_map":true,"show_map_link":true,"address":"Plaza Baluarte, sn","city":"Pamplona - Iru\u00f1a","country":"Spain","province":"Navarra","zip":"31001","phone":"948 066 060","website":"http:\/\/www.baluarte.com\/","stateprovince":"Navarra","global_id":"coraldecamaradenavarra.com?id=2314","global_id_lineage":["coraldecamaradenavarra.com?id=2314"]},"organizer":[{"id":946,"author":"1","date":"2015-09-16 08:59:37","date_utc":"2015-09-16 08:59:37","modified":"2018-10-29 19:16:04","modified_utc":"2018-10-29 19:16:04","url":"http:\/\/coraldecamaradenavarra.com\/?tribe_organizer=coral-de-camara-de-navarra","organizer":"Coral de C\u00e1mara de Navarra","global_id":"coraldecamaradenavarra.com?id=946","global_id_lineage":["coraldecamaradenavarra.com?id=946"]}]},{"id":3007,"global_id":"coraldecamaradenavarra.com?id=3007","global_id_lineage":["coraldecamaradenavarra.com?id=3007"],"author":"3","date":"2021-05-11 10:55:14","date_utc":"2021-05-11 10:55:14","modified":"2021-05-11 10:55:14","modified_utc":"2021-05-11 10:55:14","url":"http:\/\/coraldecamaradenavarra.com\/?tribe_events=live-and-let-die&lang=es","rest_url":"http:\/\/coraldecamaradenavarra.com\/index.php?rest_route=\/tribe\/events\/v1\/events\/3007","title":"Live and Let Die","description":"<p>LIVE AND LET DIE<\/p>\n<p>Temporada Encantando Denboraldia 2021 &#8211; Pamplona Negra<\/p>\n<p>Jazzy Leap &amp; Jazzy Leap Band<\/p>\n<p>Piano, voz, arreglos y direcci\u00f3n: Andoni Arcilla<\/p>\n<p>Sala de C\u00e1mara de Baluarte &#8211; Pamplona\/Iru\u00f1a<\/p>\n<p>Entrada: 10 euros<\/p>","excerpt":"","image":{"url":"http:\/\/coraldecamaradenavarra.com\/wp-content\/uploads\/2021\/05\/Captura-de-pantalla-2021-05-11-a-las-12.54.28.png","id":3011,"extension":"png","width":518,"height":896,"sizes":{"medium":{"width":173,"height":300,"mime-type":"image\/png","url":"http:\/\/coraldecamaradenavarra.com\/wp-content\/uploads\/2021\/05\/Captura-de-pantalla-2021-05-11-a-las-12.54.28-173x300.png"},"thumbnail":{"width":150,"height":150,"mime-type":"image\/png","url":"http:\/\/coraldecamaradenavarra.com\/wp-content\/uploads\/2021\/05\/Captura-de-pantalla-2021-05-11-a-las-12.54.28-150x150.png"},"photoswipe_thumbnails":{"width":173,"height":300,"mime-type":"image\/png","url":"http:\/\/coraldecamaradenavarra.com\/wp-content\/uploads\/2021\/05\/Captura-de-pantalla-2021-05-11-a-las-12.54.28-173x300.png"},"noo-thumbnail-square":{"width":518,"height":450,"mime-type":"image\/png","url":"http:\/\/coraldecamaradenavarra.com\/wp-content\/uploads\/2021\/05\/Captura-de-pantalla-2021-05-11-a-las-12.54.28-518x450.png"},"noo-single-album":{"width":500,"height":700,"mime-type":"image\/png","url":"http:\/\/coraldecamaradenavarra.com\/wp-content\/uploads\/2021\/05\/Captura-de-pantalla-2021-05-11-a-las-12.54.28-500x700.png"},"noo-loop-album":{"width":500,"height":700,"mime-type":"image\/png","url":"http:\/\/coraldecamaradenavarra.com\/wp-content\/uploads\/2021\/05\/Captura-de-pantalla-2021-05-11-a-las-12.54.28-500x700.png"}}},"all_day":false,"start_date":"2021-05-29 20:00:00","start_date_details":{"year":"2021","month":"05","day":"29","hour":"20","minutes":"00","seconds":"00"},"end_date":"2021-05-29 21:15:00","end_date_details":{"year":"2021","month":"05","day":"29","hour":"21","minutes":"15","seconds":"00"},"utc_start_date":"2021-05-29 20:00:00","utc_start_date_details":{"year":"2021","month":"05","day":"29","hour":"20","minutes":"00","seconds":"00"},"utc_end_date":"2021-05-29 21:15:00","utc_end_date_details":{"year":"2021","month":"05","day":"29","hour":"21","minutes":"15","seconds":"00"},"timezone":"UTC+0","timezone_abbr":"","cost":"10\u20ac","cost_details":{"currency_symbol":"","currency_position":"suffix","values":["10"]},"website":"https:\/\/www.baluarte.com\/cas\/espectaculos-y-conciertos\/calendario-de-espectaculos\/jazzy-leap-live-and-let-die","show_map":true,"show_map_link":true,"hide_from_listings":false,"sticky":false,"featured":false,"categories":[{"name":"CONCIERTOS","slug":"conciertos","taxonomy":"tribe_events_cat","description":"","parent":0,"count":81,"id":16,"url":"http:\/\/coraldecamaradenavarra.com\/?tribe_events_cat=conciertos"},{"name":"Encantando Baluarte","slug":"encantando-baluarte","taxonomy":"tribe_events_cat","description":"","parent":0,"count":12,"id":342,"url":"http:\/\/coraldecamaradenavarra.com\/?tribe_events_cat=encantando-baluarte"}],"tags":[],"venue":{"id":2314,"author":"3","date":"2018-10-24 13:44:16","date_utc":"2018-10-24 13:44:16","modified":"2018-10-24 13:44:16","modified_utc":"2018-10-24 13:44:16","url":"http:\/\/coraldecamaradenavarra.com\/?tribe_venue=sala-de-camara-de-auditorio-baluarte","venue":"Sala de C\u00e1mara de Auditorio Baluarte","show_map":true,"show_map_link":true,"address":"Plaza Baluarte, sn","city":"Pamplona - Iru\u00f1a","country":"Spain","province":"Navarra","zip":"31001","phone":"948 066 060","website":"http:\/\/www.baluarte.com\/","stateprovince":"Navarra","global_id":"coraldecamaradenavarra.com?id=2314","global_id_lineage":["coraldecamaradenavarra.com?id=2314"]},"organizer":[{"id":946,"author":"1","date":"2015-09-16 08:59:37","date_utc":"2015-09-16 08:59:37","modified":"2018-10-29 19:16:04","modified_utc":"2018-10-29 19:16:04","url":"http:\/\/coraldecamaradenavarra.com\/?tribe_organizer=coral-de-camara-de-navarra","organizer":"Coral de C\u00e1mara de Navarra","global_id":"coraldecamaradenavarra.com?id=946","global_id_lineage":["coraldecamaradenavarra.com?id=946"]}]}],"rest_url":"http:\/\/coraldecamaradenavarra.com\/index.php?rest_route=\/tribe\/events\/v1\/events\/","next_rest_url":"http:\/\/coraldecamaradenavarra.com\/index.php?rest_route=%2Ftribe%2Fevents%2Fv1%2Fevents%2F&page=2","total":12,"total_pages":2}