{"events":[{"id":3071,"global_id":"coraldecamaradenavarra.com?id=3071","global_id_lineage":["coraldecamaradenavarra.com?id=3071"],"author":"3","date":"2021-09-15 13:02:33","date_utc":"2021-09-15 13:02:33","modified":"2021-09-15 13:02:33","modified_utc":"2021-09-15 13:02:33","url":"http:\/\/coraldecamaradenavarra.com\/?tribe_events=emilio-arrieta-mucho-mas-que-el-compositor-de-marina&lang=es","rest_url":"http:\/\/coraldecamaradenavarra.com\/index.php?rest_route=\/tribe\/events\/v1\/events\/3071","title":"EMILIO ARRIETA: MUCHO M\u00c1S QUE EL COMPOSITOR DE MARINA","description":"<div class=\"page\" title=\"Page 1\">\n<div class=\"section\">\n<div class=\"layoutArea\">\n<div class=\"column\">\n<p>EMILIO ARRIETA: MUCHO M\u00c1S QUE EL COMPOSITOR DE MARINA<\/p>\n<p>Conferencia<\/p>\n<p>Ponente: <strong>Dr. V\u00edctor S\u00e1nchez S\u00e1nchez.\u00a0<\/strong>Profesor titular\u00a0de Historia de la Mu\u0301sica del Departamento de Musicologi\u0301a de la Universidad Complutense de Madrid.<\/p>\n<p>Mediateca del Conservatorio Superior de M\u00fasica de Navarra.<\/p>\n<p>Entrada: Alumnado del CSMN y Conservatorio Profesional Pablo Sarasate.<\/p>\n<p>Colabora: CSMN y Departamento de Museolog\u00eda de CSMN.<\/p>\n<\/div>\n<\/div>\n<\/div>\n<\/div>","excerpt":"","image":{"url":"http:\/\/coraldecamaradenavarra.com\/wp-content\/uploads\/2021\/09\/Conferencia_baja.png","id":3072,"extension":"png","width":642,"height":900,"sizes":{"medium":{"width":214,"height":300,"mime-type":"image\/png","url":"http:\/\/coraldecamaradenavarra.com\/wp-content\/uploads\/2021\/09\/Conferencia_baja-214x300.png"},"thumbnail":{"width":150,"height":150,"mime-type":"image\/png","url":"http:\/\/coraldecamaradenavarra.com\/wp-content\/uploads\/2021\/09\/Conferencia_baja-150x150.png"},"photoswipe_thumbnails":{"width":214,"height":300,"mime-type":"image\/png","url":"http:\/\/coraldecamaradenavarra.com\/wp-content\/uploads\/2021\/09\/Conferencia_baja-214x300.png"},"noo-thumbnail-square":{"width":600,"height":450,"mime-type":"image\/png","url":"http:\/\/coraldecamaradenavarra.com\/wp-content\/uploads\/2021\/09\/Conferencia_baja-600x450.png"},"noo-single-album":{"width":500,"height":700,"mime-type":"image\/png","url":"http:\/\/coraldecamaradenavarra.com\/wp-content\/uploads\/2021\/09\/Conferencia_baja-500x700.png"},"noo-loop-album":{"width":500,"height":700,"mime-type":"image\/png","url":"http:\/\/coraldecamaradenavarra.com\/wp-content\/uploads\/2021\/09\/Conferencia_baja-500x700.png"}}},"all_day":false,"start_date":"1970-01-01 00:00:00","start_date_details":{"year":"1970","month":"01","day":"01","hour":"00","minutes":"00","seconds":"00"},"end_date":"2021-09-22 12:30:00","end_date_details":{"year":"2021","month":"09","day":"22","hour":"12","minutes":"30","seconds":"00"},"utc_start_date":"1970-01-01 00:00:00","utc_start_date_details":{"year":"1970","month":"01","day":"01","hour":"00","minutes":"00","seconds":"00"},"utc_end_date":"2021-09-22 12:30:00","utc_end_date_details":{"year":"2021","month":"09","day":"22","hour":"12","minutes":"30","seconds":"00"},"timezone":"UTC+0","timezone_abbr":"","cost":"Gratuito","cost_details":{"currency_symbol":"","currency_position":"suffix","values":["0"]},"website":"","show_map":true,"show_map_link":true,"hide_from_listings":false,"sticky":false,"featured":false,"categories":[{"name":"CONCIERTOS","slug":"conciertos","taxonomy":"tribe_events_cat","description":"","parent":0,"count":81,"id":16,"url":"http:\/\/coraldecamaradenavarra.com\/?tribe_events_cat=conciertos"},{"name":"conciertos gratuitos","slug":"conciertos-gratuitos","taxonomy":"tribe_events_cat","description":"","parent":16,"count":32,"id":20,"url":"http:\/\/coraldecamaradenavarra.com\/?tribe_events_cat=conciertos-gratuitos"},{"name":"Temporada Encantando Denboraldia","slug":"temporada-encantando-denboraldia","taxonomy":"tribe_events_cat","description":"","parent":0,"count":32,"id":385,"url":"http:\/\/coraldecamaradenavarra.com\/?tribe_events_cat=temporada-encantando-denboraldia"}],"tags":[],"venue":{"id":3074,"author":"3","date":"2021-09-15 13:02:33","date_utc":"2021-09-15 13:02:33","modified":"2021-09-15 13:02:33","modified_utc":"2021-09-15 13:02:33","url":"http:\/\/coraldecamaradenavarra.com\/?tribe_venue=mediateca-csmn","venue":"Mediateca CSMN","show_map":true,"show_map_link":true,"address":"Paseo Antonio P\u00e9rez Goyena n\u00ba 1","city":"Pamplona - Iru\u00f1a","country":"Espa\u00f1a","province":"Navarra","zip":"31008","website":"https:\/\/csmn.educacion.navarra.es\/web1\/","stateprovince":"Navarra","global_id":"coraldecamaradenavarra.com?id=3074","global_id_lineage":["coraldecamaradenavarra.com?id=3074"]},"organizer":[{"id":946,"author":"1","date":"2015-09-16 08:59:37","date_utc":"2015-09-16 08:59:37","modified":"2018-10-29 19:16:04","modified_utc":"2018-10-29 19:16:04","url":"http:\/\/coraldecamaradenavarra.com\/?tribe_organizer=coral-de-camara-de-navarra","organizer":"Coral de C\u00e1mara de Navarra","global_id":"coraldecamaradenavarra.com?id=946","global_id_lineage":["coraldecamaradenavarra.com?id=946"]}]},{"id":2056,"global_id":"coraldecamaradenavarra.com?id=2056","global_id_lineage":["coraldecamaradenavarra.com?id=2056"],"author":"1","date":"2017-07-07 05:06:33","date_utc":"2017-07-07 05:06:33","modified":"2017-07-07 05:06:33","modified_utc":"2017-07-07 05:06:33","url":"http:\/\/coraldecamaradenavarra.com\/?tribe_events=concierto-san-fermin&lang=es","rest_url":"http:\/\/coraldecamaradenavarra.com\/index.php?rest_route=\/tribe\/events\/v1\/events\/2056","title":"CONCIERTO SAN FERMIN","description":"<p>Estaremos cantando por las callees de la ciudad<\/p>","excerpt":"","image":{"url":"http:\/\/coraldecamaradenavarra.com\/wp-content\/uploads\/2014\/02\/donostia.jpg","id":1368,"extension":"jpg","width":230,"height":288,"sizes":{"thumbnail":{"width":150,"height":150,"mime-type":"image\/jpeg","url":"http:\/\/coraldecamaradenavarra.com\/wp-content\/uploads\/2014\/02\/donostia-150x150.jpg"}}},"all_day":false,"start_date":"2017-07-07 08:00:00","start_date_details":{"year":"2017","month":"07","day":"07","hour":"08","minutes":"00","seconds":"00"},"end_date":"2017-07-07 17:00:00","end_date_details":{"year":"2017","month":"07","day":"07","hour":"17","minutes":"00","seconds":"00"},"utc_start_date":"2017-07-07 08:00:00","utc_start_date_details":{"year":"2017","month":"07","day":"07","hour":"08","minutes":"00","seconds":"00"},"utc_end_date":"2017-07-07 17:00:00","utc_end_date_details":{"year":"2017","month":"07","day":"07","hour":"17","minutes":"00","seconds":"00"},"timezone":"UTC+0","timezone_abbr":"","cost":"","cost_details":{"currency_symbol":"","currency_position":"suffix","values":[]},"website":"","show_map":true,"show_map_link":true,"hide_from_listings":false,"sticky":false,"featured":false,"categories":[{"name":"2017","slug":"2017","taxonomy":"tribe_events_cat","description":"","parent":0,"count":1,"id":338,"url":"http:\/\/coraldecamaradenavarra.com\/?tribe_events_cat=2017"},{"name":"conciertos gratuitos","slug":"conciertos-gratuitos","taxonomy":"tribe_events_cat","description":"","parent":16,"count":32,"id":20,"url":"http:\/\/coraldecamaradenavarra.com\/?tribe_events_cat=conciertos-gratuitos"}],"tags":[],"venue":{"id":26,"author":"1","date":"2015-05-28 03:30:16","date_utc":"2015-05-28 03:30:16","modified":"2015-09-16 10:37:36","modified_utc":"2015-09-16 10:37:36","url":"http:\/\/coraldecamaradenavarra.com\/?tribe_venue=gramercy-park-hotel","venue":"Palacio Condestable","show_map":true,"show_map_link":true,"global_id":"coraldecamaradenavarra.com?id=26","global_id_lineage":["coraldecamaradenavarra.com?id=26"]},"organizer":[]},{"id":2242,"global_id":"coraldecamaradenavarra.com?id=2242","global_id_lineage":["coraldecamaradenavarra.com?id=2242"],"author":"3","date":"2018-10-22 16:50:32","date_utc":"2018-10-22 16:50:32","modified":"2018-10-22 16:56:04","modified_utc":"2018-10-22 16:56:04","url":"http:\/\/coraldecamaradenavarra.com\/?tribe_events=bendigo-tu-presencia&lang=es","rest_url":"http:\/\/coraldecamaradenavarra.com\/index.php?rest_route=\/tribe\/events\/v1\/events\/2242","title":"BENDIGO TU PRESENCIA","description":"<p class=\"western\" style=\"text-align: left;\" align=\"center\"><span style=\"font-family: Times New roman, serif;\"><span style=\"font-size: medium;\"><u><b>Viernes 5 de octubre de 2018<\/b><\/u><\/span><\/span><\/p>\n<p class=\"western\" style=\"text-align: left;\" align=\"center\"><span style=\"font-family: Times New roman, serif;\"><span style=\"font-size: medium;\"><b>20:00 horas Concierto. <\/b><\/span><\/span><span style=\"font-family: Times New roman, serif;\"><span style=\"font-size: medium;\">\u201cBendigo tu presencia\u201d<\/span><\/span><\/p>\n<p class=\"western\" style=\"text-align: left;\" align=\"center\">Monogr\u00e1fico de obras del \u00abPadre Goicoechea\u00bb<\/p>\n<p class=\"western\" style=\"text-align: left;\" align=\"center\"><span style=\"font-family: Times New roman, serif;\"><span style=\"font-size: medium;\">Bas\u00edlica de Santa Mar\u00eda del Coro de San Sebasti\u00e1n &#8211; Donostia<\/span><\/span><\/p>\n<p class=\"western\" style=\"text-align: left;\" align=\"center\"><span style=\"font-family: Times New roman, serif;\"><span style=\"font-size: medium;\">Formaci\u00f3n Cl\u00e1sica de la Coral de C\u00e1mara de Navarra<\/span><\/span><\/p>\n<p class=\"western\" style=\"text-align: left;\" align=\"center\"><span style=\"font-family: Times New roman, serif;\"><span style=\"font-size: medium;\">Ra\u00fal del Toro, \u00f3rgano<\/span><\/span><\/p>\n<p class=\"western\" style=\"text-align: left;\" align=\"center\"><span style=\"font-family: Times New roman, serif;\"><span style=\"font-size: medium;\">Direcci\u00f3n: David Guindano Igarreta<\/span><\/span><\/p>\n<p class=\"western\" style=\"text-align: left;\" align=\"center\">Encantando On Tour 2018\/2019<\/p>","excerpt":"","image":{"url":"http:\/\/coraldecamaradenavarra.com\/wp-content\/uploads\/2018\/10\/btp.png","id":2243,"extension":"png","width":452,"height":630,"sizes":{"thumbnail":{"width":150,"height":150,"mime-type":"image\/png","url":"http:\/\/coraldecamaradenavarra.com\/wp-content\/uploads\/2018\/10\/btp-150x150.png"},"medium":{"width":215,"height":300,"mime-type":"image\/png","url":"http:\/\/coraldecamaradenavarra.com\/wp-content\/uploads\/2018\/10\/btp-215x300.png"},"photoswipe_thumbnails":{"width":215,"height":300,"mime-type":"image\/png","url":"http:\/\/coraldecamaradenavarra.com\/wp-content\/uploads\/2018\/10\/btp-215x300.png"},"noo-thumbnail-square":{"width":452,"height":450,"mime-type":"image\/png","url":"http:\/\/coraldecamaradenavarra.com\/wp-content\/uploads\/2018\/10\/btp-452x450.png"}}},"all_day":false,"start_date":"2018-10-05 20:00:00","start_date_details":{"year":"2018","month":"10","day":"05","hour":"20","minutes":"00","seconds":"00"},"end_date":"2018-10-05 21:00:00","end_date_details":{"year":"2018","month":"10","day":"05","hour":"21","minutes":"00","seconds":"00"},"utc_start_date":"2018-10-05 20:00:00","utc_start_date_details":{"year":"2018","month":"10","day":"05","hour":"20","minutes":"00","seconds":"00"},"utc_end_date":"2018-10-05 21:00:00","utc_end_date_details":{"year":"2018","month":"10","day":"05","hour":"21","minutes":"00","seconds":"00"},"timezone":"UTC+0","timezone_abbr":"","cost":"Gratuito","cost_details":{"currency_symbol":"","currency_position":"suffix","values":["0"]},"website":"","show_map":true,"show_map_link":true,"hide_from_listings":false,"sticky":false,"featured":false,"categories":[{"name":"CONCIERTOS","slug":"conciertos","taxonomy":"tribe_events_cat","description":"","parent":0,"count":81,"id":16,"url":"http:\/\/coraldecamaradenavarra.com\/?tribe_events_cat=conciertos"},{"name":"conciertos gratuitos","slug":"conciertos-gratuitos","taxonomy":"tribe_events_cat","description":"","parent":16,"count":32,"id":20,"url":"http:\/\/coraldecamaradenavarra.com\/?tribe_events_cat=conciertos-gratuitos"},{"name":"Encantando On Tour 18\/19","slug":"encantando-on-tour-1819","taxonomy":"tribe_events_cat","description":"","parent":0,"count":12,"id":341,"url":"http:\/\/coraldecamaradenavarra.com\/?tribe_events_cat=encantando-on-tour-1819"}],"tags":[],"venue":{"id":2245,"author":"3","date":"2018-10-22 16:50:33","date_utc":"2018-10-22 16:50:33","modified":"2018-10-22 16:50:33","modified_utc":"2018-10-22 16:50:33","url":"http:\/\/coraldecamaradenavarra.com\/?tribe_venue=basilica-santa-maria-del-coro","venue":"Bas\u00edlica Santa Mar\u00eda del Coro","show_map":true,"show_map_link":true,"address":"31 de agosto, 43","city":"San Sebasti\u00e1n \/ Donostia","country":"Spain","province":"Guipuzcoa","zip":"20003","stateprovince":"Guipuzcoa","global_id":"coraldecamaradenavarra.com?id=2245","global_id_lineage":["coraldecamaradenavarra.com?id=2245"]},"organizer":[]},{"id":2246,"global_id":"coraldecamaradenavarra.com?id=2246","global_id_lineage":["coraldecamaradenavarra.com?id=2246"],"author":"3","date":"2018-10-22 16:54:52","date_utc":"2018-10-22 16:54:52","modified":"2018-10-22 16:56:40","modified_utc":"2018-10-22 16:56:40","url":"http:\/\/coraldecamaradenavarra.com\/?tribe_events=bendigo-tu-presencia-2&lang=es","rest_url":"http:\/\/coraldecamaradenavarra.com\/index.php?rest_route=\/tribe\/events\/v1\/events\/2246","title":"BENDIGO TU PRESENCIA","description":"<p class=\"western\" style=\"text-align: left;\" align=\"center\"><span style=\"font-family: Times New roman, serif;\"><span style=\"font-size: medium;\"><u><b>S\u00e1bado 6 de octubre de 2018<\/b><\/u><\/span><\/span><\/p>\n<p class=\"western\" style=\"text-align: left;\" align=\"center\"><span style=\"font-family: Times New roman, serif;\"><span style=\"font-size: medium;\"><b>12:00 horas Concierto. <\/b><\/span><\/span><span style=\"font-family: Times New roman, serif;\"><span style=\"font-size: medium;\">\u201cBendigo tu presencia\u201d<\/span><\/span><\/p>\n<p class=\"western\" style=\"text-align: left;\" align=\"center\">Monogr\u00e1fico de obras del \u00abPadre Goicoechea\u00bb<\/p>\n<p class=\"western\" style=\"text-align: left;\" align=\"center\"><span style=\"font-family: Times New roman, serif;\"><span style=\"font-size: medium;\">Parroquia de San Esteban de Bera<br \/>\n<\/span><\/span><\/p>\n<p class=\"western\" style=\"text-align: left;\" align=\"center\"><span style=\"font-family: Times New roman, serif;\"><span style=\"font-size: medium;\">Formaci\u00f3n Cl\u00e1sica de la Coral de C\u00e1mara de Navarra<\/span><\/span><\/p>\n<p class=\"western\" style=\"text-align: left;\" align=\"center\"><span style=\"font-family: Times New roman, serif;\"><span style=\"font-size: medium;\">Ra\u00fal del Toro, \u00f3rgano<\/span><\/span><\/p>\n<p class=\"western\" style=\"text-align: left;\" align=\"center\"><span style=\"font-family: Times New roman, serif;\"><span style=\"font-size: medium;\">Direcci\u00f3n: David Guindano Igarreta<\/span><\/span><\/p>\n<p class=\"western\" style=\"text-align: left;\" align=\"center\">Encantando On Tour 2018\/2019<\/p>","excerpt":"","image":{"url":"http:\/\/coraldecamaradenavarra.com\/wp-content\/uploads\/2018\/10\/btp.png","id":2243,"extension":"png","width":452,"height":630,"sizes":{"thumbnail":{"width":150,"height":150,"mime-type":"image\/png","url":"http:\/\/coraldecamaradenavarra.com\/wp-content\/uploads\/2018\/10\/btp-150x150.png"},"medium":{"width":215,"height":300,"mime-type":"image\/png","url":"http:\/\/coraldecamaradenavarra.com\/wp-content\/uploads\/2018\/10\/btp-215x300.png"},"photoswipe_thumbnails":{"width":215,"height":300,"mime-type":"image\/png","url":"http:\/\/coraldecamaradenavarra.com\/wp-content\/uploads\/2018\/10\/btp-215x300.png"},"noo-thumbnail-square":{"width":452,"height":450,"mime-type":"image\/png","url":"http:\/\/coraldecamaradenavarra.com\/wp-content\/uploads\/2018\/10\/btp-452x450.png"}}},"all_day":false,"start_date":"2018-10-06 12:00:00","start_date_details":{"year":"2018","month":"10","day":"06","hour":"12","minutes":"00","seconds":"00"},"end_date":"2018-10-06 13:00:00","end_date_details":{"year":"2018","month":"10","day":"06","hour":"13","minutes":"00","seconds":"00"},"utc_start_date":"2018-10-06 12:00:00","utc_start_date_details":{"year":"2018","month":"10","day":"06","hour":"12","minutes":"00","seconds":"00"},"utc_end_date":"2018-10-06 13:00:00","utc_end_date_details":{"year":"2018","month":"10","day":"06","hour":"13","minutes":"00","seconds":"00"},"timezone":"UTC+0","timezone_abbr":"","cost":"Gratuito","cost_details":{"currency_symbol":"","currency_position":"suffix","values":["0"]},"website":"","show_map":true,"show_map_link":true,"hide_from_listings":false,"sticky":false,"featured":false,"categories":[{"name":"CONCIERTOS","slug":"conciertos","taxonomy":"tribe_events_cat","description":"","parent":0,"count":81,"id":16,"url":"http:\/\/coraldecamaradenavarra.com\/?tribe_events_cat=conciertos"},{"name":"conciertos gratuitos","slug":"conciertos-gratuitos","taxonomy":"tribe_events_cat","description":"","parent":16,"count":32,"id":20,"url":"http:\/\/coraldecamaradenavarra.com\/?tribe_events_cat=conciertos-gratuitos"},{"name":"Encantando On Tour 18\/19","slug":"encantando-on-tour-1819","taxonomy":"tribe_events_cat","description":"","parent":0,"count":12,"id":341,"url":"http:\/\/coraldecamaradenavarra.com\/?tribe_events_cat=encantando-on-tour-1819"}],"tags":[],"venue":{"id":2248,"author":"3","date":"2018-10-22 16:54:52","date_utc":"2018-10-22 16:54:52","modified":"2018-10-22 16:54:52","modified_utc":"2018-10-22 16:54:52","url":"http:\/\/coraldecamaradenavarra.com\/?tribe_venue=parroquia-de-san-esteban","venue":"Parroquia de San Esteban","show_map":true,"show_map_link":true,"city":"Bera","country":"Spain","province":"Navarra","stateprovince":"Navarra","global_id":"coraldecamaradenavarra.com?id=2248","global_id_lineage":["coraldecamaradenavarra.com?id=2248"]},"organizer":[]},{"id":2249,"global_id":"coraldecamaradenavarra.com?id=2249","global_id_lineage":["coraldecamaradenavarra.com?id=2249"],"author":"3","date":"2018-10-22 17:04:37","date_utc":"2018-10-22 17:04:37","modified":"2018-10-25 18:13:50","modified_utc":"2018-10-25 18:13:50","url":"http:\/\/coraldecamaradenavarra.com\/?tribe_events=bendigo-tu-presencia-3&lang=es","rest_url":"http:\/\/coraldecamaradenavarra.com\/index.php?rest_route=\/tribe\/events\/v1\/events\/2249","title":"BENDIGO TU PRESENCIA","description":"<p class=\"western\" style=\"text-align: left;\" align=\"center\"><span style=\"font-family: Times New roman, serif;\"><span style=\"font-size: medium;\"><u><b>S\u00e1bado 6 de octubre de 2018<\/b><\/u><\/span><\/span><\/p>\n<p class=\"western\" style=\"text-align: left;\" align=\"center\"><span style=\"font-family: Times New roman, serif;\"><span style=\"font-size: medium;\"><b>19:30 horas Concierto. <\/b><\/span><\/span><span style=\"font-family: Times New roman, serif;\"><span style=\"font-size: medium;\">\u201cBendigo tu presencia\u201d<\/span><\/span><\/p>\n<p class=\"western\" style=\"text-align: left;\" align=\"center\">Monogr\u00e1fico de obras del \u00abPadre Goicoechea\u00bb<\/p>\n<p class=\"western\" style=\"text-align: left;\" align=\"center\"><span style=\"font-family: Times New roman, serif;\"><span style=\"font-size: medium;\">Parroquia de San Ignacio de Pamplona-Iru\u00f1a<br \/>\n<\/span><\/span><\/p>\n<p class=\"western\" style=\"text-align: left;\" align=\"center\"><span style=\"font-family: Times New roman, serif;\"><span style=\"font-size: medium;\">Formaci\u00f3n Cl\u00e1sica de la Coral de C\u00e1mara de Navarra<\/span><\/span><\/p>\n<p class=\"western\" style=\"text-align: left;\" align=\"center\"><span style=\"font-family: Times New roman, serif;\"><span style=\"font-size: medium;\">Ra\u00fal del Toro, \u00f3rgano<\/span><\/span><\/p>\n<p class=\"western\" style=\"text-align: left;\" align=\"center\"><span style=\"font-family: Times New roman, serif;\"><span style=\"font-size: medium;\">Direcci\u00f3n: David Guindano Igarreta<\/span><\/span><\/p>\n<p class=\"western\" style=\"text-align: left;\" align=\"center\">Encantando On Tour 2018\/2019<\/p>","excerpt":"","image":{"url":"http:\/\/coraldecamaradenavarra.com\/wp-content\/uploads\/2018\/10\/btp.png","id":2243,"extension":"png","width":452,"height":630,"sizes":{"thumbnail":{"width":150,"height":150,"mime-type":"image\/png","url":"http:\/\/coraldecamaradenavarra.com\/wp-content\/uploads\/2018\/10\/btp-150x150.png"},"medium":{"width":215,"height":300,"mime-type":"image\/png","url":"http:\/\/coraldecamaradenavarra.com\/wp-content\/uploads\/2018\/10\/btp-215x300.png"},"photoswipe_thumbnails":{"width":215,"height":300,"mime-type":"image\/png","url":"http:\/\/coraldecamaradenavarra.com\/wp-content\/uploads\/2018\/10\/btp-215x300.png"},"noo-thumbnail-square":{"width":452,"height":450,"mime-type":"image\/png","url":"http:\/\/coraldecamaradenavarra.com\/wp-content\/uploads\/2018\/10\/btp-452x450.png"}}},"all_day":false,"start_date":"2018-10-06 19:30:00","start_date_details":{"year":"2018","month":"10","day":"06","hour":"19","minutes":"30","seconds":"00"},"end_date":"2018-10-06 20:45:00","end_date_details":{"year":"2018","month":"10","day":"06","hour":"20","minutes":"45","seconds":"00"},"utc_start_date":"2018-10-06 19:30:00","utc_start_date_details":{"year":"2018","month":"10","day":"06","hour":"19","minutes":"30","seconds":"00"},"utc_end_date":"2018-10-06 20:45:00","utc_end_date_details":{"year":"2018","month":"10","day":"06","hour":"20","minutes":"45","seconds":"00"},"timezone":"UTC+0","timezone_abbr":"","cost":"","cost_details":{"currency_symbol":"","currency_position":"suffix","values":[]},"website":"","show_map":true,"show_map_link":true,"hide_from_listings":false,"sticky":false,"featured":false,"categories":[{"name":"CONCIERTOS","slug":"conciertos","taxonomy":"tribe_events_cat","description":"","parent":0,"count":81,"id":16,"url":"http:\/\/coraldecamaradenavarra.com\/?tribe_events_cat=conciertos"},{"name":"conciertos gratuitos","slug":"conciertos-gratuitos","taxonomy":"tribe_events_cat","description":"","parent":16,"count":32,"id":20,"url":"http:\/\/coraldecamaradenavarra.com\/?tribe_events_cat=conciertos-gratuitos"},{"name":"Encantando On Tour 18\/19","slug":"encantando-on-tour-1819","taxonomy":"tribe_events_cat","description":"","parent":0,"count":12,"id":341,"url":"http:\/\/coraldecamaradenavarra.com\/?tribe_events_cat=encantando-on-tour-1819"}],"tags":[],"venue":{"id":2251,"author":"3","date":"2018-10-22 17:04:37","date_utc":"2018-10-22 17:04:37","modified":"2018-10-22 17:04:37","modified_utc":"2018-10-22 17:04:37","url":"http:\/\/coraldecamaradenavarra.com\/?tribe_venue=parroquia-de-san-ignacio","venue":"Parroquia de San Ignacio","show_map":true,"show_map_link":true,"city":"Pamplona - Iru\u00f1a","country":"Spain","zip":"31001","global_id":"coraldecamaradenavarra.com?id=2251","global_id_lineage":["coraldecamaradenavarra.com?id=2251"]},"organizer":[]},{"id":2501,"global_id":"coraldecamaradenavarra.com?id=2501","global_id_lineage":["coraldecamaradenavarra.com?id=2501"],"author":"3","date":"2018-11-14 08:20:45","date_utc":"2018-11-14 08:20:45","modified":"2018-11-14 08:55:15","modified_utc":"2018-11-14 08:55:15","url":"http:\/\/coraldecamaradenavarra.com\/?tribe_events=first-leap-3&lang=es","rest_url":"http:\/\/coraldecamaradenavarra.com\/index.php?rest_route=\/tribe\/events\/v1\/events\/2501","title":"FIRST LEAP","description":"<p class=\"western\" style=\"text-align: left;\" align=\"center\"><span style=\"font-family: Times New roman, serif;\"><span style=\"font-size: large;\"><b>FIRST LEAP<br \/>\n<\/b><\/span><\/span><\/p>\n<p class=\"western\" style=\"text-align: left;\" align=\"center\"><span style=\"font-family: Times New roman, serif;\"><span style=\"font-size: large;\"><b>Jazzy Leap &amp; Jazzy Leap Band<\/b><\/span><\/span><\/p>\n<p class=\"western\" style=\"text-align: left;\" align=\"center\"><span style=\"font-family: Times New roman, serif;\"><span style=\"font-size: large;\">S\u00e1bado 17 de noviembre \u2013 20:00 h<\/span><\/span><\/p>\n<p class=\"western\" style=\"text-align: left;\" align=\"center\"><span style=\"font-family: Times New roman, serif;\"><span style=\"font-size: large;\">Sal\u00f3n de Actos Casa de Cultura &#8211; Tauste (Arag\u00f3n)<br \/>\n<\/span><\/span><\/p>\n<p class=\"western\" style=\"text-align: left;\" align=\"center\">Encantando On Tour<\/p>\n<p class=\"western\" style=\"text-align: left;\" align=\"center\"><span style=\"font-family: Times New roman, serif;\"><span style=\"font-size: large;\">Entrada: Libre hasta completar aforo<br \/>\n<\/span><\/span><\/p>","excerpt":"","image":{"url":"http:\/\/coraldecamaradenavarra.com\/wp-content\/uploads\/2018\/11\/tauste.png","id":2502,"extension":"png","width":438,"height":616,"sizes":{"thumbnail":{"width":150,"height":150,"mime-type":"image\/png","url":"http:\/\/coraldecamaradenavarra.com\/wp-content\/uploads\/2018\/11\/tauste-150x150.png"},"medium":{"width":213,"height":300,"mime-type":"image\/png","url":"http:\/\/coraldecamaradenavarra.com\/wp-content\/uploads\/2018\/11\/tauste-213x300.png"},"photoswipe_thumbnails":{"width":213,"height":300,"mime-type":"image\/png","url":"http:\/\/coraldecamaradenavarra.com\/wp-content\/uploads\/2018\/11\/tauste-213x300.png"},"noo-thumbnail-square":{"width":438,"height":450,"mime-type":"image\/png","url":"http:\/\/coraldecamaradenavarra.com\/wp-content\/uploads\/2018\/11\/tauste-438x450.png"}}},"all_day":false,"start_date":"2018-11-17 20:00:00","start_date_details":{"year":"2018","month":"11","day":"17","hour":"20","minutes":"00","seconds":"00"},"end_date":"2018-11-17 21:30:00","end_date_details":{"year":"2018","month":"11","day":"17","hour":"21","minutes":"30","seconds":"00"},"utc_start_date":"2018-11-17 20:00:00","utc_start_date_details":{"year":"2018","month":"11","day":"17","hour":"20","minutes":"00","seconds":"00"},"utc_end_date":"2018-11-17 21:30:00","utc_end_date_details":{"year":"2018","month":"11","day":"17","hour":"21","minutes":"30","seconds":"00"},"timezone":"UTC+0","timezone_abbr":"","cost":"","cost_details":{"currency_symbol":"","currency_position":"suffix","values":[]},"website":"","show_map":true,"show_map_link":true,"hide_from_listings":false,"sticky":false,"featured":false,"categories":[{"name":"conciertos gratuitos","slug":"conciertos-gratuitos","taxonomy":"tribe_events_cat","description":"","parent":16,"count":32,"id":20,"url":"http:\/\/coraldecamaradenavarra.com\/?tribe_events_cat=conciertos-gratuitos"},{"name":"Encantando On Tour 18\/19","slug":"encantando-on-tour-1819","taxonomy":"tribe_events_cat","description":"","parent":0,"count":12,"id":341,"url":"http:\/\/coraldecamaradenavarra.com\/?tribe_events_cat=encantando-on-tour-1819"}],"tags":[],"venue":{"id":2504,"author":"3","date":"2018-11-14 08:20:45","date_utc":"2018-11-14 08:20:45","modified":"2018-11-14 08:20:45","modified_utc":"2018-11-14 08:20:45","url":"http:\/\/coraldecamaradenavarra.com\/?tribe_venue=salon-de-actos-casa-de-cultura-de-tauste","venue":"Sal\u00f3n de Actos Casa de Cultura de Tauste","show_map":true,"show_map_link":true,"address":"Plaza de Arag\u00f3n, 0","city":"Tauste","country":"Spain","province":"Arag\u00f3n","zip":"50660","stateprovince":"Arag\u00f3n","global_id":"coraldecamaradenavarra.com?id=2504","global_id_lineage":["coraldecamaradenavarra.com?id=2504"]},"organizer":[]},{"id":2539,"global_id":"coraldecamaradenavarra.com?id=2539","global_id_lineage":["coraldecamaradenavarra.com?id=2539"],"author":"3","date":"2018-12-17 10:43:02","date_utc":"2018-12-17 10:43:02","modified":"2018-12-17 10:44:35","modified_utc":"2018-12-17 10:44:35","url":"http:\/\/coraldecamaradenavarra.com\/?tribe_events=o-nata-lux&lang=es","rest_url":"http:\/\/coraldecamaradenavarra.com\/index.php?rest_route=\/tribe\/events\/v1\/events\/2539","title":"O NATA LUX","description":"<p><strong>O Nata Lux<\/strong><br \/>\n&#8211; Dos obras maestras del Renacimiento europeo para anunciar la Navidad &#8211;<\/p>\n<p>Obras de Orlando di Lasso y Giovanni Pierluigi da Palestrina<\/p>\n<p>Capilla Renacentista \u00abMichael Navarrus<b class=\"\">\u00bb<br \/>\n<\/b><span class=\"\">Direcci\u00f3n: David Guindano Igarreta<\/span><b class=\"\"><br \/>\n<\/b><\/p>\n<p>Ciclo Navidad &#8211; Domingo 23 de diciembre &#8211; 20:00 horas<br \/>\nIglesia de los Carmelitas Descalzos, Pamplona-Iru\u00f1a.<br \/>\nEntrada: Gratuita hasta completar aforo<br \/>\nOrganiza: Ayuntamiento de Pamplona &#8211; Iru\u00f1eko Udala<\/p>\n<p>&nbsp;<\/p>\n<p>Imagen: Sibila Libia, 1651. Guercino (Cento 1591-Bologna 1666)<br \/>\nOil on canvas | 116.3 x 96.5 cm &#8211; Galer\u00eda de pintura, Palacio de Buckingham<\/p>\n<p><b class=\"\"><br \/>\n<\/b><\/p>","excerpt":"","image":{"url":"http:\/\/coraldecamaradenavarra.com\/wp-content\/uploads\/2018\/12\/sibila.jpg","id":2540,"extension":"jpg","width":418,"height":500,"sizes":{"thumbnail":{"width":150,"height":150,"mime-type":"image\/jpeg","url":"http:\/\/coraldecamaradenavarra.com\/wp-content\/uploads\/2018\/12\/sibila-150x150.jpg"},"medium":{"width":251,"height":300,"mime-type":"image\/jpeg","url":"http:\/\/coraldecamaradenavarra.com\/wp-content\/uploads\/2018\/12\/sibila-251x300.jpg"},"photoswipe_thumbnails":{"width":251,"height":300,"mime-type":"image\/jpeg","url":"http:\/\/coraldecamaradenavarra.com\/wp-content\/uploads\/2018\/12\/sibila-251x300.jpg"},"noo-thumbnail-square":{"width":418,"height":450,"mime-type":"image\/jpeg","url":"http:\/\/coraldecamaradenavarra.com\/wp-content\/uploads\/2018\/12\/sibila-418x450.jpg"}}},"all_day":false,"start_date":"2018-12-23 20:00:00","start_date_details":{"year":"2018","month":"12","day":"23","hour":"20","minutes":"00","seconds":"00"},"end_date":"2018-12-23 21:00:00","end_date_details":{"year":"2018","month":"12","day":"23","hour":"21","minutes":"00","seconds":"00"},"utc_start_date":"2018-12-23 20:00:00","utc_start_date_details":{"year":"2018","month":"12","day":"23","hour":"20","minutes":"00","seconds":"00"},"utc_end_date":"2018-12-23 21:00:00","utc_end_date_details":{"year":"2018","month":"12","day":"23","hour":"21","minutes":"00","seconds":"00"},"timezone":"UTC+0","timezone_abbr":"","cost":"","cost_details":{"currency_symbol":"","currency_position":"suffix","values":[]},"website":"http:\/\/www.pamplona.es\/navidad\/pdf\/es\/navidad-2018-23-diciembre.pdf","show_map":true,"show_map_link":true,"hide_from_listings":false,"sticky":false,"featured":false,"categories":[{"name":"CONCIERTOS","slug":"conciertos","taxonomy":"tribe_events_cat","description":"","parent":0,"count":81,"id":16,"url":"http:\/\/coraldecamaradenavarra.com\/?tribe_events_cat=conciertos"},{"name":"conciertos gratuitos","slug":"conciertos-gratuitos","taxonomy":"tribe_events_cat","description":"","parent":16,"count":32,"id":20,"url":"http:\/\/coraldecamaradenavarra.com\/?tribe_events_cat=conciertos-gratuitos"}],"tags":[{"name":"Ancient Music","slug":"ancient-music","taxonomy":"post_tag","description":"","parent":0,"count":1,"id":377,"url":"http:\/\/coraldecamaradenavarra.com\/?tag=ancient-music&lang=es"},{"name":"Capilla Renacentista Michael Navarrus","slug":"capilla-renacentista-michael-navarrus","taxonomy":"post_tag","description":"","parent":0,"count":2,"id":369,"url":"http:\/\/coraldecamaradenavarra.com\/?tag=capilla-renacentista-michael-navarrus&lang=es"},{"name":"Coral C\u00e1mara Navarra","slug":"coral-camara-navarra","taxonomy":"post_tag","description":"","parent":0,"count":16,"id":96,"url":"http:\/\/coraldecamaradenavarra.com\/?tag=coral-camara-navarra&lang=es"},{"name":"David Guindano","slug":"david-guindano","taxonomy":"post_tag","description":"","parent":0,"count":10,"id":133,"url":"http:\/\/coraldecamaradenavarra.com\/?tag=david-guindano&lang=es"},{"name":"Di Lasso","slug":"di-lasso","taxonomy":"post_tag","description":"","parent":0,"count":1,"id":375,"url":"http:\/\/coraldecamaradenavarra.com\/?tag=di-lasso&lang=es"},{"name":"M\u00fasica Antigua","slug":"musica-antigua","taxonomy":"post_tag","description":"","parent":0,"count":1,"id":367,"url":"http:\/\/coraldecamaradenavarra.com\/?tag=musica-antigua&lang=es"},{"name":"Navidad","slug":"navidad","taxonomy":"post_tag","description":"","parent":0,"count":1,"id":371,"url":"http:\/\/coraldecamaradenavarra.com\/?tag=navidad&lang=es"},{"name":"Palestrina","slug":"palestrina","taxonomy":"post_tag","description":"","parent":0,"count":1,"id":373,"url":"http:\/\/coraldecamaradenavarra.com\/?tag=palestrina&lang=es"}],"venue":{"id":2546,"author":"3","date":"2018-12-17 10:44:36","date_utc":"2018-12-17 10:44:36","modified":"2018-12-17 10:44:36","modified_utc":"2018-12-17 10:44:36","url":"http:\/\/coraldecamaradenavarra.com\/?tribe_venue=iglesia-carmelitas-descalzos","venue":"Iglesia Carmelitas Descalzos","show_map":true,"show_map_link":true,"address":"Calle Descalzos, 72","city":"Pamplona - Iru\u00f1a","country":"Spain","province":"Navarra","zip":"31001","stateprovince":"Navarra","global_id":"coraldecamaradenavarra.com?id=2546","global_id_lineage":["coraldecamaradenavarra.com?id=2546"]},"organizer":[]},{"id":2629,"global_id":"coraldecamaradenavarra.com?id=2629","global_id_lineage":["coraldecamaradenavarra.com?id=2629"],"author":"3","date":"2019-03-13 15:37:49","date_utc":"2019-03-13 15:37:49","modified":"2019-03-13 15:37:49","modified_utc":"2019-03-13 15:37:49","url":"http:\/\/coraldecamaradenavarra.com\/?tribe_events=le-confort-dami&lang=es","rest_url":"http:\/\/coraldecamaradenavarra.com\/index.php?rest_route=\/tribe\/events\/v1\/events\/2629","title":"LE CONFORT D&#8217;AMI","description":"<p><strong>TEMPORADA ENCANTANDO DENBORALDIA 2018\/2019<\/strong><\/p>\n<p><strong>LE CONFORT D&#8217;AMI<\/strong><\/p>\n<p>(Obras de Machaut, Ventadorn, Ricardo Coraz\u00f3n de Le\u00f3n, Teobaldo I de Navarra, Jacob de Senleches, Enrique de Paris)<\/p>\n<p>Capilla Renacentista \u00abMichael Navarrus\u00bb<\/p>\n<p>Viola; Sergio Barcellona<\/p>\n<p>Laud; Enrique Galdeano<\/p>\n<p>Percusiones; Luis Taberna<\/p>\n<p>Direcci\u00f3n: David Guindano Igarreta<\/p>\n<p>Entrada libre tras la celebraci\u00f3n de la Misa de 20:00 horas.<\/p>\n<p>&nbsp;<\/p>","excerpt":"","image":{"url":"http:\/\/coraldecamaradenavarra.com\/wp-content\/uploads\/2019\/03\/Le-Confort-dami_ok.jpg","id":2630,"extension":"jpg","width":1752,"height":2467,"sizes":{"thumbnail":{"width":150,"height":150,"mime-type":"image\/jpeg","url":"http:\/\/coraldecamaradenavarra.com\/wp-content\/uploads\/2019\/03\/Le-Confort-dami_ok-150x150.jpg"},"medium":{"width":213,"height":300,"mime-type":"image\/jpeg","url":"http:\/\/coraldecamaradenavarra.com\/wp-content\/uploads\/2019\/03\/Le-Confort-dami_ok-213x300.jpg"},"large":{"width":727,"height":1024,"mime-type":"image\/jpeg","url":"http:\/\/coraldecamaradenavarra.com\/wp-content\/uploads\/2019\/03\/Le-Confort-dami_ok-727x1024.jpg"},"photoswipe_thumbnails":{"width":213,"height":300,"mime-type":"image\/jpeg","url":"http:\/\/coraldecamaradenavarra.com\/wp-content\/uploads\/2019\/03\/Le-Confort-dami_ok-213x300.jpg"},"photoswipe_full":{"width":1704,"height":2400,"mime-type":"image\/jpeg","url":"http:\/\/coraldecamaradenavarra.com\/wp-content\/uploads\/2019\/03\/Le-Confort-dami_ok-1704x2400.jpg"},"noo-thumbnail-square":{"width":600,"height":450,"mime-type":"image\/jpeg","url":"http:\/\/coraldecamaradenavarra.com\/wp-content\/uploads\/2019\/03\/Le-Confort-dami_ok-600x450.jpg"},"noo-single-album":{"width":500,"height":700,"mime-type":"image\/jpeg","url":"http:\/\/coraldecamaradenavarra.com\/wp-content\/uploads\/2019\/03\/Le-Confort-dami_ok-500x700.jpg"},"noo-loop-album":{"width":500,"height":700,"mime-type":"image\/jpeg","url":"http:\/\/coraldecamaradenavarra.com\/wp-content\/uploads\/2019\/03\/Le-Confort-dami_ok-500x700.jpg"}}},"all_day":false,"start_date":"2019-03-23 20:45:00","start_date_details":{"year":"2019","month":"03","day":"23","hour":"20","minutes":"45","seconds":"00"},"end_date":"2019-03-23 21:45:00","end_date_details":{"year":"2019","month":"03","day":"23","hour":"21","minutes":"45","seconds":"00"},"utc_start_date":"2019-03-23 20:45:00","utc_start_date_details":{"year":"2019","month":"03","day":"23","hour":"20","minutes":"45","seconds":"00"},"utc_end_date":"2019-03-23 21:45:00","utc_end_date_details":{"year":"2019","month":"03","day":"23","hour":"21","minutes":"45","seconds":"00"},"timezone":"UTC+0","timezone_abbr":"","cost":"","cost_details":{"currency_symbol":"","currency_position":"suffix","values":[]},"website":"","show_map":true,"show_map_link":true,"hide_from_listings":false,"sticky":false,"featured":false,"categories":[{"name":"CONCIERTOS","slug":"conciertos","taxonomy":"tribe_events_cat","description":"","parent":0,"count":81,"id":16,"url":"http:\/\/coraldecamaradenavarra.com\/?tribe_events_cat=conciertos"},{"name":"conciertos gratuitos","slug":"conciertos-gratuitos","taxonomy":"tribe_events_cat","description":"","parent":16,"count":32,"id":20,"url":"http:\/\/coraldecamaradenavarra.com\/?tribe_events_cat=conciertos-gratuitos"}],"tags":[],"venue":{"id":2634,"author":"3","date":"2019-03-13 15:37:50","date_utc":"2019-03-13 15:37:50","modified":"2019-03-13 15:37:50","modified_utc":"2019-03-13 15:37:50","url":"http:\/\/coraldecamaradenavarra.com\/?tribe_venue=parroquia-de-san-nicolas-de-pamplona","venue":"Parroquia de San Nicol\u00e1s de Pamplona","show_map":true,"show_map_link":true,"address":"C\/ San Miguel, 15","city":"Pamplona - Iru\u00f1a","country":"Spain","province":"Navarra","zip":"31001","phone":"948 221 281","website":"http:\/\/www.parroquiasannicolas.es\/","stateprovince":"Navarra","global_id":"coraldecamaradenavarra.com?id=2634","global_id_lineage":["coraldecamaradenavarra.com?id=2634"]},"organizer":[]},{"id":2666,"global_id":"coraldecamaradenavarra.com?id=2666","global_id_lineage":["coraldecamaradenavarra.com?id=2666"],"author":"3","date":"2019-06-16 18:52:39","date_utc":"2019-06-16 18:52:39","modified":"2019-06-17 22:49:55","modified_utc":"2019-06-17 22:49:55","url":"http:\/\/coraldecamaradenavarra.com\/?tribe_events=rodgers-hart-rodgers-hammerstein&lang=es","rest_url":"http:\/\/coraldecamaradenavarra.com\/index.php?rest_route=\/tribe\/events\/v1\/events\/2666","title":"RODGERS &#038; HART, RODGERS &#038; HAMMERSTEIN","description":"<p class=\"western\" style=\"text-align: left;\" align=\"center\"><span style=\"font-family: Times New roman, serif;\"><span style=\"font-size: large;\"><b>RODGERS &amp; HART, RODGERS &amp; HAMMERSTEIN<br \/>\n<\/b><\/span><\/span><\/p>\n<p class=\"western\" style=\"text-align: left;\" align=\"center\"><span style=\"font-family: Times New roman, serif;\"><span style=\"font-size: large;\"><b>Jazzy Leap &amp; Jazzy Leap Band<\/b><\/span><\/span><\/p>\n<p class=\"western\" style=\"text-align: left;\" align=\"center\"><span style=\"font-family: Times New roman, serif;\"><span style=\"font-size: large;\">Viernes 12 de junio \u2013 20:00 h<\/span><\/span><\/p>\n<p class=\"western\" style=\"text-align: left;\" align=\"center\"><span style=\"font-family: Times New roman, serif;\"><span style=\"font-size: large;\">Escenario Ciudadela de Pamplona-Iru\u00f1a (Navarra)<br \/>\n<\/span><\/span><\/p>\n<p class=\"western\" style=\"text-align: left;\" align=\"center\">Temporada Encantando Denboraldia<\/p>\n<p class=\"western\" style=\"text-align: left;\" align=\"center\"><span style=\"font-family: Times New roman, serif;\"><span style=\"font-size: large;\">Entrada: Libre<br \/>\n<\/span><\/span><\/p>","excerpt":"","image":{"url":"http:\/\/coraldecamaradenavarra.com\/wp-content\/uploads\/2019\/06\/Rodgers.jpg","id":2670,"extension":"jpg","width":2481,"height":3516,"sizes":{"thumbnail":{"width":150,"height":150,"mime-type":"image\/jpeg","url":"http:\/\/coraldecamaradenavarra.com\/wp-content\/uploads\/2019\/06\/Rodgers-150x150.jpg"},"medium":{"width":212,"height":300,"mime-type":"image\/jpeg","url":"http:\/\/coraldecamaradenavarra.com\/wp-content\/uploads\/2019\/06\/Rodgers-212x300.jpg"},"large":{"width":723,"height":1024,"mime-type":"image\/jpeg","url":"http:\/\/coraldecamaradenavarra.com\/wp-content\/uploads\/2019\/06\/Rodgers-723x1024.jpg"},"photoswipe_thumbnails":{"width":212,"height":300,"mime-type":"image\/jpeg","url":"http:\/\/coraldecamaradenavarra.com\/wp-content\/uploads\/2019\/06\/Rodgers-212x300.jpg"},"photoswipe_full":{"width":1694,"height":2400,"mime-type":"image\/jpeg","url":"http:\/\/coraldecamaradenavarra.com\/wp-content\/uploads\/2019\/06\/Rodgers-1694x2400.jpg"},"noo-thumbnail-square":{"width":600,"height":450,"mime-type":"image\/jpeg","url":"http:\/\/coraldecamaradenavarra.com\/wp-content\/uploads\/2019\/06\/Rodgers-600x450.jpg"},"noo-single-album":{"width":500,"height":700,"mime-type":"image\/jpeg","url":"http:\/\/coraldecamaradenavarra.com\/wp-content\/uploads\/2019\/06\/Rodgers-500x700.jpg"},"noo-loop-album":{"width":500,"height":700,"mime-type":"image\/jpeg","url":"http:\/\/coraldecamaradenavarra.com\/wp-content\/uploads\/2019\/06\/Rodgers-500x700.jpg"}}},"all_day":false,"start_date":"2019-06-21 20:00:00","start_date_details":{"year":"2019","month":"06","day":"21","hour":"20","minutes":"00","seconds":"00"},"end_date":"2019-06-21 21:15:00","end_date_details":{"year":"2019","month":"06","day":"21","hour":"21","minutes":"15","seconds":"00"},"utc_start_date":"2019-06-21 20:00:00","utc_start_date_details":{"year":"2019","month":"06","day":"21","hour":"20","minutes":"00","seconds":"00"},"utc_end_date":"2019-06-21 21:15:00","utc_end_date_details":{"year":"2019","month":"06","day":"21","hour":"21","minutes":"15","seconds":"00"},"timezone":"UTC+0","timezone_abbr":"","cost":"Gratuito","cost_details":{"currency_symbol":"","currency_position":"suffix","values":["0"]},"website":"","show_map":true,"show_map_link":true,"hide_from_listings":false,"sticky":false,"featured":false,"categories":[{"name":"CONCIERTOS","slug":"conciertos","taxonomy":"tribe_events_cat","description":"","parent":0,"count":81,"id":16,"url":"http:\/\/coraldecamaradenavarra.com\/?tribe_events_cat=conciertos"},{"name":"conciertos gratuitos","slug":"conciertos-gratuitos","taxonomy":"tribe_events_cat","description":"","parent":16,"count":32,"id":20,"url":"http:\/\/coraldecamaradenavarra.com\/?tribe_events_cat=conciertos-gratuitos"}],"tags":[],"venue":{"id":2668,"author":"3","date":"2019-06-16 18:52:39","date_utc":"2019-06-16 18:52:39","modified":"2019-06-16 18:52:39","modified_utc":"2019-06-16 18:52:39","url":"http:\/\/coraldecamaradenavarra.com\/?tribe_venue=ciudadela-de-pamplona","venue":"Ciudadela de Pamplona","show_map":true,"show_map_link":true,"city":"Pamplona - Iru\u00f1a","province":"Navarra","website":"https:\/\/www.pamplona.es\/turismo\/murallas","stateprovince":"Navarra","global_id":"coraldecamaradenavarra.com?id=2668","global_id_lineage":["coraldecamaradenavarra.com?id=2668"]},"organizer":[{"id":946,"author":"1","date":"2015-09-16 08:59:37","date_utc":"2015-09-16 08:59:37","modified":"2018-10-29 19:16:04","modified_utc":"2018-10-29 19:16:04","url":"http:\/\/coraldecamaradenavarra.com\/?tribe_organizer=coral-de-camara-de-navarra","organizer":"Coral de C\u00e1mara de Navarra","global_id":"coraldecamaradenavarra.com?id=946","global_id_lineage":["coraldecamaradenavarra.com?id=946"]}]},{"id":2691,"global_id":"coraldecamaradenavarra.com?id=2691","global_id_lineage":["coraldecamaradenavarra.com?id=2691"],"author":"3","date":"2019-10-08 07:34:56","date_utc":"2019-10-08 07:34:56","modified":"2019-10-08 07:34:56","modified_utc":"2019-10-08 07:34:56","url":"http:\/\/coraldecamaradenavarra.com\/?tribe_events=homenaje-luis-elizalde-en-sanguesa&lang=es","rest_url":"http:\/\/coraldecamaradenavarra.com\/index.php?rest_route=\/tribe\/events\/v1\/events\/2691","title":"HOMENAJE LUIS ELIZALDE en Sang\u00fcesa","description":"<p><strong>TEMPORADA ENCANTANDO DENBORALDIA 2019\/2020<\/strong><\/p>\n<p><strong>\u00abMISA CANTADA HOMENAJE\u00bb.<\/strong><\/p>\n<p>Misa cantada con obras de Luis Elizalde.<\/p>\n<p>Formaci\u00f3n Cl\u00e1sica de la Coral de C\u00e1mara de Navarra (CCN)<\/p>\n<p>Direcci\u00f3n CCN: David Guindano Igarreta<\/p>\n<p>S\u00e1bado 12 de octubre &#8211; 11:30 horas &#8211; Iglesia de Capuchinos, Sang\u00fcesa<\/p>\n<p>Entrada: Libre hasta completar aforo.<\/p>\n<p>&nbsp;<\/p>","excerpt":"","image":{"url":"http:\/\/coraldecamaradenavarra.com\/wp-content\/uploads\/2019\/10\/Elizalde.jpg","id":2688,"extension":"jpg","width":227,"height":299,"sizes":{"thumbnail":{"width":150,"height":150,"mime-type":"image\/jpeg","url":"http:\/\/coraldecamaradenavarra.com\/wp-content\/uploads\/2019\/10\/Elizalde-150x150.jpg"}}},"all_day":false,"start_date":"2019-10-12 11:30:00","start_date_details":{"year":"2019","month":"10","day":"12","hour":"11","minutes":"30","seconds":"00"},"end_date":"2019-10-12 11:30:00","end_date_details":{"year":"2019","month":"10","day":"12","hour":"11","minutes":"30","seconds":"00"},"utc_start_date":"2019-10-12 11:30:00","utc_start_date_details":{"year":"2019","month":"10","day":"12","hour":"11","minutes":"30","seconds":"00"},"utc_end_date":"2019-10-12 11:30:00","utc_end_date_details":{"year":"2019","month":"10","day":"12","hour":"11","minutes":"30","seconds":"00"},"timezone":"UTC+0","timezone_abbr":"","cost":"Gratuito","cost_details":{"currency_symbol":"","currency_position":"suffix","values":["0"]},"website":"","show_map":true,"show_map_link":true,"hide_from_listings":false,"sticky":false,"featured":false,"categories":[{"name":"conciertos gratuitos","slug":"conciertos-gratuitos","taxonomy":"tribe_events_cat","description":"","parent":16,"count":32,"id":20,"url":"http:\/\/coraldecamaradenavarra.com\/?tribe_events_cat=conciertos-gratuitos"}],"tags":[],"venue":{"id":2693,"author":"3","date":"2019-10-08 07:34:56","date_utc":"2019-10-08 07:34:56","modified":"2019-10-08 07:34:56","modified_utc":"2019-10-08 07:34:56","url":"http:\/\/coraldecamaradenavarra.com\/?tribe_venue=iglesia-de-san-francisco-de-los-padres-capuchinos-plaza-fueros-10-sanguesa","venue":"iglesia de San Francisco de los Padres Capuchinos. Plaza Fueros, 10. Sang\u00fcesa","show_map":true,"show_map_link":true,"address":"Plaza Fueros, 10.","city":"Sang\u00fcesa","country":"Spain","province":"Navarra","zip":"31400","stateprovince":"Navarra","global_id":"coraldecamaradenavarra.com?id=2693","global_id_lineage":["coraldecamaradenavarra.com?id=2693"]},"organizer":[{"id":946,"author":"1","date":"2015-09-16 08:59:37","date_utc":"2015-09-16 08:59:37","modified":"2018-10-29 19:16:04","modified_utc":"2018-10-29 19:16:04","url":"http:\/\/coraldecamaradenavarra.com\/?tribe_organizer=coral-de-camara-de-navarra","organizer":"Coral de C\u00e1mara de Navarra","global_id":"coraldecamaradenavarra.com?id=946","global_id_lineage":["coraldecamaradenavarra.com?id=946"]}]}],"rest_url":"http:\/\/coraldecamaradenavarra.com\/index.php?rest_route=\/tribe\/events\/v1\/events\/","next_rest_url":"http:\/\/coraldecamaradenavarra.com\/index.php?rest_route=%2Ftribe%2Fevents%2Fv1%2Fevents%2F&page=2","total":32,"total_pages":4}