{"events":[{"id":3071,"global_id":"coraldecamaradenavarra.com?id=3071","global_id_lineage":["coraldecamaradenavarra.com?id=3071"],"author":"3","date":"2021-09-15 13:02:33","date_utc":"2021-09-15 13:02:33","modified":"2021-09-15 13:02:33","modified_utc":"2021-09-15 13:02:33","url":"http:\/\/coraldecamaradenavarra.com\/?tribe_events=emilio-arrieta-mucho-mas-que-el-compositor-de-marina&lang=es","rest_url":"http:\/\/coraldecamaradenavarra.com\/index.php?rest_route=\/tribe\/events\/v1\/events\/3071","title":"EMILIO ARRIETA: MUCHO M\u00c1S QUE EL COMPOSITOR DE MARINA","description":"<div class=\"page\" title=\"Page 1\">\n<div class=\"section\">\n<div class=\"layoutArea\">\n<div class=\"column\">\n<p>EMILIO ARRIETA: MUCHO M\u00c1S QUE EL COMPOSITOR DE MARINA<\/p>\n<p>Conferencia<\/p>\n<p>Ponente: <strong>Dr. V\u00edctor S\u00e1nchez S\u00e1nchez.\u00a0<\/strong>Profesor titular\u00a0de Historia de la Mu\u0301sica del Departamento de Musicologi\u0301a de la Universidad Complutense de Madrid.<\/p>\n<p>Mediateca del Conservatorio Superior de M\u00fasica de Navarra.<\/p>\n<p>Entrada: Alumnado del CSMN y Conservatorio Profesional Pablo Sarasate.<\/p>\n<p>Colabora: CSMN y Departamento de Museolog\u00eda de CSMN.<\/p>\n<\/div>\n<\/div>\n<\/div>\n<\/div>","excerpt":"","image":{"url":"http:\/\/coraldecamaradenavarra.com\/wp-content\/uploads\/2021\/09\/Conferencia_baja.png","id":3072,"extension":"png","width":642,"height":900,"sizes":{"medium":{"width":214,"height":300,"mime-type":"image\/png","url":"http:\/\/coraldecamaradenavarra.com\/wp-content\/uploads\/2021\/09\/Conferencia_baja-214x300.png"},"thumbnail":{"width":150,"height":150,"mime-type":"image\/png","url":"http:\/\/coraldecamaradenavarra.com\/wp-content\/uploads\/2021\/09\/Conferencia_baja-150x150.png"},"photoswipe_thumbnails":{"width":214,"height":300,"mime-type":"image\/png","url":"http:\/\/coraldecamaradenavarra.com\/wp-content\/uploads\/2021\/09\/Conferencia_baja-214x300.png"},"noo-thumbnail-square":{"width":600,"height":450,"mime-type":"image\/png","url":"http:\/\/coraldecamaradenavarra.com\/wp-content\/uploads\/2021\/09\/Conferencia_baja-600x450.png"},"noo-single-album":{"width":500,"height":700,"mime-type":"image\/png","url":"http:\/\/coraldecamaradenavarra.com\/wp-content\/uploads\/2021\/09\/Conferencia_baja-500x700.png"},"noo-loop-album":{"width":500,"height":700,"mime-type":"image\/png","url":"http:\/\/coraldecamaradenavarra.com\/wp-content\/uploads\/2021\/09\/Conferencia_baja-500x700.png"}}},"all_day":false,"start_date":"1970-01-01 00:00:00","start_date_details":{"year":"1970","month":"01","day":"01","hour":"00","minutes":"00","seconds":"00"},"end_date":"2021-09-22 12:30:00","end_date_details":{"year":"2021","month":"09","day":"22","hour":"12","minutes":"30","seconds":"00"},"utc_start_date":"1970-01-01 00:00:00","utc_start_date_details":{"year":"1970","month":"01","day":"01","hour":"00","minutes":"00","seconds":"00"},"utc_end_date":"2021-09-22 12:30:00","utc_end_date_details":{"year":"2021","month":"09","day":"22","hour":"12","minutes":"30","seconds":"00"},"timezone":"UTC+0","timezone_abbr":"","cost":"Gratuito","cost_details":{"currency_symbol":"","currency_position":"suffix","values":["0"]},"website":"","show_map":true,"show_map_link":true,"hide_from_listings":false,"sticky":false,"featured":false,"categories":[{"name":"CONCIERTOS","slug":"conciertos","taxonomy":"tribe_events_cat","description":"","parent":0,"count":81,"id":16,"url":"http:\/\/coraldecamaradenavarra.com\/?tribe_events_cat=conciertos"},{"name":"conciertos gratuitos","slug":"conciertos-gratuitos","taxonomy":"tribe_events_cat","description":"","parent":16,"count":32,"id":20,"url":"http:\/\/coraldecamaradenavarra.com\/?tribe_events_cat=conciertos-gratuitos"},{"name":"Temporada Encantando Denboraldia","slug":"temporada-encantando-denboraldia","taxonomy":"tribe_events_cat","description":"","parent":0,"count":32,"id":385,"url":"http:\/\/coraldecamaradenavarra.com\/?tribe_events_cat=temporada-encantando-denboraldia"}],"tags":[],"venue":{"id":3074,"author":"3","date":"2021-09-15 13:02:33","date_utc":"2021-09-15 13:02:33","modified":"2021-09-15 13:02:33","modified_utc":"2021-09-15 13:02:33","url":"http:\/\/coraldecamaradenavarra.com\/?tribe_venue=mediateca-csmn","venue":"Mediateca CSMN","show_map":true,"show_map_link":true,"address":"Paseo Antonio P\u00e9rez Goyena n\u00ba 1","city":"Pamplona - Iru\u00f1a","country":"Espa\u00f1a","province":"Navarra","zip":"31008","website":"https:\/\/csmn.educacion.navarra.es\/web1\/","stateprovince":"Navarra","global_id":"coraldecamaradenavarra.com?id=3074","global_id_lineage":["coraldecamaradenavarra.com?id=3074"]},"organizer":[{"id":946,"author":"1","date":"2015-09-16 08:59:37","date_utc":"2015-09-16 08:59:37","modified":"2018-10-29 19:16:04","modified_utc":"2018-10-29 19:16:04","url":"http:\/\/coraldecamaradenavarra.com\/?tribe_organizer=coral-de-camara-de-navarra","organizer":"Coral de C\u00e1mara de Navarra","global_id":"coraldecamaradenavarra.com?id=946","global_id_lineage":["coraldecamaradenavarra.com?id=946"]}]},{"id":143,"global_id":"coraldecamaradenavarra.com?id=143","global_id_lineage":["coraldecamaradenavarra.com?id=143"],"author":"1","date":"2015-05-28 08:22:47","date_utc":"2015-05-28 08:22:47","modified":"2016-03-22 09:32:47","modified_utc":"2016-03-22 09:32:47","url":"http:\/\/coraldecamaradenavarra.com\/?tribe_events=fiddlers-green-amphitheatre&lang=es","rest_url":"http:\/\/coraldecamaradenavarra.com\/index.php?rest_route=\/tribe\/events\/v1\/events\/143","title":"CHRISTMAS SWING","description":"<h2 class=\"p1\">Jazzy Leap &amp; Jazzy Leap Band<\/h2>\n<p class=\"p1\"><strong>Alberto Arteta:<\/strong> Saxof\u00f3n<br \/>\n<strong>Ulrich Calvo:<\/strong> Guitarra<br \/>\n<strong>Kike Arza:<\/strong> Contrabajo<br \/>\n<strong>Alfonso Miguel L\u00f3pez:<\/strong> Bater\u00eda<br \/>\n<strong>Andoni Arcilla:<\/strong> Piano, Voz y Direcci\u00f3n<\/p>\n<p class=\"p1\">Jazzy Leap presenta un concierto navide\u00f1o a ritmo swing. A modo de homenaje, se incluyen gui\u00f1os a versiones de Ella Fitzgerald, Diana Krall y Frank Sinatra, principalmente, concediendo el protagonismo a las\/os cantantes solistas. A su vez, el coro al completo, toma el relevo de manera intercalada durante el concierto con arreglos (muchos de ellos <i>a capella<\/i>) de grupos vocales como <i>The Singers Unlimited <\/i>o <i>New York Voices<\/i> y de arreglistas como Michele Weir, Steve Zegree o el propio Andoni Arcilla.<\/p>\n<p class=\"p1\">Citemos algunos ejemplos: <i>Jingle Bells y Let It Snow <\/i>se tocan y cantan a ritmo de swing;<span class=\"Apple-converted-space\">\u00a0 <\/span><i>I Heard the Bells <\/i>y <i>Silent Night <\/i>se sit\u00faan dentro del jazz moderno; y <i>White Christmas <\/i>y We Wish You a Merry Christmas se realizan a capella.<\/p>\n<p class=\"p1\">En resumen, este concierto supone una mezcla amable, dirigida tanto al gran p\u00fablico como al m\u00e1s especializado, entre villancicos populares norteamericanos y jazz.<\/p>","excerpt":"","image":{"url":"http:\/\/coraldecamaradenavarra.com\/wp-content\/uploads\/2015\/05\/1.-Jazzy-Leap_Hall-Baluarte_.jpg","id":1541,"extension":"jpg","width":4000,"height":3000,"sizes":{"thumbnail":{"width":150,"height":150,"mime-type":"image\/jpeg","url":"http:\/\/coraldecamaradenavarra.com\/wp-content\/uploads\/2015\/05\/1.-Jazzy-Leap_Hall-Baluarte_-150x150.jpg"},"medium":{"width":300,"height":225,"mime-type":"image\/jpeg","url":"http:\/\/coraldecamaradenavarra.com\/wp-content\/uploads\/2015\/05\/1.-Jazzy-Leap_Hall-Baluarte_-300x225.jpg"},"large":{"width":1024,"height":768,"mime-type":"image\/jpeg","url":"http:\/\/coraldecamaradenavarra.com\/wp-content\/uploads\/2015\/05\/1.-Jazzy-Leap_Hall-Baluarte_-1024x768.jpg"},"noo-thumbnail-square":{"width":600,"height":450,"mime-type":"image\/jpeg","url":"http:\/\/coraldecamaradenavarra.com\/wp-content\/uploads\/2015\/05\/1.-Jazzy-Leap_Hall-Baluarte_-600x450.jpg"},"noo-single-album":{"width":500,"height":700,"mime-type":"image\/jpeg","url":"http:\/\/coraldecamaradenavarra.com\/wp-content\/uploads\/2015\/05\/1.-Jazzy-Leap_Hall-Baluarte_-500x700.jpg"},"noo-loop-album":{"width":500,"height":700,"mime-type":"image\/jpeg","url":"http:\/\/coraldecamaradenavarra.com\/wp-content\/uploads\/2015\/05\/1.-Jazzy-Leap_Hall-Baluarte_-500x700.jpg"}}},"all_day":false,"start_date":"2016-03-31 20:00:00","start_date_details":{"year":"2016","month":"03","day":"31","hour":"20","minutes":"00","seconds":"00"},"end_date":"2016-08-30 21:30:00","end_date_details":{"year":"2016","month":"08","day":"30","hour":"21","minutes":"30","seconds":"00"},"utc_start_date":"2016-03-31 20:00:00","utc_start_date_details":{"year":"2016","month":"03","day":"31","hour":"20","minutes":"00","seconds":"00"},"utc_end_date":"2016-08-30 21:30:00","utc_end_date_details":{"year":"2016","month":"08","day":"30","hour":"21","minutes":"30","seconds":"00"},"timezone":"UTC+0","timezone_abbr":"","cost":"","cost_details":{"currency_symbol":"\u20ac","currency_position":"suffix","values":[]},"website":"","show_map":true,"show_map_link":true,"hide_from_listings":false,"sticky":true,"featured":false,"categories":[{"name":"CONCIERTOS","slug":"conciertos","taxonomy":"tribe_events_cat","description":"","parent":0,"count":81,"id":16,"url":"http:\/\/coraldecamaradenavarra.com\/?tribe_events_cat=conciertos"}],"tags":[],"venue":{"id":1539,"author":"1","date":"2015-09-23 10:55:29","date_utc":"2015-09-23 10:55:29","modified":"2018-03-12 16:33:43","modified_utc":"2018-03-12 16:33:43","url":"http:\/\/coraldecamaradenavarra.com\/?tribe_venue=sala-de-camara-de-baluarte","venue":"Sala de la Muralla de Auditorio Baluarte","show_map":true,"show_map_link":true,"city":"Pamplona","zip":"31001","global_id":"coraldecamaradenavarra.com?id=1539","global_id_lineage":["coraldecamaradenavarra.com?id=1539"]},"organizer":[{"id":946,"author":"1","date":"2015-09-16 08:59:37","date_utc":"2015-09-16 08:59:37","modified":"2018-10-29 19:16:04","modified_utc":"2018-10-29 19:16:04","url":"http:\/\/coraldecamaradenavarra.com\/?tribe_organizer=coral-de-camara-de-navarra","organizer":"Coral de C\u00e1mara de Navarra","global_id":"coraldecamaradenavarra.com?id=946","global_id_lineage":["coraldecamaradenavarra.com?id=946"]}]},{"id":1542,"global_id":"coraldecamaradenavarra.com?id=1542","global_id_lineage":["coraldecamaradenavarra.com?id=1542"],"author":"1","date":"2015-09-23 11:11:47","date_utc":"2015-09-23 11:11:47","modified":"2016-03-22 09:33:11","modified_utc":"2016-03-22 09:33:11","url":"http:\/\/coraldecamaradenavarra.com\/?tribe_events=fiesta-de-la-musica-antigua&lang=es","rest_url":"http:\/\/coraldecamaradenavarra.com\/index.php?rest_route=\/tribe\/events\/v1\/events\/1542","title":"FIESTA DE LA M\u00daSICA ANTIGUA","description":"<h3><\/h3>\n<p>CAPILLA RENACENTISTA \u00abMICHAEL NAVARRUS\u00bb<\/p>\n<p><strong>Direcci\u00f3n:<\/strong> David Guindano Igarreta<\/p>\n<p>Sala de la Muralla de Auditorio Baluarte &#8211; Desde las 11:00 horas<\/p>\n<p>Precio: Acceso de 11 a 18:30 horas gratuito. <b>A las 19:00 horas Concierto a 10 euros.<\/b><\/p>","excerpt":"","image":{"url":"http:\/\/coraldecamaradenavarra.com\/wp-content\/uploads\/2015\/09\/9.-Fiesta-M\u00fasica-Antigua.jpg","id":1543,"extension":"jpg","width":638,"height":566,"sizes":{"thumbnail":{"width":150,"height":150,"mime-type":"image\/jpeg","url":"http:\/\/coraldecamaradenavarra.com\/wp-content\/uploads\/2015\/09\/9.-Fiesta-M\u00fasica-Antigua-150x150.jpg"},"medium":{"width":300,"height":266,"mime-type":"image\/jpeg","url":"http:\/\/coraldecamaradenavarra.com\/wp-content\/uploads\/2015\/09\/9.-Fiesta-M\u00fasica-Antigua-300x266.jpg"},"noo-thumbnail-square":{"width":600,"height":450,"mime-type":"image\/jpeg","url":"http:\/\/coraldecamaradenavarra.com\/wp-content\/uploads\/2015\/09\/9.-Fiesta-M\u00fasica-Antigua-600x450.jpg"},"noo-single-album":{"width":500,"height":566,"mime-type":"image\/jpeg","url":"http:\/\/coraldecamaradenavarra.com\/wp-content\/uploads\/2015\/09\/9.-Fiesta-M\u00fasica-Antigua-500x566.jpg"},"noo-loop-album":{"width":500,"height":566,"mime-type":"image\/jpeg","url":"http:\/\/coraldecamaradenavarra.com\/wp-content\/uploads\/2015\/09\/9.-Fiesta-M\u00fasica-Antigua-500x566.jpg"}}},"all_day":false,"start_date":"2016-04-07 11:00:00","start_date_details":{"year":"2016","month":"04","day":"07","hour":"11","minutes":"00","seconds":"00"},"end_date":"2016-04-07 21:30:00","end_date_details":{"year":"2016","month":"04","day":"07","hour":"21","minutes":"30","seconds":"00"},"utc_start_date":"2016-04-07 11:00:00","utc_start_date_details":{"year":"2016","month":"04","day":"07","hour":"11","minutes":"00","seconds":"00"},"utc_end_date":"2016-04-07 21:30:00","utc_end_date_details":{"year":"2016","month":"04","day":"07","hour":"21","minutes":"30","seconds":"00"},"timezone":"UTC+0","timezone_abbr":"","cost":"","cost_details":{"currency_symbol":"","currency_position":"suffix","values":[]},"website":"","show_map":true,"show_map_link":true,"hide_from_listings":false,"sticky":false,"featured":false,"categories":[{"name":"CONCIERTOS","slug":"conciertos","taxonomy":"tribe_events_cat","description":"","parent":0,"count":81,"id":16,"url":"http:\/\/coraldecamaradenavarra.com\/?tribe_events_cat=conciertos"}],"tags":[],"venue":{"id":1545,"author":"1","date":"2015-09-23 11:12:41","date_utc":"2015-09-23 11:12:41","modified":"2015-09-23 11:12:41","modified_utc":"2015-09-23 11:12:41","url":"http:\/\/coraldecamaradenavarra.com\/?tribe_venue=sala-de-la-muralla-baluarte","venue":"Sala de la Muralla, Baluarte","show_map":true,"show_map_link":true,"city":"Pamplona","country":"Espa\u00f1a","global_id":"coraldecamaradenavarra.com?id=1545","global_id_lineage":["coraldecamaradenavarra.com?id=1545"]},"organizer":[]},{"id":2056,"global_id":"coraldecamaradenavarra.com?id=2056","global_id_lineage":["coraldecamaradenavarra.com?id=2056"],"author":"1","date":"2017-07-07 05:06:33","date_utc":"2017-07-07 05:06:33","modified":"2017-07-07 05:06:33","modified_utc":"2017-07-07 05:06:33","url":"http:\/\/coraldecamaradenavarra.com\/?tribe_events=concierto-san-fermin&lang=es","rest_url":"http:\/\/coraldecamaradenavarra.com\/index.php?rest_route=\/tribe\/events\/v1\/events\/2056","title":"CONCIERTO SAN FERMIN","description":"<p>Estaremos cantando por las callees de la ciudad<\/p>","excerpt":"","image":{"url":"http:\/\/coraldecamaradenavarra.com\/wp-content\/uploads\/2014\/02\/donostia.jpg","id":1368,"extension":"jpg","width":230,"height":288,"sizes":{"thumbnail":{"width":150,"height":150,"mime-type":"image\/jpeg","url":"http:\/\/coraldecamaradenavarra.com\/wp-content\/uploads\/2014\/02\/donostia-150x150.jpg"}}},"all_day":false,"start_date":"2017-07-07 08:00:00","start_date_details":{"year":"2017","month":"07","day":"07","hour":"08","minutes":"00","seconds":"00"},"end_date":"2017-07-07 17:00:00","end_date_details":{"year":"2017","month":"07","day":"07","hour":"17","minutes":"00","seconds":"00"},"utc_start_date":"2017-07-07 08:00:00","utc_start_date_details":{"year":"2017","month":"07","day":"07","hour":"08","minutes":"00","seconds":"00"},"utc_end_date":"2017-07-07 17:00:00","utc_end_date_details":{"year":"2017","month":"07","day":"07","hour":"17","minutes":"00","seconds":"00"},"timezone":"UTC+0","timezone_abbr":"","cost":"","cost_details":{"currency_symbol":"","currency_position":"suffix","values":[]},"website":"","show_map":true,"show_map_link":true,"hide_from_listings":false,"sticky":false,"featured":false,"categories":[{"name":"2017","slug":"2017","taxonomy":"tribe_events_cat","description":"","parent":0,"count":1,"id":338,"url":"http:\/\/coraldecamaradenavarra.com\/?tribe_events_cat=2017"},{"name":"conciertos gratuitos","slug":"conciertos-gratuitos","taxonomy":"tribe_events_cat","description":"","parent":16,"count":32,"id":20,"url":"http:\/\/coraldecamaradenavarra.com\/?tribe_events_cat=conciertos-gratuitos"}],"tags":[],"venue":{"id":26,"author":"1","date":"2015-05-28 03:30:16","date_utc":"2015-05-28 03:30:16","modified":"2015-09-16 10:37:36","modified_utc":"2015-09-16 10:37:36","url":"http:\/\/coraldecamaradenavarra.com\/?tribe_venue=gramercy-park-hotel","venue":"Palacio Condestable","show_map":true,"show_map_link":true,"global_id":"coraldecamaradenavarra.com?id=26","global_id_lineage":["coraldecamaradenavarra.com?id=26"]},"organizer":[]},{"id":2242,"global_id":"coraldecamaradenavarra.com?id=2242","global_id_lineage":["coraldecamaradenavarra.com?id=2242"],"author":"3","date":"2018-10-22 16:50:32","date_utc":"2018-10-22 16:50:32","modified":"2018-10-22 16:56:04","modified_utc":"2018-10-22 16:56:04","url":"http:\/\/coraldecamaradenavarra.com\/?tribe_events=bendigo-tu-presencia&lang=es","rest_url":"http:\/\/coraldecamaradenavarra.com\/index.php?rest_route=\/tribe\/events\/v1\/events\/2242","title":"BENDIGO TU PRESENCIA","description":"<p class=\"western\" style=\"text-align: left;\" align=\"center\"><span style=\"font-family: Times New roman, serif;\"><span style=\"font-size: medium;\"><u><b>Viernes 5 de octubre de 2018<\/b><\/u><\/span><\/span><\/p>\n<p class=\"western\" style=\"text-align: left;\" align=\"center\"><span style=\"font-family: Times New roman, serif;\"><span style=\"font-size: medium;\"><b>20:00 horas Concierto. <\/b><\/span><\/span><span style=\"font-family: Times New roman, serif;\"><span style=\"font-size: medium;\">\u201cBendigo tu presencia\u201d<\/span><\/span><\/p>\n<p class=\"western\" style=\"text-align: left;\" align=\"center\">Monogr\u00e1fico de obras del \u00abPadre Goicoechea\u00bb<\/p>\n<p class=\"western\" style=\"text-align: left;\" align=\"center\"><span style=\"font-family: Times New roman, serif;\"><span style=\"font-size: medium;\">Bas\u00edlica de Santa Mar\u00eda del Coro de San Sebasti\u00e1n &#8211; Donostia<\/span><\/span><\/p>\n<p class=\"western\" style=\"text-align: left;\" align=\"center\"><span style=\"font-family: Times New roman, serif;\"><span style=\"font-size: medium;\">Formaci\u00f3n Cl\u00e1sica de la Coral de C\u00e1mara de Navarra<\/span><\/span><\/p>\n<p class=\"western\" style=\"text-align: left;\" align=\"center\"><span style=\"font-family: Times New roman, serif;\"><span style=\"font-size: medium;\">Ra\u00fal del Toro, \u00f3rgano<\/span><\/span><\/p>\n<p class=\"western\" style=\"text-align: left;\" align=\"center\"><span style=\"font-family: Times New roman, serif;\"><span style=\"font-size: medium;\">Direcci\u00f3n: David Guindano Igarreta<\/span><\/span><\/p>\n<p class=\"western\" style=\"text-align: left;\" align=\"center\">Encantando On Tour 2018\/2019<\/p>","excerpt":"","image":{"url":"http:\/\/coraldecamaradenavarra.com\/wp-content\/uploads\/2018\/10\/btp.png","id":2243,"extension":"png","width":452,"height":630,"sizes":{"thumbnail":{"width":150,"height":150,"mime-type":"image\/png","url":"http:\/\/coraldecamaradenavarra.com\/wp-content\/uploads\/2018\/10\/btp-150x150.png"},"medium":{"width":215,"height":300,"mime-type":"image\/png","url":"http:\/\/coraldecamaradenavarra.com\/wp-content\/uploads\/2018\/10\/btp-215x300.png"},"photoswipe_thumbnails":{"width":215,"height":300,"mime-type":"image\/png","url":"http:\/\/coraldecamaradenavarra.com\/wp-content\/uploads\/2018\/10\/btp-215x300.png"},"noo-thumbnail-square":{"width":452,"height":450,"mime-type":"image\/png","url":"http:\/\/coraldecamaradenavarra.com\/wp-content\/uploads\/2018\/10\/btp-452x450.png"}}},"all_day":false,"start_date":"2018-10-05 20:00:00","start_date_details":{"year":"2018","month":"10","day":"05","hour":"20","minutes":"00","seconds":"00"},"end_date":"2018-10-05 21:00:00","end_date_details":{"year":"2018","month":"10","day":"05","hour":"21","minutes":"00","seconds":"00"},"utc_start_date":"2018-10-05 20:00:00","utc_start_date_details":{"year":"2018","month":"10","day":"05","hour":"20","minutes":"00","seconds":"00"},"utc_end_date":"2018-10-05 21:00:00","utc_end_date_details":{"year":"2018","month":"10","day":"05","hour":"21","minutes":"00","seconds":"00"},"timezone":"UTC+0","timezone_abbr":"","cost":"Gratuito","cost_details":{"currency_symbol":"","currency_position":"suffix","values":["0"]},"website":"","show_map":true,"show_map_link":true,"hide_from_listings":false,"sticky":false,"featured":false,"categories":[{"name":"CONCIERTOS","slug":"conciertos","taxonomy":"tribe_events_cat","description":"","parent":0,"count":81,"id":16,"url":"http:\/\/coraldecamaradenavarra.com\/?tribe_events_cat=conciertos"},{"name":"conciertos gratuitos","slug":"conciertos-gratuitos","taxonomy":"tribe_events_cat","description":"","parent":16,"count":32,"id":20,"url":"http:\/\/coraldecamaradenavarra.com\/?tribe_events_cat=conciertos-gratuitos"},{"name":"Encantando On Tour 18\/19","slug":"encantando-on-tour-1819","taxonomy":"tribe_events_cat","description":"","parent":0,"count":12,"id":341,"url":"http:\/\/coraldecamaradenavarra.com\/?tribe_events_cat=encantando-on-tour-1819"}],"tags":[],"venue":{"id":2245,"author":"3","date":"2018-10-22 16:50:33","date_utc":"2018-10-22 16:50:33","modified":"2018-10-22 16:50:33","modified_utc":"2018-10-22 16:50:33","url":"http:\/\/coraldecamaradenavarra.com\/?tribe_venue=basilica-santa-maria-del-coro","venue":"Bas\u00edlica Santa Mar\u00eda del Coro","show_map":true,"show_map_link":true,"address":"31 de agosto, 43","city":"San Sebasti\u00e1n \/ Donostia","country":"Spain","province":"Guipuzcoa","zip":"20003","stateprovince":"Guipuzcoa","global_id":"coraldecamaradenavarra.com?id=2245","global_id_lineage":["coraldecamaradenavarra.com?id=2245"]},"organizer":[]},{"id":2246,"global_id":"coraldecamaradenavarra.com?id=2246","global_id_lineage":["coraldecamaradenavarra.com?id=2246"],"author":"3","date":"2018-10-22 16:54:52","date_utc":"2018-10-22 16:54:52","modified":"2018-10-22 16:56:40","modified_utc":"2018-10-22 16:56:40","url":"http:\/\/coraldecamaradenavarra.com\/?tribe_events=bendigo-tu-presencia-2&lang=es","rest_url":"http:\/\/coraldecamaradenavarra.com\/index.php?rest_route=\/tribe\/events\/v1\/events\/2246","title":"BENDIGO TU PRESENCIA","description":"<p class=\"western\" style=\"text-align: left;\" align=\"center\"><span style=\"font-family: Times New roman, serif;\"><span style=\"font-size: medium;\"><u><b>S\u00e1bado 6 de octubre de 2018<\/b><\/u><\/span><\/span><\/p>\n<p class=\"western\" style=\"text-align: left;\" align=\"center\"><span style=\"font-family: Times New roman, serif;\"><span style=\"font-size: medium;\"><b>12:00 horas Concierto. <\/b><\/span><\/span><span style=\"font-family: Times New roman, serif;\"><span style=\"font-size: medium;\">\u201cBendigo tu presencia\u201d<\/span><\/span><\/p>\n<p class=\"western\" style=\"text-align: left;\" align=\"center\">Monogr\u00e1fico de obras del \u00abPadre Goicoechea\u00bb<\/p>\n<p class=\"western\" style=\"text-align: left;\" align=\"center\"><span style=\"font-family: Times New roman, serif;\"><span style=\"font-size: medium;\">Parroquia de San Esteban de Bera<br \/>\n<\/span><\/span><\/p>\n<p class=\"western\" style=\"text-align: left;\" align=\"center\"><span style=\"font-family: Times New roman, serif;\"><span style=\"font-size: medium;\">Formaci\u00f3n Cl\u00e1sica de la Coral de C\u00e1mara de Navarra<\/span><\/span><\/p>\n<p class=\"western\" style=\"text-align: left;\" align=\"center\"><span style=\"font-family: Times New roman, serif;\"><span style=\"font-size: medium;\">Ra\u00fal del Toro, \u00f3rgano<\/span><\/span><\/p>\n<p class=\"western\" style=\"text-align: left;\" align=\"center\"><span style=\"font-family: Times New roman, serif;\"><span style=\"font-size: medium;\">Direcci\u00f3n: David Guindano Igarreta<\/span><\/span><\/p>\n<p class=\"western\" style=\"text-align: left;\" align=\"center\">Encantando On Tour 2018\/2019<\/p>","excerpt":"","image":{"url":"http:\/\/coraldecamaradenavarra.com\/wp-content\/uploads\/2018\/10\/btp.png","id":2243,"extension":"png","width":452,"height":630,"sizes":{"thumbnail":{"width":150,"height":150,"mime-type":"image\/png","url":"http:\/\/coraldecamaradenavarra.com\/wp-content\/uploads\/2018\/10\/btp-150x150.png"},"medium":{"width":215,"height":300,"mime-type":"image\/png","url":"http:\/\/coraldecamaradenavarra.com\/wp-content\/uploads\/2018\/10\/btp-215x300.png"},"photoswipe_thumbnails":{"width":215,"height":300,"mime-type":"image\/png","url":"http:\/\/coraldecamaradenavarra.com\/wp-content\/uploads\/2018\/10\/btp-215x300.png"},"noo-thumbnail-square":{"width":452,"height":450,"mime-type":"image\/png","url":"http:\/\/coraldecamaradenavarra.com\/wp-content\/uploads\/2018\/10\/btp-452x450.png"}}},"all_day":false,"start_date":"2018-10-06 12:00:00","start_date_details":{"year":"2018","month":"10","day":"06","hour":"12","minutes":"00","seconds":"00"},"end_date":"2018-10-06 13:00:00","end_date_details":{"year":"2018","month":"10","day":"06","hour":"13","minutes":"00","seconds":"00"},"utc_start_date":"2018-10-06 12:00:00","utc_start_date_details":{"year":"2018","month":"10","day":"06","hour":"12","minutes":"00","seconds":"00"},"utc_end_date":"2018-10-06 13:00:00","utc_end_date_details":{"year":"2018","month":"10","day":"06","hour":"13","minutes":"00","seconds":"00"},"timezone":"UTC+0","timezone_abbr":"","cost":"Gratuito","cost_details":{"currency_symbol":"","currency_position":"suffix","values":["0"]},"website":"","show_map":true,"show_map_link":true,"hide_from_listings":false,"sticky":false,"featured":false,"categories":[{"name":"CONCIERTOS","slug":"conciertos","taxonomy":"tribe_events_cat","description":"","parent":0,"count":81,"id":16,"url":"http:\/\/coraldecamaradenavarra.com\/?tribe_events_cat=conciertos"},{"name":"conciertos gratuitos","slug":"conciertos-gratuitos","taxonomy":"tribe_events_cat","description":"","parent":16,"count":32,"id":20,"url":"http:\/\/coraldecamaradenavarra.com\/?tribe_events_cat=conciertos-gratuitos"},{"name":"Encantando On Tour 18\/19","slug":"encantando-on-tour-1819","taxonomy":"tribe_events_cat","description":"","parent":0,"count":12,"id":341,"url":"http:\/\/coraldecamaradenavarra.com\/?tribe_events_cat=encantando-on-tour-1819"}],"tags":[],"venue":{"id":2248,"author":"3","date":"2018-10-22 16:54:52","date_utc":"2018-10-22 16:54:52","modified":"2018-10-22 16:54:52","modified_utc":"2018-10-22 16:54:52","url":"http:\/\/coraldecamaradenavarra.com\/?tribe_venue=parroquia-de-san-esteban","venue":"Parroquia de San Esteban","show_map":true,"show_map_link":true,"city":"Bera","country":"Spain","province":"Navarra","stateprovince":"Navarra","global_id":"coraldecamaradenavarra.com?id=2248","global_id_lineage":["coraldecamaradenavarra.com?id=2248"]},"organizer":[]},{"id":2249,"global_id":"coraldecamaradenavarra.com?id=2249","global_id_lineage":["coraldecamaradenavarra.com?id=2249"],"author":"3","date":"2018-10-22 17:04:37","date_utc":"2018-10-22 17:04:37","modified":"2018-10-25 18:13:50","modified_utc":"2018-10-25 18:13:50","url":"http:\/\/coraldecamaradenavarra.com\/?tribe_events=bendigo-tu-presencia-3&lang=es","rest_url":"http:\/\/coraldecamaradenavarra.com\/index.php?rest_route=\/tribe\/events\/v1\/events\/2249","title":"BENDIGO TU PRESENCIA","description":"<p class=\"western\" style=\"text-align: left;\" align=\"center\"><span style=\"font-family: Times New roman, serif;\"><span style=\"font-size: medium;\"><u><b>S\u00e1bado 6 de octubre de 2018<\/b><\/u><\/span><\/span><\/p>\n<p class=\"western\" style=\"text-align: left;\" align=\"center\"><span style=\"font-family: Times New roman, serif;\"><span style=\"font-size: medium;\"><b>19:30 horas Concierto. <\/b><\/span><\/span><span style=\"font-family: Times New roman, serif;\"><span style=\"font-size: medium;\">\u201cBendigo tu presencia\u201d<\/span><\/span><\/p>\n<p class=\"western\" style=\"text-align: left;\" align=\"center\">Monogr\u00e1fico de obras del \u00abPadre Goicoechea\u00bb<\/p>\n<p class=\"western\" style=\"text-align: left;\" align=\"center\"><span style=\"font-family: Times New roman, serif;\"><span style=\"font-size: medium;\">Parroquia de San Ignacio de Pamplona-Iru\u00f1a<br \/>\n<\/span><\/span><\/p>\n<p class=\"western\" style=\"text-align: left;\" align=\"center\"><span style=\"font-family: Times New roman, serif;\"><span style=\"font-size: medium;\">Formaci\u00f3n Cl\u00e1sica de la Coral de C\u00e1mara de Navarra<\/span><\/span><\/p>\n<p class=\"western\" style=\"text-align: left;\" align=\"center\"><span style=\"font-family: Times New roman, serif;\"><span style=\"font-size: medium;\">Ra\u00fal del Toro, \u00f3rgano<\/span><\/span><\/p>\n<p class=\"western\" style=\"text-align: left;\" align=\"center\"><span style=\"font-family: Times New roman, serif;\"><span style=\"font-size: medium;\">Direcci\u00f3n: David Guindano Igarreta<\/span><\/span><\/p>\n<p class=\"western\" style=\"text-align: left;\" align=\"center\">Encantando On Tour 2018\/2019<\/p>","excerpt":"","image":{"url":"http:\/\/coraldecamaradenavarra.com\/wp-content\/uploads\/2018\/10\/btp.png","id":2243,"extension":"png","width":452,"height":630,"sizes":{"thumbnail":{"width":150,"height":150,"mime-type":"image\/png","url":"http:\/\/coraldecamaradenavarra.com\/wp-content\/uploads\/2018\/10\/btp-150x150.png"},"medium":{"width":215,"height":300,"mime-type":"image\/png","url":"http:\/\/coraldecamaradenavarra.com\/wp-content\/uploads\/2018\/10\/btp-215x300.png"},"photoswipe_thumbnails":{"width":215,"height":300,"mime-type":"image\/png","url":"http:\/\/coraldecamaradenavarra.com\/wp-content\/uploads\/2018\/10\/btp-215x300.png"},"noo-thumbnail-square":{"width":452,"height":450,"mime-type":"image\/png","url":"http:\/\/coraldecamaradenavarra.com\/wp-content\/uploads\/2018\/10\/btp-452x450.png"}}},"all_day":false,"start_date":"2018-10-06 19:30:00","start_date_details":{"year":"2018","month":"10","day":"06","hour":"19","minutes":"30","seconds":"00"},"end_date":"2018-10-06 20:45:00","end_date_details":{"year":"2018","month":"10","day":"06","hour":"20","minutes":"45","seconds":"00"},"utc_start_date":"2018-10-06 19:30:00","utc_start_date_details":{"year":"2018","month":"10","day":"06","hour":"19","minutes":"30","seconds":"00"},"utc_end_date":"2018-10-06 20:45:00","utc_end_date_details":{"year":"2018","month":"10","day":"06","hour":"20","minutes":"45","seconds":"00"},"timezone":"UTC+0","timezone_abbr":"","cost":"","cost_details":{"currency_symbol":"","currency_position":"suffix","values":[]},"website":"","show_map":true,"show_map_link":true,"hide_from_listings":false,"sticky":false,"featured":false,"categories":[{"name":"CONCIERTOS","slug":"conciertos","taxonomy":"tribe_events_cat","description":"","parent":0,"count":81,"id":16,"url":"http:\/\/coraldecamaradenavarra.com\/?tribe_events_cat=conciertos"},{"name":"conciertos gratuitos","slug":"conciertos-gratuitos","taxonomy":"tribe_events_cat","description":"","parent":16,"count":32,"id":20,"url":"http:\/\/coraldecamaradenavarra.com\/?tribe_events_cat=conciertos-gratuitos"},{"name":"Encantando On Tour 18\/19","slug":"encantando-on-tour-1819","taxonomy":"tribe_events_cat","description":"","parent":0,"count":12,"id":341,"url":"http:\/\/coraldecamaradenavarra.com\/?tribe_events_cat=encantando-on-tour-1819"}],"tags":[],"venue":{"id":2251,"author":"3","date":"2018-10-22 17:04:37","date_utc":"2018-10-22 17:04:37","modified":"2018-10-22 17:04:37","modified_utc":"2018-10-22 17:04:37","url":"http:\/\/coraldecamaradenavarra.com\/?tribe_venue=parroquia-de-san-ignacio","venue":"Parroquia de San Ignacio","show_map":true,"show_map_link":true,"city":"Pamplona - Iru\u00f1a","country":"Spain","zip":"31001","global_id":"coraldecamaradenavarra.com?id=2251","global_id_lineage":["coraldecamaradenavarra.com?id=2251"]},"organizer":[]},{"id":2252,"global_id":"coraldecamaradenavarra.com?id=2252","global_id_lineage":["coraldecamaradenavarra.com?id=2252"],"author":"3","date":"2018-10-22 17:09:30","date_utc":"2018-10-22 17:09:30","modified":"2018-10-22 17:09:30","modified_utc":"2018-10-22 17:09:30","url":"http:\/\/coraldecamaradenavarra.com\/?tribe_events=jazzy-leap-sings-duke-ellington&lang=es","rest_url":"http:\/\/coraldecamaradenavarra.com\/index.php?rest_route=\/tribe\/events\/v1\/events\/2252","title":"JAZZY LEAP SINGS DUKE ELLINGTON","description":"<p class=\"western\" style=\"text-align: left;\" align=\"center\"><span style=\"font-family: Times New roman, serif;\"><span style=\"font-size: large;\"><b>JAZZY LEAP SINGS DUKE ELLINGTON<\/b><\/span><\/span><\/p>\n<p class=\"western\" style=\"text-align: left;\" align=\"center\"><span style=\"font-family: Times New roman, serif;\"><span style=\"font-size: large;\"><b>Jazzy Leap &amp; Jazzy Leap Band<\/b><\/span><\/span><\/p>\n<p class=\"western\" style=\"text-align: left;\" align=\"center\"><span style=\"font-family: Times New roman, serif;\"><span style=\"font-size: large;\">S\u00e1bado 13 de octubre \u2013 20:00 h<\/span><\/span><\/p>\n<p class=\"western\" style=\"text-align: left;\" align=\"center\"><span style=\"font-family: Times New roman, serif;\"><span style=\"font-size: large;\">Auditorio Casa de Cultura &#8211; Peralta<\/span><\/span><\/p>\n<p class=\"western\" style=\"text-align: left;\" align=\"center\"><span style=\"font-family: Times New roman, serif;\"><span style=\"font-size: large;\">Entrada: 5 euros<\/span><\/span><\/p>\n<p class=\"western\" style=\"text-align: left;\" align=\"center\">Encantando On Tour 18\/19<\/p>\n<p class=\"western\" style=\"text-align: left;\" align=\"center\"><span style=\"font-family: Times New roman, serif;\"><span style=\"font-size: medium;\">A la venta desde 30 minutos antes del concierto<\/span><\/span><\/p>","excerpt":"","image":{"url":"http:\/\/coraldecamaradenavarra.com\/wp-content\/uploads\/2018\/10\/jlsde.png","id":2253,"extension":"png","width":452,"height":626,"sizes":{"thumbnail":{"width":150,"height":150,"mime-type":"image\/png","url":"http:\/\/coraldecamaradenavarra.com\/wp-content\/uploads\/2018\/10\/jlsde-150x150.png"},"medium":{"width":217,"height":300,"mime-type":"image\/png","url":"http:\/\/coraldecamaradenavarra.com\/wp-content\/uploads\/2018\/10\/jlsde-217x300.png"},"photoswipe_thumbnails":{"width":217,"height":300,"mime-type":"image\/png","url":"http:\/\/coraldecamaradenavarra.com\/wp-content\/uploads\/2018\/10\/jlsde-217x300.png"},"noo-thumbnail-square":{"width":452,"height":450,"mime-type":"image\/png","url":"http:\/\/coraldecamaradenavarra.com\/wp-content\/uploads\/2018\/10\/jlsde-452x450.png"}}},"all_day":false,"start_date":"2018-10-13 20:00:00","start_date_details":{"year":"2018","month":"10","day":"13","hour":"20","minutes":"00","seconds":"00"},"end_date":"2018-10-13 21:00:00","end_date_details":{"year":"2018","month":"10","day":"13","hour":"21","minutes":"00","seconds":"00"},"utc_start_date":"2018-10-13 20:00:00","utc_start_date_details":{"year":"2018","month":"10","day":"13","hour":"20","minutes":"00","seconds":"00"},"utc_end_date":"2018-10-13 21:00:00","utc_end_date_details":{"year":"2018","month":"10","day":"13","hour":"21","minutes":"00","seconds":"00"},"timezone":"UTC+0","timezone_abbr":"","cost":"5\u20ac","cost_details":{"currency_symbol":"","currency_position":"suffix","values":["5"]},"website":"","show_map":true,"show_map_link":true,"hide_from_listings":false,"sticky":false,"featured":false,"categories":[{"name":"CONCIERTOS","slug":"conciertos","taxonomy":"tribe_events_cat","description":"","parent":0,"count":81,"id":16,"url":"http:\/\/coraldecamaradenavarra.com\/?tribe_events_cat=conciertos"},{"name":"Encantando On Tour 18\/19","slug":"encantando-on-tour-1819","taxonomy":"tribe_events_cat","description":"","parent":0,"count":12,"id":341,"url":"http:\/\/coraldecamaradenavarra.com\/?tribe_events_cat=encantando-on-tour-1819"}],"tags":[],"venue":{"id":2255,"author":"3","date":"2018-10-22 17:09:30","date_utc":"2018-10-22 17:09:30","modified":"2018-10-22 17:09:30","modified_utc":"2018-10-22 17:09:30","url":"http:\/\/coraldecamaradenavarra.com\/?tribe_venue=auditorio-casa-de-cultura-peralta","venue":"Auditorio Casa de Cultura Peralta","show_map":true,"show_map_link":true,"address":"Pablo Sarasate, 4","city":"Peralta - Azkoien","country":"Spain","province":"Navarra","zip":"31350","stateprovince":"Navarra","global_id":"coraldecamaradenavarra.com?id=2255","global_id_lineage":["coraldecamaradenavarra.com?id=2255"]},"organizer":[]},{"id":2256,"global_id":"coraldecamaradenavarra.com?id=2256","global_id_lineage":["coraldecamaradenavarra.com?id=2256"],"author":"3","date":"2018-10-22 17:14:32","date_utc":"2018-10-22 17:14:32","modified":"2018-10-22 17:15:28","modified_utc":"2018-10-22 17:15:28","url":"http:\/\/coraldecamaradenavarra.com\/?tribe_events=jazzy-leap-sings-duke-ellington-2&lang=es","rest_url":"http:\/\/coraldecamaradenavarra.com\/index.php?rest_route=\/tribe\/events\/v1\/events\/2256","title":"JAZZY LEAP SINGS DUKE ELLINGTON","description":"<p class=\"western\" style=\"text-align: left;\" align=\"center\"><span style=\"font-family: Times New roman, serif;\"><span style=\"font-size: large;\"><b>JAZZY LEAP SINGS DUKE ELLINGTON<\/b><\/span><\/span><\/p>\n<p class=\"western\" style=\"text-align: left;\" align=\"center\"><span style=\"font-family: Times New roman, serif;\"><span style=\"font-size: large;\"><b>Jazzy Leap &amp; Jazzy Leap Band<\/b><\/span><\/span><\/p>\n<p class=\"western\" style=\"text-align: left;\" align=\"center\"><span style=\"font-family: Times New roman, serif;\"><span style=\"font-size: large;\">Domingo 14 de octubre \u2013 19:00 h<\/span><\/span><\/p>\n<p class=\"western\" style=\"text-align: left;\" align=\"center\"><span style=\"font-family: Times New roman, serif;\"><span style=\"font-size: large;\">Sala de C\u00e1mara de Auditorio Baluarte <\/span><\/span><\/p>\n<p class=\"western\" style=\"text-align: left;\" align=\"center\"><span style=\"font-family: Times New roman, serif;\"><span style=\"font-size: large;\">Entrada: 10 euros. <\/span><\/span><\/p>\n<p class=\"western\" style=\"text-align: left;\" align=\"center\"><span style=\"font-family: Times New roman, serif;\"><span style=\"font-size: medium;\">A la venta en canales habituales de Auditorio Baluarte; Taquilla, Tel\u00e9fono y p\u00e1gina web.<\/span><\/span><\/p>\n<p class=\"western\" style=\"text-align: left;\" align=\"center\"><span style=\"color: #000080;\"><span lang=\"zxx\"><u><a href=\"https:\/\/www.bacantix.com\/Entradas\/WebForms\/Forms\/Venta.aspx?id=Baluarte&amp;codigo=000119002000331000883\"><span style=\"font-family: Times New roman, serif;\"><span style=\"font-size: medium;\">https:\/\/www.bacantix.com\/Entradas\/WebForms\/Forms\/Venta.aspx?id=Baluarte&amp;codigo=000119002000331000883<\/span><\/span><\/a><\/u><\/span><\/span><\/p>","excerpt":"","image":{"url":"http:\/\/coraldecamaradenavarra.com\/wp-content\/uploads\/2018\/10\/jlsde.png","id":2253,"extension":"png","width":452,"height":626,"sizes":{"thumbnail":{"width":150,"height":150,"mime-type":"image\/png","url":"http:\/\/coraldecamaradenavarra.com\/wp-content\/uploads\/2018\/10\/jlsde-150x150.png"},"medium":{"width":217,"height":300,"mime-type":"image\/png","url":"http:\/\/coraldecamaradenavarra.com\/wp-content\/uploads\/2018\/10\/jlsde-217x300.png"},"photoswipe_thumbnails":{"width":217,"height":300,"mime-type":"image\/png","url":"http:\/\/coraldecamaradenavarra.com\/wp-content\/uploads\/2018\/10\/jlsde-217x300.png"},"noo-thumbnail-square":{"width":452,"height":450,"mime-type":"image\/png","url":"http:\/\/coraldecamaradenavarra.com\/wp-content\/uploads\/2018\/10\/jlsde-452x450.png"}}},"all_day":false,"start_date":"2018-10-14 19:00:00","start_date_details":{"year":"2018","month":"10","day":"14","hour":"19","minutes":"00","seconds":"00"},"end_date":"2018-10-14 20:30:00","end_date_details":{"year":"2018","month":"10","day":"14","hour":"20","minutes":"30","seconds":"00"},"utc_start_date":"2018-10-14 19:00:00","utc_start_date_details":{"year":"2018","month":"10","day":"14","hour":"19","minutes":"00","seconds":"00"},"utc_end_date":"2018-10-14 20:30:00","utc_end_date_details":{"year":"2018","month":"10","day":"14","hour":"20","minutes":"30","seconds":"00"},"timezone":"UTC+0","timezone_abbr":"","cost":"10\u20ac","cost_details":{"currency_symbol":"","currency_position":"suffix","values":["10"]},"website":"","show_map":true,"show_map_link":true,"hide_from_listings":false,"sticky":false,"featured":false,"categories":[{"name":"CONCIERTOS","slug":"conciertos","taxonomy":"tribe_events_cat","description":"","parent":0,"count":81,"id":16,"url":"http:\/\/coraldecamaradenavarra.com\/?tribe_events_cat=conciertos"},{"name":"Encantando Baluarte","slug":"encantando-baluarte","taxonomy":"tribe_events_cat","description":"","parent":0,"count":12,"id":342,"url":"http:\/\/coraldecamaradenavarra.com\/?tribe_events_cat=encantando-baluarte"}],"tags":[],"venue":{"id":2258,"author":"3","date":"2018-10-22 17:13:52","date_utc":"2018-10-22 17:13:52","modified":"2018-10-22 17:13:52","modified_utc":"2018-10-22 17:13:52","url":"http:\/\/coraldecamaradenavarra.com\/?tribe_venue=auditorio-baluarte","venue":"Auditorio Baluarte","show_map":true,"show_map_link":true,"address":"Plaza Baluarte, sn","city":"Pamplona - Iru\u00f1a","country":"Spain","province":"Navarra","zip":"31002","phone":"948 066 060","website":"http:\/\/www.baluarte.com\/","stateprovince":"Navarra","global_id":"coraldecamaradenavarra.com?id=2258","global_id_lineage":["coraldecamaradenavarra.com?id=2258"]},"organizer":[]},{"id":2259,"global_id":"coraldecamaradenavarra.com?id=2259","global_id_lineage":["coraldecamaradenavarra.com?id=2259"],"author":"3","date":"2018-10-22 17:38:25","date_utc":"2018-10-22 17:38:25","modified":"2018-10-22 17:38:25","modified_utc":"2018-10-22 17:38:25","url":"http:\/\/coraldecamaradenavarra.com\/?tribe_events=first-leap&lang=es","rest_url":"http:\/\/coraldecamaradenavarra.com\/index.php?rest_route=\/tribe\/events\/v1\/events\/2259","title":"FIRST LEAP","description":"<p class=\"western\" style=\"text-align: left;\" align=\"center\"><span style=\"font-family: Times New roman, serif;\"><span style=\"font-size: large;\"><b>FIRST LEAP<br \/>\n<\/b><\/span><\/span><\/p>\n<p class=\"western\" style=\"text-align: left;\" align=\"center\"><span style=\"font-family: Times New roman, serif;\"><span style=\"font-size: large;\"><b>Jazzy Leap &amp; Jazzy Leap Band<\/b><\/span><\/span><\/p>\n<p class=\"western\" style=\"text-align: left;\" align=\"center\"><span style=\"font-family: Times New roman, serif;\"><span style=\"font-size: large;\">Viernes 16 de noviembre \u2013 20:00 h<\/span><\/span><\/p>\n<p class=\"western\" style=\"text-align: left;\" align=\"center\"><span style=\"font-family: Times New roman, serif;\"><span style=\"font-size: large;\">Itsas etxea auditoriuma &#8211; Hondarribi<\/span><\/span><\/p>\n<p class=\"western\" style=\"text-align: left;\" align=\"center\">Encantando On Tour<\/p>\n<p class=\"western\" style=\"text-align: left;\" align=\"center\"><span style=\"font-family: Times New roman, serif;\"><span style=\"font-size: large;\">Entrada: 5 euros<\/span><\/span><\/p>\n<p class=\"western\" style=\"text-align: left;\" align=\"center\"><span style=\"font-family: Times New roman, serif;\"><span style=\"font-size: medium;\">\u00a0<\/span><\/span><\/p>","excerpt":"","image":{"url":"http:\/\/coraldecamaradenavarra.com\/wp-content\/uploads\/2018\/10\/jlhodarribi.png","id":2260,"extension":"png","width":483,"height":616,"sizes":{"thumbnail":{"width":150,"height":150,"mime-type":"image\/png","url":"http:\/\/coraldecamaradenavarra.com\/wp-content\/uploads\/2018\/10\/jlhodarribi-150x150.png"},"medium":{"width":235,"height":300,"mime-type":"image\/png","url":"http:\/\/coraldecamaradenavarra.com\/wp-content\/uploads\/2018\/10\/jlhodarribi-235x300.png"},"photoswipe_thumbnails":{"width":235,"height":300,"mime-type":"image\/png","url":"http:\/\/coraldecamaradenavarra.com\/wp-content\/uploads\/2018\/10\/jlhodarribi-235x300.png"},"noo-thumbnail-square":{"width":483,"height":450,"mime-type":"image\/png","url":"http:\/\/coraldecamaradenavarra.com\/wp-content\/uploads\/2018\/10\/jlhodarribi-483x450.png"}}},"all_day":false,"start_date":"2018-11-16 20:00:00","start_date_details":{"year":"2018","month":"11","day":"16","hour":"20","minutes":"00","seconds":"00"},"end_date":"2018-11-16 21:30:00","end_date_details":{"year":"2018","month":"11","day":"16","hour":"21","minutes":"30","seconds":"00"},"utc_start_date":"2018-11-16 20:00:00","utc_start_date_details":{"year":"2018","month":"11","day":"16","hour":"20","minutes":"00","seconds":"00"},"utc_end_date":"2018-11-16 21:30:00","utc_end_date_details":{"year":"2018","month":"11","day":"16","hour":"21","minutes":"30","seconds":"00"},"timezone":"UTC+0","timezone_abbr":"","cost":"5\u20ac","cost_details":{"currency_symbol":"","currency_position":"suffix","values":["5"]},"website":"","show_map":true,"show_map_link":true,"hide_from_listings":false,"sticky":false,"featured":false,"categories":[{"name":"CONCIERTOS","slug":"conciertos","taxonomy":"tribe_events_cat","description":"","parent":0,"count":81,"id":16,"url":"http:\/\/coraldecamaradenavarra.com\/?tribe_events_cat=conciertos"},{"name":"Encantando On Tour 18\/19","slug":"encantando-on-tour-1819","taxonomy":"tribe_events_cat","description":"","parent":0,"count":12,"id":341,"url":"http:\/\/coraldecamaradenavarra.com\/?tribe_events_cat=encantando-on-tour-1819"}],"tags":[],"venue":{"id":2262,"author":"3","date":"2018-10-22 17:38:25","date_utc":"2018-10-22 17:38:25","modified":"2018-10-22 17:38:25","modified_utc":"2018-10-22 17:38:25","url":"http:\/\/coraldecamaradenavarra.com\/?tribe_venue=itsas-etxea-auditoriuma","venue":"Itsas Etxea Auditoriuma","show_map":true,"show_map_link":true,"address":"Matxin Arzu Kalea, 1","city":"Hondarribi","country":"Spain","province":"Guipuzcoa","zip":"20280","phone":"943 11 12 83","website":"http:\/\/www.hondarribia.eus\/es\/inicio","stateprovince":"Guipuzcoa","global_id":"coraldecamaradenavarra.com?id=2262","global_id_lineage":["coraldecamaradenavarra.com?id=2262"]},"organizer":[]}],"rest_url":"http:\/\/coraldecamaradenavarra.com\/index.php?rest_route=\/tribe\/events\/v1\/events\/","next_rest_url":"http:\/\/coraldecamaradenavarra.com\/index.php?rest_route=%2Ftribe%2Fevents%2Fv1%2Fevents%2F&page=2","total":91,"total_pages":10}